{"id":157854,"date":"2024-11-06T21:46:39","date_gmt":"2024-11-06T21:46:39","guid":{"rendered":"https:\/\/www.ole.com.ar\/ascenso\/ascenso-primera-nacional-aldosivi-campeon-nicolas-lamendola-liga-profesional_0_njmZpxtzXu.html"},"modified":"2024-11-06T21:46:39","modified_gmt":"2024-11-06T21:46:39","slug":"nicolas-lamendola-heroe-de-aldosivi-con-ole-el-gol-fue-especial-por-la-final-y-por-el-rival","status":"publish","type":"post","link":"http:\/\/cordobadirecto.com\/index.php\/2024\/11\/06\/nicolas-lamendola-heroe-de-aldosivi-con-ole-el-gol-fue-especial-por-la-final-y-por-el-rival\/","title":{"rendered":"Nicol\u00e1s Lam\u00e9ndola, h\u00e9roe de Aldosivi, con Ol\u00e9: &#8220;El gol fue especial por la final y por el rival&#8221;"},"content":{"rendered":"<p><time class=\"createDate\" datetime=\"2024-11-05T17:51:46-03:00\">05\/11\/2024 17:51hs.<\/time><\/p>\n<div id=\"storyBody\">\n<div class=\"custom-text \" readability=\"38\">\n<p><strong>Qued\u00f3 en la historia grande de Aldosivi y lo sabe<\/strong>. Claro, porque gracias a su tempranero grito en la tarde de domingo en el Gigante de Arroyito, <strong>el Tibur\u00f3n pas\u00f3 al frente en la final y dio el primer paso hacia el tan ansiado ascenso a la Liga Profesional 2025<\/strong>, que llegar\u00eda una hora m\u00e1s tarde en la calurosa tarde de Rosario. <\/p>\n<\/div>\n<div class=\"custom-text \" readability=\"38\">\n<p><strong>Ese es Nicol\u00e1s Lam\u00e9ndola<\/strong>, atacante de 25 a\u00f1os, surgido de las inferiores de Atl\u00e9tico Tucum\u00e1n (y fue verdugo de San Mart\u00edn, su cl\u00e1sico) y<strong> referente de este Aldosivi que subi\u00f3 a la \u00e9lite del f\u00fatbol argentino por tercera vez en diez a\u00f1os<\/strong>. El protagonista en cuesti\u00f3n dialog\u00f3 con <strong>Ol\u00e9<\/strong> luego de la consagraci\u00f3n. <\/p>\n<\/div>\n<p><h2><strong>Las sensaciones post ascenso, un balance del a\u00f1o y las claves del duelo con San Mart\u00edn<\/strong><\/h2>\n<\/p>\n<div class=\"custom-text \" readability=\"37\">\n<p>&#8220;Las sensaciones un poco m\u00e1s en fr\u00edo son incre\u00edbles.<strong> <\/strong>Reci\u00e9n ahora, que baj\u00f3 un poco la eufor\u00eda<strong>, estoy cayendo en la realidad de que somos campeones y quedamos en la historia de un club<\/strong>. Es algo \u00fanico y muy especial realmente&#8221;, comenz\u00f3 el tucumano.<\/p>\n<\/div>\n<div class=\"custom-text \" readability=\"39\">\n<p>&#8220;\u00bfQu\u00e9 nos dio llegar a la final de forma ag\u00f3nica? No s\u00e9 si describirlo como un envi\u00f3n an\u00edmico, pero <strong>la realidad es que nosotros estuvimos compitiendo al 100% y en un nivel alto hasta la \u00faltima fecha.<\/strong> Eso nos ayud\u00f3. Ellos (San Mart\u00edn) <strong>llegaron un poco m\u00e1s relajados <\/strong>porque, al ya estar clasificados, los \u00faltimos partidos bajaron un poco el ritmo.&#8221;, reflexion\u00f3 Lam\u00e9ndola acerca de c\u00f3mo lleg\u00f3 cada equipo al match. <\/p>\n<\/div>\n<div class=\"custom-text \" readability=\"36\">\n<p>&#8220;<strong>A este Aldosivi lo describo como un equipo con mucho coraz\u00f3n y mucha entrega. Un equipo muy guerrero<\/strong>. Somos un grupo muy lindo. Nos preparamos todos igual: los titulares, suplentes y hasta los chicos que capaz no les toc\u00f3 jugar tanto. Eso nos dio un plus&#8221;, sentenci\u00f3 el 11.<\/p>\n<\/div>\n<div class=\"sc-e7b891c4-0 ifHnQL image-embed\"><img alt=\"Los festejos de Aldosivi campe\u00f3n (Foto: Sebastian Granata - FTP CLARIN)\" loading=\"lazy\" width=\"720\" height=\"100\" decoding=\"async\" data-nimg=\"1\" src=\"http:\/\/cordobadirecto.com\/wp-content\/uploads\/2024\/11\/nicolas-lamendola-heroe-de-aldosivi-con-ole-el-gol-fue-especial-por-la-final-y-por-el-rival.jpg\"><span class=\"epigraphe\">Los festejos de Aldosivi campe\u00f3n (Foto: Sebastian Granata &#8211; FTP CLARIN)<\/span><\/div>\n<div class=\"custom-text \" readability=\"40\">\n<p>&#8220;Uno siempre sue\u00f1a y fantasea con que los partidos se den as\u00ed: irse 2-0 al entretiempo, c\u00f3modo, tranquilos. De hecho,<strong> en la previa, con un compa\u00f1ero hab\u00edamos dicho que ser\u00eda clave ir ganando en el primer tiempo.<\/strong> Pero despu\u00e9s no suele pasar eso. Ac\u00e1 todos dimos el 110% y fue la clave para terminar as\u00ed el partido. <strong>Tenemos un equipo muy completo y fuimos justos ganadores<\/strong>.&#8221;, afirm\u00f3 el delantero del Tibur\u00f3n. <\/p>\n<\/div>\n<p><h2><strong>El gol en la final con un condimento especial&#8230;<\/strong><\/h2>\n<\/p>\n<div class=\"custom-text \" readability=\"36\">\n<p><strong>&#8220;Creo que ni en mis mejores sue\u00f1os imagin\u00e9 algo tan lindo como hacer el gol en la final<\/strong>. Encima fue en el arco donde estaba la gente de Aldosivi. Y como si fuera poco tuve el plus de que estaba mi familia en la cancha. Fue incre\u00edble, sensacional.&#8221;, expres\u00f3 el h\u00e9roe de Aldosivi.<\/p>\n<\/div>\n<div class=\"sc-e7b891c4-0 ifHnQL image-embed\"><img alt=\"Lam\u00e9ndola anot\u00f3 el 1-0 para Aldosivi en la final (Foto: Seba Granata)\" loading=\"lazy\" width=\"720\" height=\"100\" decoding=\"async\" data-nimg=\"1\" src=\"http:\/\/cordobadirecto.com\/wp-content\/uploads\/2024\/11\/nicolas-lamendola-heroe-de-aldosivi-con-ole-el-gol-fue-especial-por-la-final-y-por-el-rival-1.jpg\"><span class=\"epigraphe\">Lam\u00e9ndola anot\u00f3 el 1-0 para Aldosivi en la final (Foto: Seba Granata)<\/span><\/div>\n<div class=\"custom-text \" readability=\"39\">\n<p>&#8220;Haberlo hecho en un partido as\u00ed tiene un condimento especial. <strong>Y la verdad es que el rival, al haber salido de Atl\u00e9tico Tucum\u00e1n, tambi\u00e9n tiene importancia<\/strong>. Hab\u00eda recibido muchos mensajes de gente del Deca. Despu\u00e9s me escribieron hasta ex compa\u00f1eros, todo. Fue emotivo&#8221;, cerr\u00f3 el ex Atl\u00e9tico. <\/p>\n<\/div>\n<p><h2><strong>El trabajo de Andr\u00e9s Yllana, su futuro y un mensaje para la gente de Aldosivi<\/strong><\/h2>\n<\/p>\n<div class=\"custom-text \" readability=\"38\">\n<p><strong>&#8220;Andr\u00e9s (Yllana) tuvo mucho que ver en el armado del equipo. <\/strong>D\u00eda a d\u00eda nos fue inculcando la idea de jugar que \u00e9l quer\u00eda. Para m\u00ed, \u00e9l estaba siempre dos pasos adelante. <strong>En la previa nos dijo que el partido iba a ser de una manera y fue tal cual.<\/strong> Le tengo mucho cari\u00f1o porque mostr\u00f3 mucho inter\u00e9s en traerme y tener esa confianza me hizo muy bien&#8221;, dijo sobre el det\u00e9, a qui\u00e9n describi\u00f3 como &#8220;el gran protagonista de todo esto&#8221;. <\/p>\n<\/div>\n<div class=\"sc-e7b891c4-0 ifHnQL image-embed\"><img alt=\"El delantero destac\u00f3 el trabajo de Andr\u00e9s Yllana ( Foto: @clubaldosivi.)\" loading=\"lazy\" width=\"720\" height=\"100\" decoding=\"async\" data-nimg=\"1\" src=\"http:\/\/cordobadirecto.com\/wp-content\/uploads\/2024\/11\/nicolas-lamendola-heroe-de-aldosivi-con-ole-el-gol-fue-especial-por-la-final-y-por-el-rival-2.jpg\"><span class=\"epigraphe\">El delantero destac\u00f3 el trabajo de Andr\u00e9s Yllana ( Foto: @clubaldosivi.)<\/span><\/div>\n<div class=\"custom-text \" readability=\"34\">\n<p>Sobre su continuidad en el conjunto marplatense fue claro: &#8220;Lo que venga en el futuro la verdad es que no depende mucho de m\u00ed. <strong>Me gustar\u00eda poder seguir.<\/strong> Ascender y quedar en la historia es incre\u00edble. La gente me quiere y es mutuo. No veo con malos ojos quedarme ac\u00e1.&#8221;<\/p>\n<\/div>\n<div class=\"custom-text \" readability=\"38\">\n<p>Con respecto a la gente, agradecimiento total: &#8220;Era una situaci\u00f3n at\u00edpica: fin de mes, no se sab\u00eda d\u00f3nde se iba a jugar, se compr\u00f3 todo a \u00faltimo momento. La verdad es que todo el a\u00f1o tuvimos su apoyo y fue incre\u00edble lo de Rosario. <strong>Gracias a todos, eso es lo que tengo para decirles.&#8221;<\/strong><\/p>\n<\/div>\n<div class=\"sc-a7166897-0 eoLsBE\" readability=\"6\">\n<section readability=\"2\"><picture><img alt=\"La sorpresiva ausencia en la lista de convocados que hizo ruido en el Mundo Boca\" loading=\"lazy\" width=\"290\" height=\"290\" decoding=\"async\" data-nimg=\"1\" src=\"http:\/\/cordobadirecto.com\/wp-content\/uploads\/2024\/11\/nicolas-lamendola-heroe-de-aldosivi-con-ole-el-gol-fue-especial-por-la-final-y-por-el-rival-3.jpg\"><\/picture>\n<p><span>Mir\u00e1 tambi\u00e9n<\/span><\/p>\n<hr>\n<h3>La sorpresiva ausencia en la lista de convocados que hizo ruido en el Mundo Boca<\/h3>\n<\/p>\n<\/section>\n<\/div>\n<div class=\"sc-a7166897-0 eoLsBE\" readability=\"6\">\n<section readability=\"2\"><picture><img alt=\"El campe\u00f3n con Boca e integrante del Hurac\u00e1n de Cappa que colg\u00f3 los botines\" loading=\"lazy\" width=\"290\" height=\"290\" decoding=\"async\" data-nimg=\"1\" src=\"http:\/\/cordobadirecto.com\/wp-content\/uploads\/2024\/11\/nicolas-lamendola-heroe-de-aldosivi-con-ole-el-gol-fue-especial-por-la-final-y-por-el-rival-4.jpg\"><\/picture>\n<p><span>Mir\u00e1 tambi\u00e9n<\/span><\/p>\n<hr>\n<h3>El campe\u00f3n con Boca e integrante del Hurac\u00e1n de Cappa que colg\u00f3 los botines<\/h3>\n<\/p>\n<\/section>\n<\/div>\n<div class=\"sc-a7166897-0 eoLsBE\" readability=\"6\">\n<section readability=\"2\"><picture><img alt=\"Colidio y la vuelta a un estadio en el que vivi\u00f3 una noche \u00fanica en su vida\" loading=\"lazy\" width=\"290\" height=\"290\" decoding=\"async\" data-nimg=\"1\" src=\"http:\/\/cordobadirecto.com\/wp-content\/uploads\/2024\/11\/nicolas-lamendola-heroe-de-aldosivi-con-ole-el-gol-fue-especial-por-la-final-y-por-el-rival-5.jpg\"><\/picture>\n<p><span>Mir\u00e1 tambi\u00e9n<\/span><\/p>\n<hr>\n<h3>Colidio y la vuelta a un estadio en el que vivi\u00f3 una noche \u00fanica en su vida<\/h3>\n<\/p>\n<\/section>\n<\/div>\n<div class=\"sc-a7166897-0 eoLsBE\" readability=\"7\">\n<section readability=\"4\"><picture><img alt=\"Formaci\u00f3n de Racing ante Barracas con mayor\u00eda de titulares, un descanso confirmado y \u00bfJuanfer?\" loading=\"lazy\" width=\"290\" height=\"290\" decoding=\"async\" data-nimg=\"1\" src=\"http:\/\/cordobadirecto.com\/wp-content\/uploads\/2024\/11\/nicolas-lamendola-heroe-de-aldosivi-con-ole-el-gol-fue-especial-por-la-final-y-por-el-rival-6.jpg\"><\/picture>\n<p><span>Mir\u00e1 tambi\u00e9n<\/span><\/p>\n<hr>\n<h3>Formaci\u00f3n de Racing ante Barracas con mayor\u00eda de titulares, un descanso confirmado y \u00bfJuanfer?<\/h3>\n<\/p>\n<\/section>\n<\/div>\n<\/div>\n","protected":false},"excerpt":{"rendered":"<p>05\/11\/2024 17:51hs. Qued\u00f3 en la historia grande de Aldosivi y lo sabe. Claro, porque gracias a su tempranero grito en la tarde de domingo en el Gigante de Arroyito, el Tibur\u00f3n pas\u00f3 al frente en la final y dio el primer paso hacia el tan ansiado ascenso a la Liga Profesional 2025, que llegar\u00eda una [&hellip;]<\/p>\n","protected":false},"author":1,"featured_media":157855,"comment_status":"closed","ping_status":"closed","sticky":false,"template":"","format":"standard","meta":[],"categories":[21],"tags":[],"_links":{"self":[{"href":"http:\/\/cordobadirecto.com\/index.php\/wp-json\/wp\/v2\/posts\/157854"}],"collection":[{"href":"http:\/\/cordobadirecto.com\/index.php\/wp-json\/wp\/v2\/posts"}],"about":[{"href":"http:\/\/cordobadirecto.com\/index.php\/wp-json\/wp\/v2\/types\/post"}],"author":[{"embeddable":true,"href":"http:\/\/cordobadirecto.com\/index.php\/wp-json\/wp\/v2\/users\/1"}],"replies":[{"embeddable":true,"href":"http:\/\/cordobadirecto.com\/index.php\/wp-json\/wp\/v2\/comments?post=157854"}],"version-history":[{"count":0,"href":"http:\/\/cordobadirecto.com\/index.php\/wp-json\/wp\/v2\/posts\/157854\/revisions"}],"wp:featuredmedia":[{"embeddable":true,"href":"http:\/\/cordobadirecto.com\/index.php\/wp-json\/wp\/v2\/media\/157855"}],"wp:attachment":[{"href":"http:\/\/cordobadirecto.com\/index.php\/wp-json\/wp\/v2\/media?parent=157854"}],"wp:term":[{"taxonomy":"category","embeddable":true,"href":"http:\/\/cordobadirecto.com\/index.php\/wp-json\/wp\/v2\/categories?post=157854"},{"taxonomy":"post_tag","embeddable":true,"href":"http:\/\/cordobadirecto.com\/index.php\/wp-json\/wp\/v2\/tags?post=157854"}],"curies":[{"name":"wp","href":"https:\/\/api.w.org\/{rel}","templated":true}]}}