{"id":157862,"date":"2024-11-06T22:05:39","date_gmt":"2024-11-06T22:05:39","guid":{"rendered":"https:\/\/cordoba.gob.ar\/?p=63720"},"modified":"2024-11-06T22:05:39","modified_gmt":"2024-11-06T22:05:39","slug":"el-mac-2024-reunira-a-mas-de-50-galerias-en-el-complejo-ferial","status":"publish","type":"post","link":"http:\/\/cordobadirecto.com\/index.php\/2024\/11\/06\/el-mac-2024-reunira-a-mas-de-50-galerias-en-el-complejo-ferial\/","title":{"rendered":"El MAC 2024 reunir\u00e1 a m\u00e1s de 50 galer\u00edas en el Complejo Ferial"},"content":{"rendered":"<div><img src=\"http:\/\/cordobadirecto.com\/wp-content\/uploads\/2024\/11\/el-mac-2024-reunira-a-mas-de-50-galerias-en-el-complejo-ferial.jpg\" class=\"ff-og-image-inserted\"><\/div>\n<ul>\n<li><strong><strong>Ser\u00e1 del 7 al 10 de noviembre, bajo la curadur\u00eda de Roberto Echen, con un enfoque en los conceptos \u201cArte y Valor\u201d.<\/strong><\/strong><br \/>\n<hr>\n<\/li>\n<\/ul>\n<p>Del 7 al 10 de noviembre, tendr\u00e1 lugar el Mercado de Arte Contempor\u00e1neo C\u00f3rdoba (MAC) 2024, una propuesta gratuita impulsada por la Municipalidad de C\u00f3rdoba, a trav\u00e9s de la Secretar\u00eda de Cultura y Comunicaci\u00f3n.<\/p>\n<p>Reunir\u00e1 en el Complejo Ferial de C\u00f3rdoba a 54 galer\u00edas y espacios art\u00edsticos, ofreciendo una amplia muestra del arte contempor\u00e1neo nacional e internacional.<\/p>\n<p>La feria, que celebra su und\u00e9cima edici\u00f3n, destaca como uno de los eventos culturales m\u00e1s esperados en la regi\u00f3n, con una convocatoria abierta que permiti\u00f3 la participaci\u00f3n de galer\u00edas consagradas y emergentes seleccionadas por un jurado conformado por Alejandra Peri\u00e9, Claudia Lamas, Nicole Moises, Diego Obligado y Agust\u00edn Bertona.<\/p>\n<p>Bajo la curadur\u00eda de Roberto Echen, propone un espacio de exploraci\u00f3n para coleccionistas, artistas y p\u00fablico en general, promoviendo el di\u00e1logo y la interacci\u00f3n en torno a los nuevos lenguajes del arte contempor\u00e1neo.<\/p>\n<p>El recorrido curatorial se construy\u00f3 en torno a los conceptos de \u201cArte y Valor\u201d, no desde un determinismo afirmativo que declare \u201cEl valor del arte\u201d, sino poniendo en paralelo, confrontando, igualando y separando los dos t\u00e9rminos.<\/p>\n<p><strong>Los cuatros ejes del MAC 2024<\/strong><\/p>\n<p>El evento se estructura en cuatro trayectos curatoriales que reflejan los enfoques y pr\u00e1cticas de las propuestas seleccionadas.<\/p>\n<p>El primero de estos trayectos, \u201cEl valor de lo social y lo pol\u00edtico\u201d, aborda c\u00f3mo los espacios art\u00edsticos reflejan y establecen conexiones con los contextos de producci\u00f3n, visibilizaci\u00f3n y circulaci\u00f3n de las obras. Aqu\u00ed, la pol\u00edtica se entiende no s\u00f3lo en t\u00e9rminos de contenido, sino en las formas de articulaci\u00f3n y manifestaci\u00f3n de los espacios participantes.<\/p>\n<p>\u201cEl valor de la tradici\u00f3n en la materialidad\u201d es otro de los ejes que destacan, subrayando la diversidad de materiales y su capacidad para enlazar con tradiciones tanto emergentes como arraigadas.<\/p>\n<p>El tercer trayecto, \u201cEl valor de la historia y lo disciplinar\u201d, explora la producci\u00f3n art\u00edstica que se nutre de la historia y, a la vez, desaf\u00eda sus l\u00edmites para generar experiencias transdisciplinares, reuniendo propuestas emergentes y figuras de renombre internacional.<\/p>\n<p>Por \u00faltimo, \u201cEl valor de los lenguajes y su diversidad\u201d celebra la multiplicidad de expresiones art\u00edsticas que caracterizan la contemporaneidad, resaltando la capacidad de los artistas para transitar distintos modos y lenguajes.<\/p>\n<p>Para m\u00e1s informaci\u00f3n, ingresar a este <a href=\"https:\/\/drive.google.com\/file\/d\/1AC5LpcShWxijvgm0PJXui37LFYLXSy_0\/view\" target=\"_blank\" rel=\"noopener\">enlace<\/a>.<\/p>\n<p><strong>Qu\u00e9 m\u00e1s se podr\u00e1 encontrar en el Complejo Ferial<\/strong><\/p>\n<p>La Feria se complementar\u00e1 con la participaci\u00f3n de la Tienda Creativa de la Ciudad de la Secretar\u00eda de Comunicaci\u00f3n y Cultura municipal, con productos de dise\u00f1o especialmente seleccionados para esta edici\u00f3n; la Universidad Nacional de C\u00f3rdoba; y la Universidad Provincial de C\u00f3rdoba.<\/p>\n<p>La UNC exhibir\u00e1 una selecci\u00f3n de obras de peque\u00f1o formato creadas por estudiantes del \u00faltimo a\u00f1o de la Facultad de Artes; y la UPC tendr\u00e1 propuestas de alumnos de la Facultad de Arte y Dise\u00f1o.<\/p>\n<p>Tambi\u00e9n estar\u00e1n presentes la Agencia C\u00f3rdoba Cultura, con una muestra de Carlos Alonso \u201cManos An\u00f3nimas I\u201d, perteneciente a la colecci\u00f3n de la Provincia; el Museo Rodante, un veh\u00edculo cultural con 16 obras del mismo artista; y la Casa de C\u00f3rdoba que presentar\u00e1 la exposici\u00f3n \u00abFormas que se buscan\u00bb, del artista Diego Rainaudo.<\/p>\n","protected":false},"excerpt":{"rendered":"<p>Ser\u00e1 del 7 al 10 de noviembre, bajo la curadur\u00eda de Roberto Echen, con un enfoque en los conceptos \u201cArte y Valor\u201d. Del 7 al 10 de noviembre, tendr\u00e1 lugar el Mercado de Arte Contempor\u00e1neo C\u00f3rdoba (MAC) 2024, una propuesta gratuita impulsada por la Municipalidad de C\u00f3rdoba, a trav\u00e9s de la Secretar\u00eda de Cultura y [&hellip;]<\/p>\n","protected":false},"author":1,"featured_media":157863,"comment_status":"closed","ping_status":"closed","sticky":false,"template":"","format":"standard","meta":[],"categories":[44],"tags":[],"_links":{"self":[{"href":"http:\/\/cordobadirecto.com\/index.php\/wp-json\/wp\/v2\/posts\/157862"}],"collection":[{"href":"http:\/\/cordobadirecto.com\/index.php\/wp-json\/wp\/v2\/posts"}],"about":[{"href":"http:\/\/cordobadirecto.com\/index.php\/wp-json\/wp\/v2\/types\/post"}],"author":[{"embeddable":true,"href":"http:\/\/cordobadirecto.com\/index.php\/wp-json\/wp\/v2\/users\/1"}],"replies":[{"embeddable":true,"href":"http:\/\/cordobadirecto.com\/index.php\/wp-json\/wp\/v2\/comments?post=157862"}],"version-history":[{"count":0,"href":"http:\/\/cordobadirecto.com\/index.php\/wp-json\/wp\/v2\/posts\/157862\/revisions"}],"wp:featuredmedia":[{"embeddable":true,"href":"http:\/\/cordobadirecto.com\/index.php\/wp-json\/wp\/v2\/media\/157863"}],"wp:attachment":[{"href":"http:\/\/cordobadirecto.com\/index.php\/wp-json\/wp\/v2\/media?parent=157862"}],"wp:term":[{"taxonomy":"category","embeddable":true,"href":"http:\/\/cordobadirecto.com\/index.php\/wp-json\/wp\/v2\/categories?post=157862"},{"taxonomy":"post_tag","embeddable":true,"href":"http:\/\/cordobadirecto.com\/index.php\/wp-json\/wp\/v2\/tags?post=157862"}],"curies":[{"name":"wp","href":"https:\/\/api.w.org\/{rel}","templated":true}]}}