{"id":157900,"date":"2024-11-07T21:53:35","date_gmt":"2024-11-07T21:53:35","guid":{"rendered":"https:\/\/www.ole.com.ar\/ascenso\/ascenso-primera-nacionalchacarita-manuel-fernandez-dt_0_9NERKJWm8I.html"},"modified":"2024-11-07T21:53:35","modified_gmt":"2024-11-07T21:53:35","slug":"otro-mas-chacarita-se-quedo-sin-entrenador","status":"publish","type":"post","link":"http:\/\/cordobadirecto.com\/index.php\/2024\/11\/07\/otro-mas-chacarita-se-quedo-sin-entrenador\/","title":{"rendered":"Otro m\u00e1s: Chacarita se qued\u00f3 sin entrenador"},"content":{"rendered":"<p><time class=\"createDate\" datetime=\"2024-11-07T17:55:25-03:00\">07\/11\/2024 17:55hs.<\/time><\/p>\n<div id=\"storyBody\">\n<div class=\"custom-text \" readability=\"36.99706744868\">\n<p><strong>Un a\u00f1o para el olvido y decepcionante. As\u00ed se puede describir el 2024 de <a href=\"https:\/\/www.ole.com.ar\/tema\/chacarita.html\" title=\"Chacarita\" alt=\"Chacarita\" class=\"slug\">Chacarita<\/a><\/strong>. Tras una gran 2023, donde se qued\u00f3 en las puertas de volver a Primera, esta temporada fue todo lo contrario: pese a contar con un presupuesto elevado y contar con nombres de jerarqu\u00eda para la categor\u00eda,<strong> en San Mart\u00edn la pelea fue la de la permanencia. <\/strong><\/p>\n<\/div>\n<div class=\"custom-text \" readability=\"35\">\n<p>Todo esto desencaden\u00f3 en una decisi\u00f3n previsible desde la fecha 36, cuando el Funebrero se salv\u00f3 del descenso:<strong> Manuel Fern\u00e1ndez dej\u00f3 de ser el entrenador de Chacarita <\/strong>a tan solo tres meses y medio de su llegada. <\/p>\n<\/div>\n<div class=\"sc-e7b891c4-0 ifHnQL image-embed\"><img alt=\"Manuel Fern\u00e1ndez no sigue en el Funebrero (Prensa Chacarita)\" loading=\"lazy\" width=\"720\" height=\"100\" decoding=\"async\" data-nimg=\"1\" src=\"http:\/\/cordobadirecto.com\/wp-content\/uploads\/2024\/11\/otro-mas-chacarita-se-quedo-sin-entrenador.jpg\"><span class=\"epigraphe\">Manuel Fern\u00e1ndez no sigue en el Funebrero (Prensa Chacarita)<\/span><\/div>\n<div class=\"custom-text \" readability=\"41\">\n<p>Con respecto al reemplazante,<strong> hay varios nombres dando vueltas. Varios de ellos que a\u00fan tienen trabajo <\/strong>(Alfredo Grelak, que est\u00e1 al mando de San Telmo, por ejemplo), pero a\u00fan no hay definiciones. El plantel est\u00e1 licenciado hasta la semana pr\u00f3xima; en principio,<strong> los players regresar\u00edan a los entrenamientos bajo la tutela de Marcelo Venturelli o Cristian Milla, DT de Reserva.<\/strong><\/p>\n<\/div>\n<p><h2><strong>El tercero no fue el vencido<\/strong><\/h2>\n<\/p>\n<div class=\"custom-text \" readability=\"41\">\n<p>As\u00ed, el ex det\u00e9 de Ferro, se convirti\u00f3 en el tercer entrenador que pas\u00f3 por la instituci\u00f3n de Villa Maip\u00fa: <strong>Anibal Biggeri comenz\u00f3 el a\u00f1o y se mantuvo hasta la fecha 23 (<\/strong>ocho triunfos, seis empates y nueve ca\u00eddas). Posteriormente<strong> fue reemplazado por la dupla Marcelo Venturelli &#8211; Claudio Batalla<\/strong>, coordinadores de Divisiones Juveniles, que asumieron de forma interina y cosecharon un punto sobre seis posibles. <strong> Ahora, pas\u00f3 el turno de Manuel Fern\u00e1ndez.<\/strong><\/p>\n<\/div>\n<p><h2><strong>El comunicado del Club<\/strong><\/h2>\n<\/p>\n<div class=\"custom-text \" readability=\"38\">\n<p>&#8220;El Club Atl\u00e9tico Chacarita Juniors informa que<strong> Manuel Fern\u00e1ndez dej\u00f3 de ser el entrenador del plantel profesional.<\/strong> El v\u00ednculo se rescindi\u00f3 de com\u00fan acuerdo. Le agradecemos su labor y la de sus colaboradores, y le deseamos el mayor de los \u00e9xitos en su carrera. \u00a1Gracias, Manuel!&#8221;, expres\u00f3 Chaca en sus redes sociales. <\/p>\n<\/div>\n<div class=\"custom-embedhtml\" readability=\"6.40625\">\n<blockquote class=\"twitter-tweet\" readability=\"6.8333333333333\">\n<p lang=\"es\" dir=\"ltr\">\ud83d\udcc4 \ud835\uddd6\ud835\udde2\ud835\udde0\ud835\udde8\ud835\udde1\ud835\udddc\ud835\uddd6\ud835\uddd4\ud835\uddd7\ud835\udde2<\/p>\n<p>El Club Atl\u00e9tico Chacarita Juniors informa que Manuel Fern\u00e1ndez dej\u00f3 de ser el entrenador del plantel profesional. El v\u00ednculo se rescindi\u00f3 de com\u00fan acuerdo. <a href=\"https:\/\/t.co\/jo2ZN04567\">pic.twitter.com\/jo2ZN04567<\/a><\/p>\n<p>\u2014 Chacarita Juniors (@ChacaOficial) <a href=\"https:\/\/twitter.com\/ChacaOficial\/status\/1854315395294822515?ref_src=twsrc%5Etfw\">November 7, 2024<\/a><\/p><\/blockquote><\/div>\n<p><h2><strong>Los n\u00fameros de Manuel Fern\u00e1ndez en Chacarita<\/strong> <\/h2>\n<\/p>\n<div class=\"custom-text \" readability=\"34\">\n<p>En total fueron 13 los encuentros que dirigi\u00f3 el oriundo de Bolivar:<strong> tres triunfos, cinco empates y misma cantidad de derrotas.<\/strong> 33% de efectividad. Flojo&#8230;<\/p>\n<\/div>\n<div class=\"sc-e7b891c4-0 ifHnQL image-embed\"><img alt=\"El DT sac\u00f3 el 33% de los puntos (Prensa Chacarita)\" loading=\"lazy\" width=\"720\" height=\"100\" decoding=\"async\" data-nimg=\"1\" src=\"http:\/\/cordobadirecto.com\/wp-content\/uploads\/2024\/11\/otro-mas-chacarita-se-quedo-sin-entrenador-1.jpg\"><span class=\"epigraphe\">El DT sac\u00f3 el 33% de los puntos (Prensa Chacarita)<\/span><\/div>\n<p><h2><strong>Los otros entrenadores que dejaron su cargo tras el fin del torneo<\/strong><\/h2>\n<\/p>\n<div class=\"custom-text \">\n<ul>\n<li>Anibal Biggeri fue desvinculado de Ferro tras quedar afuera de la pelea por el Reducido. <\/li>\n<li>Cesar Monasterio se fue de Deportivo Mor\u00f3n al comienzo de la semana luego de no dar batalla por meterse en el octogonal. <\/li>\n<li>Pablo Vic\u00f3 abandon\u00f3 su cargo en Agropecuario de Carlos Casares despu\u00e9s de no ingresar a los play-offs.<\/li>\n<\/ul>\n<\/div>\n<div class=\"sc-a7166897-0 eoLsBE\" readability=\"6\">\n<section readability=\"2\"><picture><img alt=\"Independiente confirm\u00f3 el desgarro de Mancuello: \u00bfcu\u00e1nto tiempo estar\u00e1 afuera?\" loading=\"lazy\" width=\"290\" height=\"290\" decoding=\"async\" data-nimg=\"1\" src=\"http:\/\/cordobadirecto.com\/wp-content\/uploads\/2024\/11\/otro-mas-chacarita-se-quedo-sin-entrenador-2.jpg\"><\/picture>\n<p><span>Mir\u00e1 tambi\u00e9n<\/span><\/p>\n<hr>\n<h3>Independiente confirm\u00f3 el desgarro de Mancuello: \u00bfcu\u00e1nto tiempo estar\u00e1 afuera?<\/h3>\n<\/p>\n<\/section>\n<\/div>\n<div class=\"sc-a7166897-0 eoLsBE\" readability=\"6\">\n<section readability=\"2\"><picture><img alt=\"Villagra: de sus grandes n\u00fameros a empezar a ganarse el puesto en River\" loading=\"lazy\" width=\"290\" height=\"290\" decoding=\"async\" data-nimg=\"1\" src=\"http:\/\/cordobadirecto.com\/wp-content\/uploads\/2024\/11\/otro-mas-chacarita-se-quedo-sin-entrenador-3.jpg\"><\/picture>\n<p><span>Mir\u00e1 tambi\u00e9n<\/span><\/p>\n<hr>\n<h3>Villagra: de sus grandes n\u00fameros a empezar a ganarse el puesto en River<\/h3>\n<\/p>\n<\/section>\n<\/div>\n<div class=\"sc-a7166897-0 eoLsBE\" readability=\"6\">\n<section readability=\"2\"><picture><img alt=\"Por qu\u00e9 V\u00e9lez sale esta noche a jugar bajo presi\u00f3n ante Tigre\" loading=\"lazy\" width=\"290\" height=\"290\" decoding=\"async\" data-nimg=\"1\" src=\"http:\/\/cordobadirecto.com\/wp-content\/uploads\/2024\/11\/otro-mas-chacarita-se-quedo-sin-entrenador-4.jpg\"><\/picture>\n<p><span>Mir\u00e1 tambi\u00e9n<\/span><\/p>\n<hr>\n<h3>Por qu\u00e9 V\u00e9lez sale esta noche a jugar bajo presi\u00f3n ante Tigre<\/h3>\n<\/p>\n<\/section>\n<\/div>\n<div class=\"sc-a7166897-0 eoLsBE\" readability=\"6\">\n<section readability=\"2\"><picture><img alt=\"El inesperado r\u00e9cord de Saracchi en Boca y a qu\u00e9 compa\u00f1eros super\u00f3\" loading=\"lazy\" width=\"290\" height=\"290\" decoding=\"async\" data-nimg=\"1\" src=\"http:\/\/cordobadirecto.com\/wp-content\/uploads\/2024\/11\/otro-mas-chacarita-se-quedo-sin-entrenador-5.jpg\"><\/picture>\n<p><span>Mir\u00e1 tambi\u00e9n<\/span><\/p>\n<hr>\n<h3>El inesperado r\u00e9cord de Saracchi en Boca y a qu\u00e9 compa\u00f1eros super\u00f3<\/h3>\n<\/p>\n<\/section>\n<\/div>\n<\/div>\n","protected":false},"excerpt":{"rendered":"<p>07\/11\/2024 17:55hs. Un a\u00f1o para el olvido y decepcionante. As\u00ed se puede describir el 2024 de Chacarita. Tras una gran 2023, donde se qued\u00f3 en las puertas de volver a Primera, esta temporada fue todo lo contrario: pese a contar con un presupuesto elevado y contar con nombres de jerarqu\u00eda para la categor\u00eda, en San [&hellip;]<\/p>\n","protected":false},"author":1,"featured_media":157901,"comment_status":"closed","ping_status":"closed","sticky":false,"template":"","format":"standard","meta":[],"categories":[21],"tags":[],"_links":{"self":[{"href":"http:\/\/cordobadirecto.com\/index.php\/wp-json\/wp\/v2\/posts\/157900"}],"collection":[{"href":"http:\/\/cordobadirecto.com\/index.php\/wp-json\/wp\/v2\/posts"}],"about":[{"href":"http:\/\/cordobadirecto.com\/index.php\/wp-json\/wp\/v2\/types\/post"}],"author":[{"embeddable":true,"href":"http:\/\/cordobadirecto.com\/index.php\/wp-json\/wp\/v2\/users\/1"}],"replies":[{"embeddable":true,"href":"http:\/\/cordobadirecto.com\/index.php\/wp-json\/wp\/v2\/comments?post=157900"}],"version-history":[{"count":0,"href":"http:\/\/cordobadirecto.com\/index.php\/wp-json\/wp\/v2\/posts\/157900\/revisions"}],"wp:featuredmedia":[{"embeddable":true,"href":"http:\/\/cordobadirecto.com\/index.php\/wp-json\/wp\/v2\/media\/157901"}],"wp:attachment":[{"href":"http:\/\/cordobadirecto.com\/index.php\/wp-json\/wp\/v2\/media?parent=157900"}],"wp:term":[{"taxonomy":"category","embeddable":true,"href":"http:\/\/cordobadirecto.com\/index.php\/wp-json\/wp\/v2\/categories?post=157900"},{"taxonomy":"post_tag","embeddable":true,"href":"http:\/\/cordobadirecto.com\/index.php\/wp-json\/wp\/v2\/tags?post=157900"}],"curies":[{"name":"wp","href":"https:\/\/api.w.org\/{rel}","templated":true}]}}