{"id":157962,"date":"2024-11-08T17:01:34","date_gmt":"2024-11-08T17:01:34","guid":{"rendered":"https:\/\/cordoba.gob.ar\/?p=63788"},"modified":"2024-11-08T17:01:34","modified_gmt":"2024-11-08T17:01:34","slug":"las-ciudades-del-ente-conformaron-el-centro-de-operaciones-de-emergencia-metropolitano","status":"publish","type":"post","link":"http:\/\/cordobadirecto.com\/index.php\/2024\/11\/08\/las-ciudades-del-ente-conformaron-el-centro-de-operaciones-de-emergencia-metropolitano\/","title":{"rendered":"Las ciudades del Ente conformaron el Centro de Operaciones de Emergencia Metropolitano"},"content":{"rendered":"<div><img src=\"http:\/\/cordobadirecto.com\/wp-content\/uploads\/2024\/11\/las-ciudades-del-ente-conformaron-el-centro-de-operaciones-de-emergencia-metropolitano.jpg\" class=\"ff-og-image-inserted\"><\/div>\n<ul>\n<li><strong>Los cuerpos de Defensa Civil de las 16 localidades unir\u00e1n esfuerzos para trabajar en la gesti\u00f3n de riesgos clim\u00e1ticos.<\/strong><strong>Desempe\u00f1ar\u00e1n su tarea codo a codo con el Observatorio Hidro-meteorol\u00f3gico de la Provincia de C\u00f3rdoba.<\/strong><\/li>\n<\/ul>\n<hr>\n<p>Agrupados en el Palacio 6 de Julio, autoridades de las 16 localidades que conforman el Ente Metropolitano C\u00f3rdoba crearon el Centro de Operaciones de Emergencia Metropolitano.<\/p>\n<p>Los cuerpos de Defensa Civil de cada jurisdicci\u00f3n trabajar\u00e1n de manera mancomunada en la gesti\u00f3n de riesgos clim\u00e1ticos y de desastres. Estar\u00e1n comandados por el secretario de Seguridad y Prevenci\u00f3n Comunitaria de la Municipalidad de C\u00f3rdoba, Claudio Vignetta.<\/p>\n<p>En la pr\u00f3xima reuni\u00f3n generar\u00e1n un mapa de gesti\u00f3n de riesgo, que comprende el relevamiento y diagn\u00f3stico de posibles vulnerabilidades ante situaciones climatol\u00f3gicas adversas que presente cada ciudad miembro.<\/p>\n<p>Las 16 ciudades trabajar\u00e1n de manera conjunta con el Observatorio Hidro-meteorol\u00f3gico de la Provincia de C\u00f3rdoba, con quienes ya avanzan en la diagramaci\u00f3n de un sistema de alerta temprana espec\u00edfica para el territorio, que advierta de manera anticipada sobre posibles cat\u00e1strofes.<\/p>\n<p>En enero de este a\u00f1o, Passerini firm\u00f3 un convenio con el ministro de Infraestructura y Servicios P\u00fablicos, Fabi\u00e1n L\u00f3pez, para la asociaci\u00f3n de C\u00f3rdoba Capital al Observatorio, con la finalidad de incrementar y potenciar las mediciones climatol\u00f3gicas. Actualmente, el sistema particular para la capital provincial se encuentra en fase beta y se ampliar\u00e1 el rango de georreferenciaci\u00f3n al \u00e1rea metropolitana.<\/p>\n<p>\u201cLa alianza estrat\u00e9gica con el Observatorio, de alto prestigio, nos va a fortalecer a la hora de tomar una decisi\u00f3n antip\u00e1tica con el objetivo de proteger a la ciudadan\u00eda. Tenemos conocimiento, insumos y tecnolog\u00eda a disposici\u00f3n que se hace en C\u00f3rdoba y se interpreta en C\u00f3rdoba. Tener informaci\u00f3n en tiempo real nos har\u00e1 tomar decisiones responsables\u201d, fueron las palabras del intendente Daniel Passerini.<\/p>\n<p>\u201cEl cambio clim\u00e1tico est\u00e1 agudizando la situaci\u00f3n, no hay tiempo para discutir el negacionismo. Vamos a hablar de las emergencias antes de que las emergencias ocurran\u201d, sentenci\u00f3 el primero de la Capital.<\/p>\n<p>\u201cBuscamos que cada una de las localidades pueda crecer y potenciarse tambi\u00e9n en materia del riesgo clim\u00e1tico, algo que tenemos en com\u00fan y nos afecta a todos. Impulsar la integraci\u00f3n en materia de prevenci\u00f3n y acci\u00f3n coordinada, nos permite alertar de manera temprana y desarrollar protocolos conjuntos haciendo un uso \u00f3ptimo y coordinado de los recursos\u201d, fueron las palabras del presidente del Ente, Rodrigo Fern\u00e1ndez.<\/p>\n<p>La jurisdicci\u00f3n del Ente Metropolitano C\u00f3rdoba se caracteriza por ser vulnerable a lluvias intensas en cortos per\u00edodos de tiempo e incendios forestales; por esta raz\u00f3n, la puesta en com\u00fan de experiencias e informaci\u00f3n clave y la diagramaci\u00f3n de acciones conjuntas, tendr\u00e1n como resultado una r\u00e1pida acci\u00f3n y anticipaci\u00f3n, priorizando el cuidado de los vecinos y vecinas.<\/p>\n<p>Anticipar fen\u00f3menos naturales adversos agilizar\u00e1 el despliegue de operativos de asistencia en sectores afectados, generar\u00e1 aviso previo a eventos que se desarrollar\u00e1n al aire libre, entre otros procedimientos de relevancia para la seguridad de la poblaci\u00f3n.<\/p>\n<p>De esta manera, el Centro de Operaciones de Emergencia que lidera la ciudad de C\u00f3rdoba se ampl\u00eda para integrar a las localidades del Ente.<\/p>\n<p>\u201cLo que sucede en C\u00f3rdoba Capital tambi\u00e9n sucede en las ciudades aleda\u00f1as. Individualmente es imposible luchar contra los efectos del clima. Vamos a generar mapas de gesti\u00f3n de riesgo, conocer lo que tenemos y necesitamos, y vamos a trabajar como equipo para anticiparon y actuar ante fen\u00f3menos meteorol\u00f3gicos\u201d, fueron las palabras de Vignetta.<\/p>\n","protected":false},"excerpt":{"rendered":"<p>Los cuerpos de Defensa Civil de las 16 localidades unir\u00e1n esfuerzos para trabajar en la gesti\u00f3n de riesgos clim\u00e1ticos.Desempe\u00f1ar\u00e1n su tarea codo a codo con el Observatorio Hidro-meteorol\u00f3gico de la Provincia de C\u00f3rdoba. Agrupados en el Palacio 6 de Julio, autoridades de las 16 localidades que conforman el Ente Metropolitano C\u00f3rdoba crearon el Centro de [&hellip;]<\/p>\n","protected":false},"author":1,"featured_media":157963,"comment_status":"closed","ping_status":"closed","sticky":false,"template":"","format":"standard","meta":[],"categories":[44],"tags":[],"_links":{"self":[{"href":"http:\/\/cordobadirecto.com\/index.php\/wp-json\/wp\/v2\/posts\/157962"}],"collection":[{"href":"http:\/\/cordobadirecto.com\/index.php\/wp-json\/wp\/v2\/posts"}],"about":[{"href":"http:\/\/cordobadirecto.com\/index.php\/wp-json\/wp\/v2\/types\/post"}],"author":[{"embeddable":true,"href":"http:\/\/cordobadirecto.com\/index.php\/wp-json\/wp\/v2\/users\/1"}],"replies":[{"embeddable":true,"href":"http:\/\/cordobadirecto.com\/index.php\/wp-json\/wp\/v2\/comments?post=157962"}],"version-history":[{"count":0,"href":"http:\/\/cordobadirecto.com\/index.php\/wp-json\/wp\/v2\/posts\/157962\/revisions"}],"wp:featuredmedia":[{"embeddable":true,"href":"http:\/\/cordobadirecto.com\/index.php\/wp-json\/wp\/v2\/media\/157963"}],"wp:attachment":[{"href":"http:\/\/cordobadirecto.com\/index.php\/wp-json\/wp\/v2\/media?parent=157962"}],"wp:term":[{"taxonomy":"category","embeddable":true,"href":"http:\/\/cordobadirecto.com\/index.php\/wp-json\/wp\/v2\/categories?post=157962"},{"taxonomy":"post_tag","embeddable":true,"href":"http:\/\/cordobadirecto.com\/index.php\/wp-json\/wp\/v2\/tags?post=157962"}],"curies":[{"name":"wp","href":"https:\/\/api.w.org\/{rel}","templated":true}]}}