{"id":157979,"date":"2024-11-09T21:17:58","date_gmt":"2024-11-09T21:17:58","guid":{"rendered":"https:\/\/www.ole.com.ar\/autos\/aparecio-goat-franco-colapinto-video-bicicleta-selfie-cabra_0_SIr6EwBiwT.html"},"modified":"2024-11-09T21:17:58","modified_gmt":"2024-11-09T21:17:58","slug":"aparecio-el-goat-colapinto-salio-a-andar-en-bici-y-se-saco-una-selfie-con-una-cabra","status":"publish","type":"post","link":"http:\/\/cordobadirecto.com\/index.php\/2024\/11\/09\/aparecio-el-goat-colapinto-salio-a-andar-en-bici-y-se-saco-una-selfie-con-una-cabra\/","title":{"rendered":"\u00a1Apareci\u00f3 el GOAT! Colapinto sali\u00f3 a andar en bici y se sac\u00f3 una selfie con una cabra"},"content":{"rendered":"<p><time class=\"createDate\" datetime=\"2024-11-09T18:17:58-03:00\">09\/11\/2024 18:17hs.<\/time><\/p>\n<div id=\"storyBody\">\n<div class=\"custom-text \" readability=\"36.471321695761\">\n<p><a href=\"https:\/\/www.ole.com.ar\/tema\/franco-colapinto.html\" title=\"Franco Colapinto\" alt=\"Franco Colapinto\" class=\"slug\">Franco Colapinto <\/a>reapareci\u00f3 en las redes luego de lo que fue su paso por el GP de Brasil, donde no logr\u00f3 terminar la carrera. Con algunos d\u00edas libres en el calendario antes de volver a la competencia en la <a href=\"https:\/\/www.ole.com.ar\/tema\/formula-1.html\" title=\"F\u00f3rmula 1\" alt=\"F\u00f3rmula 1\" class=\"slug\">F\u00f3rmula 1<\/a>, el piloto argentino se mostr\u00f3 andando en bicicleta, uno de sus hobbies. Pero m\u00e1s all\u00e1 de su actividad, la publicaci\u00f3n hizo ruido por otra cosa:<strong> se sac\u00f3 una foto con una cabra.<\/strong><\/p>\n<\/div>\n<div class=\"custom-text \" readability=\"38.730158730159\">\n<p>\u201cMe encontr\u00e9 un GOAT y nos hicimos una selfie :)\u201d, poste\u00f3 Colapinto en su cuenta de Instagram. Goat, que en la traducci\u00f3n del ingl\u00e9s significa &#8220;cabra&#8221;, tambi\u00e9n son las siglas de Greatest Off All Times (el m\u00e1s grande de todos los tiempos), <strong>una palabra que suele estar asociada con <a href=\"https:\/\/www.ole.com.ar\/tema\/lionel-messi.html\" title=\"Lionel Messi\" alt=\"Lionel Messi\" class=\"slug\">Lionel Messi<\/a><\/strong>, pero que muchos fan\u00e1ticos del pilarense ya la aplicaron tambi\u00e9n con \u00e9l.<\/p>\n<\/div>\n<div class=\"custom-text \" readability=\"35.940298507463\">\n<p>En las \u00faltimas horas, durante su aparici\u00f3n en Neura, <a href=\"https:\/\/www.ole.com.ar\/tema\/lionel-scaloni.html\" title=\"Lionel Scaloni\" alt=\"Lionel Scaloni\" class=\"slug\">Lionel Scaloni<\/a> se hab\u00eda referido a este pasatiempo del piloto de Williams. <strong>&#8220;Tengo entendido que Colapinto vive en Mallorca. Nunca lo pude ver, anda en bici tambi\u00e9n. Tenemos varias cosas en com\u00fan, la pasi\u00f3n por los autos&#8230; Ja&#8221;,<\/strong> cont\u00f3 el entrenador de la <a href=\"https:\/\/www.ole.com.ar\/tema\/seleccion-argentina.html\" title=\"Selecci\u00f3n Argentina\" alt=\"Selecci\u00f3n Argentina\" class=\"slug\">Selecci\u00f3n Argentina<\/a>.<\/p>\n<\/div>\n<div class=\"custom-text \" readability=\"35\">\n<p>Scaloni tambi\u00e9n habl\u00f3 de las pasiones que despierta Colapinto: <strong>&#8220;Genera un ilusi\u00f3n para todos los argentinos un piloto en la F\u00f3rmula 1 y la manera en la que lo hizo. <\/strong>Nos representa, se vio a la gente con las banderas en Monza&#8230; Estaban alucinando. Orgulloso&#8221;.<\/p>\n<\/div>\n<div class=\"sc-e7b891c4-0 ifHnQL image-embed\"><img alt=\"Colapinto y su selfie con una cabra.\" loading=\"lazy\" width=\"720\" height=\"100\" decoding=\"async\" data-nimg=\"1\" src=\"http:\/\/cordobadirecto.com\/wp-content\/uploads\/2024\/11\/aparecio-el-goat-colapinto-salio-a-andar-en-bici-y-se-saco-una-selfie-con-una-cabra.jpg\"><span class=\"epigraphe\">Colapinto y su selfie con una cabra.<\/span><\/div>\n<div class=\"sc-e7b891c4-0 ifHnQL image-embed\"><img alt=\"Colapinto y su selfie con una cabra.\" loading=\"lazy\" width=\"720\" height=\"100\" decoding=\"async\" data-nimg=\"1\" src=\"http:\/\/cordobadirecto.com\/wp-content\/uploads\/2024\/11\/aparecio-el-goat-colapinto-salio-a-andar-en-bici-y-se-saco-una-selfie-con-una-cabra-1.jpg\"><span class=\"epigraphe\">Colapinto y su selfie con una cabra.<\/span><\/div>\n<p><h2>Colapinto sali\u00f3 a andar en bici<\/h2>\n<\/p>\n<div type=\"embed\" class=\"sc-3f46f5ae-0 djVTgz\">\n<div class=\"sc-3f46f5ae-1 fTjZec videoText\" id=\"contentTitleembed67XSf7qD\" type=\"embed\"><svg fill=\"#ffffff\"><symbol id=\"play\" viewBox=\"0 0 512 512\"><path d=\"M512 256C512 397.4 397.4 512 256 512C114.6 512 0 397.4 0 256C0 114.6 114.6 0 256 0C397.4 0 512 114.6 512 256zM176 168V344C176 352.7 180.7 360.7 188.3 364.9C195.8 369.2 205.1 369 212.5 364.5L356.5 276.5C363.6 272.1 368 264.4 368 256C368 247.6 363.6 239.9 356.5 235.5L212.5 147.5C205.1 142.1 195.8 142.8 188.3 147.1C180.7 151.3 176 159.3 176 168V168z\" \/><\/symbol><use xlink:href=\"#play\" \/><\/svg><\/p>\n<div class=\"right\">\n<p>Franco Colapinto<!-- --> &#8211;<!-- --> <span>&nbsp;<\/span><\/p>\n<h2 class=\"title-vid\">Colapinto sali\u00f3 a andar en bici<\/h2>\n<\/div>\n<\/div>\n<p><span class=\"back\" id=\"spanBackembed67XSf7qD\"><\/span><\/div>\n<p><h2>\u00bfCu\u00e1ndo vuelve a correr Colapinto en la F1?<\/h2>\n<\/p>\n<div class=\"custom-text \" readability=\"42\">\n<p><strong>La pr\u00f3xima cita para Franco en la M\u00e1xima ser\u00e1 en Las Vegas.<\/strong> Entre el 21 y el 24 de noviembre, en el desierto m\u00e1s lujoso, Colapinto disputar\u00e1 su s\u00e9ptima carrera en la F1, que a su vez ser\u00e1 la tercera que se dispute en suelo norteamericano: ya pasaron el GP de Miami, en el que el argentino no dijo presente pues a\u00fan segu\u00eda en la F\u00f3rmula 2, y el GP de Estados Unidos, en Austin, donde finaliz\u00f3 10\u00ba y sum\u00f3 un punto.<\/p>\n<\/div>\n<div class=\"sc-e7b891c4-0 ifHnQL image-embed\"><img alt=\"Colapinto viene de un paso complicado en el GP de Brasil (Foto Juano Tesone \/ Enviado especial).\" loading=\"lazy\" width=\"720\" height=\"100\" decoding=\"async\" data-nimg=\"1\" src=\"http:\/\/cordobadirecto.com\/wp-content\/uploads\/2024\/11\/aparecio-el-goat-colapinto-salio-a-andar-en-bici-y-se-saco-una-selfie-con-una-cabra-2.jpg\"><span class=\"epigraphe\">Colapinto viene de un paso complicado en el GP de Brasil (Foto Juano Tesone \/ Enviado especial).<\/span><\/div>\n<div class=\"custom-text \" readability=\"38\">\n<p>Ser\u00e1 a un horario at\u00edpico, por la madrugada de Argentina, cuando el 21-11 se largue la primera tanda cronometrada. La qualy se desarrollar\u00e1 el s\u00e1bado entre las 3 y las 4 de la ma\u00f1ana y<strong> la carrera, el domingo 24 de noviembre, a las 3.<\/strong><\/p>\n<\/div>\n<div class=\"sc-a7166897-0 eoLsBE\" readability=\"6.5\">\n<section readability=\"3\"><picture><img alt=\"A cinco a\u00f1os del primer gran t\u00edtulo de Franco Colapinto: campe\u00f3n de la F\u00f3rmula 4 espa\u00f1ola\" loading=\"lazy\" width=\"290\" height=\"290\" decoding=\"async\" data-nimg=\"1\" src=\"http:\/\/cordobadirecto.com\/wp-content\/uploads\/2024\/11\/aparecio-el-goat-colapinto-salio-a-andar-en-bici-y-se-saco-una-selfie-con-una-cabra-3.jpg\"><\/picture>\n<p><span>Mir\u00e1 tambi\u00e9n<\/span><\/p>\n<hr>\n<h3>A cinco a\u00f1os del primer gran t\u00edtulo de Franco Colapinto: campe\u00f3n de la F\u00f3rmula 4 espa\u00f1ola<\/h3>\n<\/p>\n<\/section>\n<\/div>\n<div class=\"sc-a7166897-0 eoLsBE\" readability=\"6\">\n<section readability=\"2\"><picture><img alt=\"\u00bfSe abre el camino para Colapinto en Red Bull?: Horner descart\u00f3 un nombre para 2025\" loading=\"lazy\" width=\"290\" height=\"290\" decoding=\"async\" data-nimg=\"1\" src=\"http:\/\/cordobadirecto.com\/wp-content\/uploads\/2024\/11\/aparecio-el-goat-colapinto-salio-a-andar-en-bici-y-se-saco-una-selfie-con-una-cabra-4.jpg\"><\/picture>\n<p><span>Mir\u00e1 tambi\u00e9n<\/span><\/p>\n<hr>\n<h3>\u00bfSe abre el camino para Colapinto en Red Bull?: Horner descart\u00f3 un nombre para 2025<\/h3>\n<\/p>\n<\/section>\n<\/div>\n<div class=\"sc-a7166897-0 eoLsBE\" readability=\"6.5\">\n<section readability=\"3\"><picture><img alt=\"El padre de Verstappen sugiri\u00f3 que Checo P\u00e9rez abandone Red Bull y \u00bfeligi\u00f3 a Colapinto de reemplazo?\" loading=\"lazy\" width=\"290\" height=\"290\" decoding=\"async\" data-nimg=\"1\" src=\"http:\/\/cordobadirecto.com\/wp-content\/uploads\/2024\/11\/aparecio-el-goat-colapinto-salio-a-andar-en-bici-y-se-saco-una-selfie-con-una-cabra-5.jpg\"><\/picture>\n<p><span>Mir\u00e1 tambi\u00e9n<\/span><\/p>\n<hr>\n<h3>El padre de Verstappen sugiri\u00f3 que Checo P\u00e9rez abandone Red Bull y \u00bfeligi\u00f3 a Colapinto de reemplazo?<\/h3>\n<\/p>\n<\/section>\n<\/div>\n<\/div>\n","protected":false},"excerpt":{"rendered":"<p>09\/11\/2024 18:17hs. Franco Colapinto reapareci\u00f3 en las redes luego de lo que fue su paso por el GP de Brasil, donde no logr\u00f3 terminar la carrera. Con algunos d\u00edas libres en el calendario antes de volver a la competencia en la F\u00f3rmula 1, el piloto argentino se mostr\u00f3 andando en bicicleta, uno de sus hobbies. [&hellip;]<\/p>\n","protected":false},"author":1,"featured_media":157980,"comment_status":"closed","ping_status":"closed","sticky":false,"template":"","format":"standard","meta":[],"categories":[21],"tags":[],"_links":{"self":[{"href":"http:\/\/cordobadirecto.com\/index.php\/wp-json\/wp\/v2\/posts\/157979"}],"collection":[{"href":"http:\/\/cordobadirecto.com\/index.php\/wp-json\/wp\/v2\/posts"}],"about":[{"href":"http:\/\/cordobadirecto.com\/index.php\/wp-json\/wp\/v2\/types\/post"}],"author":[{"embeddable":true,"href":"http:\/\/cordobadirecto.com\/index.php\/wp-json\/wp\/v2\/users\/1"}],"replies":[{"embeddable":true,"href":"http:\/\/cordobadirecto.com\/index.php\/wp-json\/wp\/v2\/comments?post=157979"}],"version-history":[{"count":0,"href":"http:\/\/cordobadirecto.com\/index.php\/wp-json\/wp\/v2\/posts\/157979\/revisions"}],"wp:featuredmedia":[{"embeddable":true,"href":"http:\/\/cordobadirecto.com\/index.php\/wp-json\/wp\/v2\/media\/157980"}],"wp:attachment":[{"href":"http:\/\/cordobadirecto.com\/index.php\/wp-json\/wp\/v2\/media?parent=157979"}],"wp:term":[{"taxonomy":"category","embeddable":true,"href":"http:\/\/cordobadirecto.com\/index.php\/wp-json\/wp\/v2\/categories?post=157979"},{"taxonomy":"post_tag","embeddable":true,"href":"http:\/\/cordobadirecto.com\/index.php\/wp-json\/wp\/v2\/tags?post=157979"}],"curies":[{"name":"wp","href":"https:\/\/api.w.org\/{rel}","templated":true}]}}