{"id":157981,"date":"2024-11-09T21:17:36","date_gmt":"2024-11-09T21:17:36","guid":{"rendered":"https:\/\/www.ole.com.ar\/autos\/tc-turismo-carretera-toay-mariano-werner-pole-position-punta-copa-oro_0_czB0PDQknn.html"},"modified":"2024-11-09T21:17:36","modified_gmt":"2024-11-09T21:17:36","slug":"tc-en-toay-werner-hizo-la-pole-se-arrimo-a-la-cima-de-la-copa-de-oro-y-va-por-mas","status":"publish","type":"post","link":"http:\/\/cordobadirecto.com\/index.php\/2024\/11\/09\/tc-en-toay-werner-hizo-la-pole-se-arrimo-a-la-cima-de-la-copa-de-oro-y-va-por-mas\/","title":{"rendered":"TC en Toay: Werner hizo la pole, se arrim\u00f3 a la cima de la Copa de Oro y va por m\u00e1s"},"content":{"rendered":"<p><span class=\"createDate\">09\/11\/2024 18:17hs.<\/span><time class=\"modificatedDate\" datetime=\"2024-11-09T18:40:36-03:00\"> Actualizado al 09\/11\/2024 18:40hs.<\/time><\/p>\n<div id=\"storyBody\">\n<div class=\"custom-text \" readability=\"40\">\n<p><strong>Son momentos de definici\u00f3n para el Turismo Carretera<\/strong>, al que le quedar\u00e1 una sola fecha m\u00e1s cuando pase la carrera en Toay. Cada punto, cada sesi\u00f3n y cada posici\u00f3n se pelean hasta las \u00faltimas circunstancias. Por eso mismo, un <strong>Mariano Werner (Ford)<\/strong> que corr\u00eda de atr\u00e1s en la Copa de Oro y logr\u00f3 acomodarse con su victoria en San Nicol\u00e1s festej\u00f3 con todo haber sido el m\u00e1s r\u00e1pido del s\u00e1bado.<strong> El tricampe\u00f3n meti\u00f3 su segunda pole position en la temporada<\/strong> (la 30\u00aa hist\u00f3rica) y este domingo, cuando se larguen las series, arrancar\u00e1 el Mustang con la esperanza de verse en lo m\u00e1s alto de cara al Gran Premio Coronaci\u00f3n en La Plata.<\/p>\n<\/div>\n<div class=\"custom-text \" readability=\"43\">\n<p><strong>\u201cAntes de ir a San Nicol\u00e1s estaba m\u00e1s para pensar en la temporada que viene\u2026 C\u00f3mo cambi\u00f3 el panorama\u201d<\/strong>, dijo Marianito en di\u00e1logo con Campeones Radio. No se equivoca. Sabe que tiene el aura, con la que ha ganado tres campeonatos y se ha posicionado como uno de los grandes referentes del \u00d3valo, pero le estaba faltando el auto. En sus \u00faltimas apariciones en pista,<strong> el caballo que figura en la parrilla galop\u00f3 como nunca<\/strong>: por la clasificaci\u00f3n, en la que los participantes de la Copa de Oro entraron en un grupo aparte, Werner aprovech\u00f3 la succi\u00f3n de Jos\u00e9 Urcera (Ford) para ganar unos milisegundos cruciales, redondear una vuelta de 1m14s151 y quedarse con la pole,<strong> justo por delante de Marcelo Agrelo (Toyota) y Juan Manuel Trucco (Dodge).<\/strong><\/p>\n<\/div>\n<div class=\"sc-e7b891c4-0 ifHnQL image-embed\"><img alt=\"Mariano Werner viene de ganar en San Nicol\u00e1s. (Foto: Prensa ACTC)\" loading=\"lazy\" width=\"720\" height=\"100\" decoding=\"async\" data-nimg=\"1\" src=\"http:\/\/cordobadirecto.com\/wp-content\/uploads\/2024\/11\/tc-en-toay-werner-hizo-la-pole-se-arrimo-a-la-cima-de-la-copa-de-oro-y-va-por-mas.jpg\"><span class=\"epigraphe\">Mariano Werner viene de ganar en San Nicol\u00e1s. (Foto: Prensa ACTC)<\/span><\/div>\n<div class=\"custom-text \" readability=\"43\">\n<p>\u201cProgresamos mucho para San Nicol\u00e1s y m\u00e1s a\u00fan para Toay. Hoy sali\u00f3 todo perfecto. Le agradezco a Urcera, que me llev\u00f3 y tuvo mucho que ver para poder hacer una vuelta impecable. La intuici\u00f3n me ayud\u00f3 porque abr\u00ed la vuelta en el lugar justo\u201d, dijo el piloto de Ford, quien sum\u00f3 dos puntos fundamentales que lo dejaron cerquita de la posici\u00f3n de vanguardia: <strong>Juli\u00e1n Santero (Ford), l\u00edder de la Copa de Oro, cuenta con 127 puntos, apenas 4,5 m\u00e1s que el entrerriano.<\/strong> Por fortuna para el puntero, no estar\u00e1 lejos en la grilla&#8230;<\/p>\n<\/div>\n<div class=\"custom-text \" readability=\"39\">\n<p>Santero se clasific\u00f3 4\u00b0 y largar\u00e1 2\u00b0 en una de las tres series, <strong>que se pondr\u00e1n en marcha a las 10.05 y ser\u00e1n transmitidas por DeporTV (todas ser\u00e1n a cinco vueltas)<\/strong>. La final, en cambio, comenzar\u00e1 a las 13.25 (ser\u00e1n 30 vueltas o, m\u00e1ximo, 50 minutos) e ir\u00e1 por TV P\u00fablica.<\/p>\n<\/div>\n<p><h2><strong> Horarios y d\u00f3nde ver el TC en Toay<\/strong><\/h2>\n<\/p>\n<div class=\"custom-text \" readability=\"34\">\n<ul>\n<li>1era. serie (5 vueltas): 10.05.<\/li>\n<li>2da. serie (5 vueltas): 10.30.<\/li>\n<li>3era. serie (5 vueltas): 10.55.<\/li>\n<li>Final (30 vueltas o 50 minutos como m\u00e1ximo): 13.25.<\/li>\n<\/ul>\n<p>El evento principal se podr\u00e1 ver a trav\u00e9s de TV P\u00fablica, mientras que el resto de la actividad ser\u00e1 transmitida por Deportv y el canal de streaming Motor Play.<\/p>\n<\/div>\n<div class=\"sc-e7b891c4-0 ifHnQL image-embed\"><img alt=\"El Mustang largar\u00e1 desde lo m\u00e1s alto en la primera serie. (Prensa ACTC)\" loading=\"lazy\" width=\"720\" height=\"100\" decoding=\"async\" data-nimg=\"1\" src=\"http:\/\/cordobadirecto.com\/wp-content\/uploads\/2024\/11\/tc-en-toay-werner-hizo-la-pole-se-arrimo-a-la-cima-de-la-copa-de-oro-y-va-por-mas-1.jpg\"><span class=\"epigraphe\">El Mustang largar\u00e1 desde lo m\u00e1s alto en la primera serie. (Prensa ACTC)<\/span><\/div>\n<p><h2><strong>El Top 10 de la clasificaci\u00f3n en Toay<\/strong><\/h2>\n<\/p>\n<div class=\"custom-text \">\n<ol>\n<li>Werner, M. (Ford) &#8211; 1m14s151<\/li>\n<li>Agrelo, M. (Toyota) &#8211; 0s144<\/li>\n<li>Trucco, J. M. (Dodge) &#8211; 0s204<\/li>\n<li>Santero, J. (Ford) &#8211; 0s270<\/li>\n<li>Castellano, J. (Dodge) &#8211; 0s324<\/li>\n<li>Urcera, J. M. (Ford) &#8211; 0s366<\/li>\n<li>Canapino, A. (Chevrolet) &#8211; 0s518<\/li>\n<li>Mart\u00ednez, T. (Toyota) &#8211; 0s547<\/li>\n<li>Todino, G. (Ford) &#8211; 0s585<\/li>\n<li>Ardusso, F. (Chevrolet) &#8211; 0s665<\/li>\n<\/ol>\n<\/div>\n<div class=\"sc-a7166897-0 eoLsBE\" readability=\"6\">\n<section readability=\"2\"><picture><img alt=\"TC2000 en Termas de R\u00edo Hondo: hora y d\u00f3nde ver por TV\" loading=\"lazy\" width=\"290\" height=\"290\" decoding=\"async\" data-nimg=\"1\" src=\"http:\/\/cordobadirecto.com\/wp-content\/uploads\/2024\/11\/tc-en-toay-werner-hizo-la-pole-se-arrimo-a-la-cima-de-la-copa-de-oro-y-va-por-mas-2.jpg\"><\/picture>\n<p><span>Mir\u00e1 tambi\u00e9n<\/span><\/p>\n<hr>\n<h3>TC2000 en Termas de R\u00edo Hondo: hora y d\u00f3nde ver por TV<\/h3>\n<\/p>\n<\/section>\n<\/div>\n<div class=\"sc-a7166897-0 eoLsBE\" readability=\"6.5\">\n<section readability=\"3\"><picture><img alt=\"El regreso del TC a la ruta: as\u00ed fue el hist\u00f3rico homenaje con los autos de nueva generaci\u00f3n\" loading=\"lazy\" width=\"290\" height=\"290\" decoding=\"async\" data-nimg=\"1\" src=\"http:\/\/cordobadirecto.com\/wp-content\/uploads\/2024\/11\/tc-en-toay-werner-hizo-la-pole-se-arrimo-a-la-cima-de-la-copa-de-oro-y-va-por-mas-3.jpg\"><\/picture>\n<p><span>Mir\u00e1 tambi\u00e9n<\/span><\/p>\n<hr>\n<h3>El regreso del TC a la ruta: as\u00ed fue el hist\u00f3rico homenaje con los autos de nueva generaci\u00f3n<\/h3>\n<\/p>\n<\/section>\n<\/div>\n<div class=\"sc-a7166897-0 eoLsBE\" readability=\"6\">\n<section readability=\"2\"><picture><img alt=\"Video: Colapinto lleg\u00f3 al GTA V por medio de un mod impresionante\" loading=\"lazy\" width=\"290\" height=\"290\" decoding=\"async\" data-nimg=\"1\" src=\"http:\/\/cordobadirecto.com\/wp-content\/uploads\/2024\/11\/tc-en-toay-werner-hizo-la-pole-se-arrimo-a-la-cima-de-la-copa-de-oro-y-va-por-mas-4.jpg\"><\/picture>\n<p><span>Mir\u00e1 tambi\u00e9n<\/span><\/p>\n<hr>\n<h3>Video: Colapinto lleg\u00f3 al GTA V por medio de un mod impresionante<\/h3>\n<\/p>\n<\/section>\n<\/div>\n<div class=\"sc-a7166897-0 eoLsBE\" readability=\"7\">\n<section readability=\"4\"><picture><img alt=\"James Vowles, duro por los accidentes de Colapinto y Albon en Williams: &quot;Es una cantidad que nadie puede soportar&quot;\" loading=\"lazy\" width=\"290\" height=\"290\" decoding=\"async\" data-nimg=\"1\" src=\"http:\/\/cordobadirecto.com\/wp-content\/uploads\/2024\/11\/tc-en-toay-werner-hizo-la-pole-se-arrimo-a-la-cima-de-la-copa-de-oro-y-va-por-mas-5.jpg\"><\/picture>\n<p><span>Mir\u00e1 tambi\u00e9n<\/span><\/p>\n<hr>\n<h3>James Vowles, duro por los accidentes de Colapinto y Albon en Williams: &#8220;Es una cantidad que nadie puede soportar&#8221;<\/h3>\n<\/p>\n<\/section>\n<\/div>\n<div class=\"sc-a7166897-0 eoLsBE\" readability=\"6\">\n<section readability=\"2\"><picture><img alt=\"El ins\u00f3lito comunicado de los pilotos de F1 contra la FIA\" loading=\"lazy\" width=\"290\" height=\"290\" decoding=\"async\" data-nimg=\"1\" src=\"http:\/\/cordobadirecto.com\/wp-content\/uploads\/2024\/11\/tc-en-toay-werner-hizo-la-pole-se-arrimo-a-la-cima-de-la-copa-de-oro-y-va-por-mas-6.jpg\"><\/picture>\n<p><span>Mir\u00e1 tambi\u00e9n<\/span><\/p>\n<hr>\n<h3>El ins\u00f3lito comunicado de los pilotos de F1 contra la FIA<\/h3>\n<\/p>\n<\/section>\n<\/div>\n<\/div>\n","protected":false},"excerpt":{"rendered":"<p>09\/11\/2024 18:17hs. Actualizado al 09\/11\/2024 18:40hs. Son momentos de definici\u00f3n para el Turismo Carretera, al que le quedar\u00e1 una sola fecha m\u00e1s cuando pase la carrera en Toay. Cada punto, cada sesi\u00f3n y cada posici\u00f3n se pelean hasta las \u00faltimas circunstancias. Por eso mismo, un Mariano Werner (Ford) que corr\u00eda de atr\u00e1s en la Copa [&hellip;]<\/p>\n","protected":false},"author":1,"featured_media":157982,"comment_status":"closed","ping_status":"closed","sticky":false,"template":"","format":"standard","meta":[],"categories":[21],"tags":[],"_links":{"self":[{"href":"http:\/\/cordobadirecto.com\/index.php\/wp-json\/wp\/v2\/posts\/157981"}],"collection":[{"href":"http:\/\/cordobadirecto.com\/index.php\/wp-json\/wp\/v2\/posts"}],"about":[{"href":"http:\/\/cordobadirecto.com\/index.php\/wp-json\/wp\/v2\/types\/post"}],"author":[{"embeddable":true,"href":"http:\/\/cordobadirecto.com\/index.php\/wp-json\/wp\/v2\/users\/1"}],"replies":[{"embeddable":true,"href":"http:\/\/cordobadirecto.com\/index.php\/wp-json\/wp\/v2\/comments?post=157981"}],"version-history":[{"count":0,"href":"http:\/\/cordobadirecto.com\/index.php\/wp-json\/wp\/v2\/posts\/157981\/revisions"}],"wp:featuredmedia":[{"embeddable":true,"href":"http:\/\/cordobadirecto.com\/index.php\/wp-json\/wp\/v2\/media\/157982"}],"wp:attachment":[{"href":"http:\/\/cordobadirecto.com\/index.php\/wp-json\/wp\/v2\/media?parent=157981"}],"wp:term":[{"taxonomy":"category","embeddable":true,"href":"http:\/\/cordobadirecto.com\/index.php\/wp-json\/wp\/v2\/categories?post=157981"},{"taxonomy":"post_tag","embeddable":true,"href":"http:\/\/cordobadirecto.com\/index.php\/wp-json\/wp\/v2\/tags?post=157981"}],"curies":[{"name":"wp","href":"https:\/\/api.w.org\/{rel}","templated":true}]}}