{"id":158081,"date":"2024-11-11T21:54:22","date_gmt":"2024-11-11T21:54:22","guid":{"rendered":"https:\/\/cordoba.gob.ar\/?p=63843"},"modified":"2024-11-11T21:54:22","modified_gmt":"2024-11-11T21:54:22","slug":"mac2024-passerini-entrego-los-premios-adquisicion-in-situ","status":"publish","type":"post","link":"http:\/\/cordobadirecto.com\/index.php\/2024\/11\/11\/mac2024-passerini-entrego-los-premios-adquisicion-in-situ\/","title":{"rendered":"MAC2024: Passerini entreg\u00f3 los Premios Adquisici\u00f3n + In Situ"},"content":{"rendered":"<div><img src=\"http:\/\/cordobadirecto.com\/wp-content\/uploads\/2024\/11\/mac2024-passerini-entrego-los-premios-adquisicion-in-situ.jpg\" class=\"ff-og-image-inserted\"><\/div>\n<ul>\n<li><strong>En la presente edici\u00f3n del Mercado de Arte Contempor\u00e1neo, a trav\u00e9s del Programa Adquisici\u00f3n, se efectiviz\u00f3 una inversi\u00f3n por m\u00e1s de $9.000.000, a trav\u00e9s de la Secretar\u00eda de Comunicaci\u00f3n y Cultura de la Municipalidad y la Agencia C\u00f3rdoba Cultura, organizadores de este destacado evento.<\/strong><\/li>\n<li><strong><strong>Adem\u00e1s, el premio In Situ, que reconoce y difunde la creaci\u00f3n art\u00edstica en todo el pa\u00eds, distingui\u00f3 a artistas y galer\u00edas con incentivos por un total de $1.200.000.<\/strong><\/strong><br \/>\n<hr>\n<\/li>\n<\/ul>\n<p>El Mercado de Arte Contempor\u00e1neo concluy\u00f3 su tercera jornada con la entrega de premios incentivo. Fueron otorgados por la Municipalidad de C\u00f3rdoba, representada por el intendente Daniel Passerini, y el Gobierno Provincial, en busca de visibilizar y promover la producci\u00f3n de la escena art\u00edstica actual y los acervos de los espacios culturales p\u00fablicos.<\/p>\n<p><em>\u201cTenemos que celebrar que en C\u00f3rdoba, el coraz\u00f3n geogr\u00e1fico de Argentina, se est\u00e1 expresando una realidad cultural muy federal, algo que al pa\u00eds le hace falta hace mucho tiempo: son 54 galer\u00edas de arte y 200 artistas que hablan a las claras del valor del Mercado de Arte Contempor\u00e1neo\u201d<\/em>, expres\u00f3 el intendente Daniel Passerini.<\/p>\n<p><em>\u00abEstas acciones son posibles porque el Gobierno Provincial, el Gobierno Municipal, el sector privado, los galeristas, los artistas, todos decidimos que esto funcione. Y esta es una buena muestra de lo que podr\u00eda y deber\u00eda pasar en la Argentina\u00bb<\/em>, cerr\u00f3 su discurso el mandatario capitalino.<\/p>\n<p>En el marco del Programa Adquisici\u00f3n, el Museo Metropolitano de Arte Urbano (MMAU) sum\u00f3 a su colecci\u00f3n la obra \u201cInstalaci\u00f3n\u201d de Daga Fanego, artista representada por Br\u00fajula Invisible, Galer\u00eda de La Falda. Del mismo modo, la Agencia C\u00f3rdoba Cultura incorpor\u00f3 al patrimonio del Espacio Cultural Museo de las Mujeres (MuMu) las obras de seis artistas:<\/p>\n<ul class=\"ak-ul\">\n<li><strong>La obra \u201cPoder Animal\u201d de la artista Sara Fern\u00e1ndez, Galer\u00eda Mini Contempor\u00e1neo, C\u00f3rdoba.<\/strong><\/li>\n<li><strong>De la serie Escrituras \u201cLa alegr\u00eda subversiva lo intenta\u201d de la artista Soledad S\u00e1nchez Goldar, Galer\u00eda La Arte, Salta.<\/strong><\/li>\n<li><strong>La obra \u00abEl vuelo de la Reina\u00bb de la artista Rosa Gonz\u00e1lez, Galer\u00eda The White Lodge, C\u00f3rdoba.<\/strong><\/li>\n<li><strong>\u201cUn mundo sin nosotros\u00bb es la obra de la artista Ana Gilligan, Galer\u00eda J\u00fapiter,La Cumbre, C\u00f3rdoba.<\/strong><\/li>\n<li><strong>La obra \u201cLatidos\u201d de la artista Vanesa Amenabar, Sasha Galer\u00eda, C\u00f3rdoba.<\/strong><\/li>\n<li><strong>Finalmente la obra \u201cJazm\u00edn\u00bb de la artista Mariana Guagliano, Galer\u00eda Arguello y Bouchet ,Agua de Oro, C\u00f3rdoba.<\/strong><\/li>\n<\/ul>\n<p>En contexto del premio In Situ, que promueven los coleccionistas Joaqu\u00edn Rodr\u00edguez y Abel Guaglianone, fueron distinguidos Juan Suarez representando a la Galer\u00eda En casa espacio de arte, C\u00f3rdoba; y Mar\u00eda Carolina Moreno de Galer\u00eda Nilo Galp\u00f3n de Arte, C\u00f3rdoba.<\/p>\n<p>En estos casos se trat\u00f3 de premios incentivo (no adquisici\u00f3n), que en conjunto aportaron $1.200.000 dividido entre los dos artistas y tienen por objetivo dar a conocer, difundir y apoyar las escenas art\u00edsticas en diferentes territorios de nuestro pa\u00eds; as\u00ed como destacar producciones y gestiones en artes visuales desde sus contextos de origen.<\/p>\n<p><em>\u00abPara nosotros la cultura genera empleo, fomenta el turismo, fortalece el tejido social y nos conecta con nuestro pasado para construir un mejor futuro. La cultura nos une, nos identifica, nos recuerda qui\u00e9nes somos, de d\u00f3nde venimos y hacia d\u00f3nde vamos. Por esta raz\u00f3n estoy muy orgulloso de que hayamos llevado adelante esta edici\u00f3n\u201d<\/em>, fueron las palabras del secretario de Comunicaci\u00f3n y Cultura, Mariano Almada.<\/p>\n<p><em>\u00abEl Estado municipal y provincial de C\u00f3rdoba es ejemplo a nivel nacional: trabajamos mancomunadamente lo p\u00fablico y lo privado a partir de las necesidades del sector privado\u00bb<\/em>, afirm\u00f3 el titular de la Agencia C\u00f3rdoba Cultura, Ra\u00fal Sansica.<\/p>\n<p>El curador Roberto Echen tambi\u00e9n form\u00f3 parte de la comitiva que entreg\u00f3 los premios a los ganadores de Mercado de Arte Contempor\u00e1neo.<\/p>\n<p>De esta forma, MAC reafirm\u00f3 su posici\u00f3n como un espacio esencial de convergencia para el arte contempor\u00e1neo, no s\u00f3lo brindando oportunidades de intercambio y reconocimiento, sino tambi\u00e9n reforzando el compromiso de las instituciones con la cultura que emerge en C\u00f3rdoba y en la regi\u00f3n.<\/p>\n","protected":false},"excerpt":{"rendered":"<p>En la presente edici\u00f3n del Mercado de Arte Contempor\u00e1neo, a trav\u00e9s del Programa Adquisici\u00f3n, se efectiviz\u00f3 una inversi\u00f3n por m\u00e1s de $9.000.000, a trav\u00e9s de la Secretar\u00eda de Comunicaci\u00f3n y Cultura de la Municipalidad y la Agencia C\u00f3rdoba Cultura, organizadores de este destacado evento. Adem\u00e1s, el premio In Situ, que reconoce y difunde la creaci\u00f3n [&hellip;]<\/p>\n","protected":false},"author":1,"featured_media":158082,"comment_status":"closed","ping_status":"closed","sticky":false,"template":"","format":"standard","meta":[],"categories":[44],"tags":[],"_links":{"self":[{"href":"http:\/\/cordobadirecto.com\/index.php\/wp-json\/wp\/v2\/posts\/158081"}],"collection":[{"href":"http:\/\/cordobadirecto.com\/index.php\/wp-json\/wp\/v2\/posts"}],"about":[{"href":"http:\/\/cordobadirecto.com\/index.php\/wp-json\/wp\/v2\/types\/post"}],"author":[{"embeddable":true,"href":"http:\/\/cordobadirecto.com\/index.php\/wp-json\/wp\/v2\/users\/1"}],"replies":[{"embeddable":true,"href":"http:\/\/cordobadirecto.com\/index.php\/wp-json\/wp\/v2\/comments?post=158081"}],"version-history":[{"count":0,"href":"http:\/\/cordobadirecto.com\/index.php\/wp-json\/wp\/v2\/posts\/158081\/revisions"}],"wp:featuredmedia":[{"embeddable":true,"href":"http:\/\/cordobadirecto.com\/index.php\/wp-json\/wp\/v2\/media\/158082"}],"wp:attachment":[{"href":"http:\/\/cordobadirecto.com\/index.php\/wp-json\/wp\/v2\/media?parent=158081"}],"wp:term":[{"taxonomy":"category","embeddable":true,"href":"http:\/\/cordobadirecto.com\/index.php\/wp-json\/wp\/v2\/categories?post=158081"},{"taxonomy":"post_tag","embeddable":true,"href":"http:\/\/cordobadirecto.com\/index.php\/wp-json\/wp\/v2\/tags?post=158081"}],"curies":[{"name":"wp","href":"https:\/\/api.w.org\/{rel}","templated":true}]}}