{"id":158123,"date":"2024-11-12T18:52:22","date_gmt":"2024-11-12T18:52:22","guid":{"rendered":"https:\/\/www.ole.com.ar\/autos\/bomba-formula1alpine-llevara-motores-mercedes-partir-2026-renault_0_NeN923YIVE.html"},"modified":"2024-11-12T18:52:22","modified_gmt":"2024-11-12T18:52:22","slug":"bomba-en-la-formula-1-alpine-llevara-motores-mercedes-a-partir-de-2026","status":"publish","type":"post","link":"http:\/\/cordobadirecto.com\/index.php\/2024\/11\/12\/bomba-en-la-formula-1-alpine-llevara-motores-mercedes-a-partir-de-2026\/","title":{"rendered":"Bomba en la F\u00f3rmula 1: Alpine llevar\u00e1 motores Mercedes a partir de 2026"},"content":{"rendered":"<p><time class=\"createDate\" datetime=\"2024-11-12T15:52:22-03:00\">12\/11\/2024 15:52hs.<\/time><\/p>\n<div id=\"storyBody\">\n<div class=\"custom-text \" readability=\"38\">\n<p>Poco m\u00e1s de un mes pas\u00f3 desde que <strong>Renault hizo oficial que dejar\u00e1 de producir motores para la F\u00f3rmula 1 por su alto costo<\/strong>. Tras esta confirmaci\u00f3n, <strong>Alpine<\/strong>, la continuaci\u00f3n de la marca del Rombo (es su l\u00ednea deportiva), tom\u00f3 una dr\u00e1stica decisi\u00f3n: comenzar\u00e1 a utilizar unidades de potencia y cajas de cambios<strong> suministradas por Mercedes a partir de la temporada 2026.<\/strong><\/p>\n<\/div>\n<div class=\"custom-text \" readability=\"41\">\n<p>Seg\u00fan el comunicado que lanz\u00f3 el equipo franc\u00e9s este martes, <strong>el acuerdo entre las dos marcas cubrir\u00e1 toda la duraci\u00f3n del nuevo reglamento, es decir, de 2026 hasta al menos 2030<\/strong>. Adem\u00e1s, los motores, que ya son h\u00edbridos desde hace dos a\u00f1os (uno de combusti\u00f3n interna y otro el\u00e9ctrico), ver\u00e1n un aumento en la carga el\u00e9ctrica y utilizar\u00e1n carburantes 100% sostenibles.<\/p>\n<\/div>\n<div class=\"custom-text \" readability=\"41\">\n<p><strong>Este movimiento gener\u00f3 sorpresa y controversia en el mundo del automovilismo<\/strong>. Por caso, es comparable a que un equipo como Mercedes decida equipar sus monoplazas con motores Ferrari, desafiando las tradiciones y rivalidades hist\u00f3ricas de la categor\u00eda. Renault fue fabricante emblem\u00e1tico en la F1, habiendo iniciado su trayectoria en 1977 y, hasta la fecha, <strong>conseguido dos campeonatos de pilotos y constructores como fabricante (en 2005 y 2006, de la mano de Alonso)<\/strong> m\u00e1s otros tantos como proveedor.<\/p>\n<\/div>\n<div class=\"sc-e7b891c4-0 ifHnQL image-embed\"><img alt=\"Esteban Ocon y Pierre Gasly, los pilotos de Alpine.\" loading=\"lazy\" width=\"720\" height=\"100\" decoding=\"async\" data-nimg=\"1\" src=\"http:\/\/cordobadirecto.com\/wp-content\/uploads\/2024\/11\/bomba-en-la-formula-1-alpine-llevara-motores-mercedes-a-partir-de-2026.jpg\"><span class=\"epigraphe\">Esteban Ocon y Pierre Gasly, los pilotos de Alpine.<\/span><\/div>\n<div class=\"custom-text \" readability=\"41\">\n<p>Por su parte, <strong>Mercedes ya suministra sus motores a otros equipos como McLaren, actual l\u00edder del campeonato de constructores; Williams y Aston Martin<\/strong>, equipo que a partir de 2026 equipar\u00e1 a sus coches con unidades Honda. Vale destacar que en el futuro se unir\u00e1 <strong>Audi<\/strong>, en condici\u00f3n de constructor -suplantar\u00e1 a Sauber-, y <strong>Ford<\/strong>, para acompa\u00f1ar a Red Bull.<\/p>\n<\/div>\n<div class=\"custom-text \" readability=\"40\">\n<p>La decisi\u00f3n de Renault de abandonar el negocio tradicional, que ya se sab\u00eda desde hace un tiempo, provoc\u00f3 reacciones adversas entre sus empleados. En septiembre, trabajadores de la planta de Viry-Chatillon, donde se desarrollaban los motores de F\u00f3rmula 1, <strong>realizaron huelgas y protestas en contra de la decisi\u00f3n de cesar la producci\u00f3n interna<\/strong>.<\/p>\n<\/div>\n<div class=\"sc-e7b891c4-0 ifHnQL image-embed\"><img alt=\"La protesta de los empleados de Renault. (soymotor)\" loading=\"lazy\" width=\"720\" height=\"100\" decoding=\"async\" data-nimg=\"1\" src=\"http:\/\/cordobadirecto.com\/wp-content\/uploads\/2024\/11\/bomba-en-la-formula-1-alpine-llevara-motores-mercedes-a-partir-de-2026-1.jpg\"><span class=\"epigraphe\">La protesta de los empleados de Renault. (soymotor)<\/span><\/div>\n<p><h2><strong>Colapinto son\u00f3 en Alpine: \u00bfrumor o realidad?<\/strong><\/h2>\n<\/p>\n<div class=\"custom-text \" readability=\"41\">\n<p>Entre tantos cambios, <strong>Franco Colapinto para la oreja. <\/strong>El piloto de Williams, en b\u00fasqueda activa de una butaca para 2025 (s\u00f3lo queda una en RB), son\u00f3 como una posibilidad para el equipo franc\u00e9s de cara a la pr\u00f3xima temporada. Sin embargo, hasta ahora no hubo indicios que lo conviertan en una posibilidad real. De hecho, <strong>Alpine ya tiene sus dos lugares confirmados, con Pierre Gasly y el novato Jack Doohan como dupla.<\/strong><\/p>\n<\/div>\n<div class=\"custom-text \" readability=\"40\">\n<p>Como positivo, por lo que pudo averiguar <strong>Ol\u00e9 <\/strong>en su visita a San Pablo, Red Bull no fue el \u00fanico equipo que consult\u00f3 por el argentino, y el propio Jamie Campbell-Walter, otro de sus representantes, tuite\u00f3 <strong>&#8220;\u00bfqui\u00e9n te inform\u00f3 que Franco no tiene ninguna oferta?&#8221;<\/strong> hacia un usuario que se molest\u00f3 por la supuesta falta de \u00e9stas. Todav\u00eda no est\u00e1 nada dicho&#8230;<\/p>\n<\/div>\n<div class=\"sc-e7b891c4-0 ifHnQL image-embed\"><img alt=\"Colapinto fue vinculado con Alpine, pero parece un camino dif\u00edcil para el argentino.\" loading=\"lazy\" width=\"720\" height=\"100\" decoding=\"async\" data-nimg=\"1\" src=\"http:\/\/cordobadirecto.com\/wp-content\/uploads\/2024\/11\/bomba-en-la-formula-1-alpine-llevara-motores-mercedes-a-partir-de-2026-2.jpg\"><span class=\"epigraphe\">Colapinto fue vinculado con Alpine, pero parece un camino dif\u00edcil para el argentino.<\/span><\/div>\n<p><h2><strong>\u00bfCu\u00e1ndo vuelve a correr la F\u00f3rmula 1?<\/strong><\/h2>\n<\/p>\n<div class=\"custom-text \" readability=\"40\">\n<p>La pr\u00f3xima presentaci\u00f3n de la M\u00e1xima ser\u00e1 <strong>entre el 21 y el 24 de noviembre, en Las Vegas<\/strong>. All\u00ed, en el desierto m\u00e1s lujoso, se disputar\u00e1 por tercera vez un Gran Premio en suelo norteamericano en el a\u00f1o (Miami y Austin, los otros dos). Ser\u00e1 en un horario at\u00edpico para el p\u00fablico argentino,<strong> debido a la diferencia horaria (5 horas) y a que este evento se desarrolla por la noche estadounidense.<\/strong><\/p>\n<\/div>\n<div class=\"custom-text \" readability=\"41\">\n<p>El jueves 21 a las 23.30 (horario argentino) ser\u00e1 el primer entrenamiento, y a las 3 de la madrugada del viernes 22 se desarrollar\u00e1 la segunda pr\u00e1ctica. M\u00e1s tarde, de nuevo a las 23.30, se realizar\u00e1 el \u00faltimo ensayo, y desde las 3 del s\u00e1bado 23 se llevar\u00e1 a cabo la qualy. <strong>El domingo 24, tambi\u00e9n a las 3 de la ma\u00f1ana, ser\u00e1 la carrera principal<\/strong>. Todo se podr\u00e1 ver en vivo por <strong>Fox Sports <\/strong>y<strong> Disney+ Premium<\/strong>.<\/p>\n<\/div>\n<div class=\"sc-a7166897-0 eoLsBE\" readability=\"6\">\n<section readability=\"2\"><picture><img alt=\"El efecto domin\u00f3 que complicar\u00eda la continuidad de Colapinto en la F\u00f3rmula 1\" loading=\"lazy\" width=\"290\" height=\"290\" decoding=\"async\" data-nimg=\"1\" src=\"http:\/\/cordobadirecto.com\/wp-content\/uploads\/2024\/11\/bomba-en-la-formula-1-alpine-llevara-motores-mercedes-a-partir-de-2026-3.jpg\"><\/picture>\n<p><span>Mir\u00e1 tambi\u00e9n<\/span><\/p>\n<hr>\n<h3>El efecto domin\u00f3 que complicar\u00eda la continuidad de Colapinto en la F\u00f3rmula 1<\/h3>\n<\/p>\n<\/section>\n<\/div>\n<div class=\"sc-a7166897-0 eoLsBE\" readability=\"6\">\n<section readability=\"2\"><picture><img alt=\"Colapinto en modo swiftie: &quot;Parezco Taylor Swift&quot;\" loading=\"lazy\" width=\"290\" height=\"290\" decoding=\"async\" data-nimg=\"1\" src=\"http:\/\/cordobadirecto.com\/wp-content\/uploads\/2024\/11\/bomba-en-la-formula-1-alpine-llevara-motores-mercedes-a-partir-de-2026-4.jpg\"><\/picture>\n<p><span>Mir\u00e1 tambi\u00e9n<\/span><\/p>\n<hr>\n<h3>Colapinto en modo swiftie: &#8220;Parezco Taylor Swift&#8221;<\/h3>\n<\/p>\n<\/section>\n<\/div>\n<div class=\"sc-a7166897-0 eoLsBE\" readability=\"6\">\n<section readability=\"2\"><picture><img alt=\"Corri\u00f3 11 carreras en la F1 y fue categ\u00f3rico sobre el futuro de Colapinto\" loading=\"lazy\" width=\"290\" height=\"290\" decoding=\"async\" data-nimg=\"1\" src=\"http:\/\/cordobadirecto.com\/wp-content\/uploads\/2024\/11\/bomba-en-la-formula-1-alpine-llevara-motores-mercedes-a-partir-de-2026-5.jpg\"><\/picture>\n<p><span>Mir\u00e1 tambi\u00e9n<\/span><\/p>\n<hr>\n<h3>Corri\u00f3 11 carreras en la F1 y fue categ\u00f3rico sobre el futuro de Colapinto<\/h3>\n<\/p>\n<\/section>\n<\/div>\n<div class=\"sc-a7166897-0 eoLsBE\" readability=\"6\">\n<section readability=\"2\"><picture><img alt=\"Tabla de posiciones del TC: as\u00ed qued\u00f3 la Copa de Oro a una fecha del final\" loading=\"lazy\" width=\"290\" height=\"290\" decoding=\"async\" data-nimg=\"1\" src=\"http:\/\/cordobadirecto.com\/wp-content\/uploads\/2024\/11\/bomba-en-la-formula-1-alpine-llevara-motores-mercedes-a-partir-de-2026-6.jpg\"><\/picture>\n<p><span>Mir\u00e1 tambi\u00e9n<\/span><\/p>\n<hr>\n<h3>Tabla de posiciones del TC: as\u00ed qued\u00f3 la Copa de Oro a una fecha del final<\/h3>\n<\/p>\n<\/section>\n<\/div>\n<\/div>\n","protected":false},"excerpt":{"rendered":"<p>12\/11\/2024 15:52hs. Poco m\u00e1s de un mes pas\u00f3 desde que Renault hizo oficial que dejar\u00e1 de producir motores para la F\u00f3rmula 1 por su alto costo. Tras esta confirmaci\u00f3n, Alpine, la continuaci\u00f3n de la marca del Rombo (es su l\u00ednea deportiva), tom\u00f3 una dr\u00e1stica decisi\u00f3n: comenzar\u00e1 a utilizar unidades de potencia y cajas de cambios [&hellip;]<\/p>\n","protected":false},"author":1,"featured_media":158124,"comment_status":"closed","ping_status":"closed","sticky":false,"template":"","format":"standard","meta":[],"categories":[21],"tags":[],"_links":{"self":[{"href":"http:\/\/cordobadirecto.com\/index.php\/wp-json\/wp\/v2\/posts\/158123"}],"collection":[{"href":"http:\/\/cordobadirecto.com\/index.php\/wp-json\/wp\/v2\/posts"}],"about":[{"href":"http:\/\/cordobadirecto.com\/index.php\/wp-json\/wp\/v2\/types\/post"}],"author":[{"embeddable":true,"href":"http:\/\/cordobadirecto.com\/index.php\/wp-json\/wp\/v2\/users\/1"}],"replies":[{"embeddable":true,"href":"http:\/\/cordobadirecto.com\/index.php\/wp-json\/wp\/v2\/comments?post=158123"}],"version-history":[{"count":0,"href":"http:\/\/cordobadirecto.com\/index.php\/wp-json\/wp\/v2\/posts\/158123\/revisions"}],"wp:featuredmedia":[{"embeddable":true,"href":"http:\/\/cordobadirecto.com\/index.php\/wp-json\/wp\/v2\/media\/158124"}],"wp:attachment":[{"href":"http:\/\/cordobadirecto.com\/index.php\/wp-json\/wp\/v2\/media?parent=158123"}],"wp:term":[{"taxonomy":"category","embeddable":true,"href":"http:\/\/cordobadirecto.com\/index.php\/wp-json\/wp\/v2\/categories?post=158123"},{"taxonomy":"post_tag","embeddable":true,"href":"http:\/\/cordobadirecto.com\/index.php\/wp-json\/wp\/v2\/tags?post=158123"}],"curies":[{"name":"wp","href":"https:\/\/api.w.org\/{rel}","templated":true}]}}