{"id":158138,"date":"2024-11-13T15:46:25","date_gmt":"2024-11-13T15:46:25","guid":{"rendered":"https:\/\/puntoapunto.com.ar\/?p=367288"},"modified":"2024-11-13T15:46:25","modified_gmt":"2024-11-13T15:46:25","slug":"la-justicia-confirmo-la-condena-a-seis-anos-de-prision-para-cristina-fernandez-de-kirchner","status":"publish","type":"post","link":"http:\/\/cordobadirecto.com\/index.php\/2024\/11\/13\/la-justicia-confirmo-la-condena-a-seis-anos-de-prision-para-cristina-fernandez-de-kirchner\/","title":{"rendered":"La Justicia confirm\u00f3 la condena a seis a\u00f1os de prisi\u00f3n para Cristina Fern\u00e1ndez de Kirchner"},"content":{"rendered":"<div class=\"g g-36\">\n<div class=\"g-dyn a-29 c-1\"><a class=\"gofollow\" data-track=\"MjksMzYsMSw2MA==\" href=\"https:\/\/www.harmoniechateau.com.ar\/\" target=\"_blank\" rel=\"noopener\"><img src=\"http:\/\/cordobadirecto.com\/wp-content\/uploads\/2024\/11\/la-justicia-confirmo-la-condena-a-seis-anos-de-prision-para-cristina-fernandez-de-kirchner.gif\" loading=\"lazy\"><\/a><\/div>\n<\/div>\n<p>&nbsp;\n<\/p>\n<p><strong>La C\u00e1mara Federal de Casaci\u00f3n Penal confirm\u00f3 esta ma\u00f1ana&nbsp;la condena a seis a\u00f1os de prisi\u00f3n a la ex presidenta Cristina Fern\u00e1ndez de Kirchner&nbsp;por \u00abadministraci\u00f3n fraudulenta\u00bb&nbsp;<\/strong>agravada y la inhabilitaci\u00f3n perpetua para ejercer cargos p\u00fablicos en la causa \u00abVialidad\u00bb, al dar a conocer la sentencia en los tribunales de Retiro.\n<\/p>\n<p><strong>A\u00fan con la condena confirmada por la C\u00e1mara de Casaci\u00f3n, la expresidenta&nbsp;no ir\u00e1 presa,&nbsp;<\/strong>ya que la sentencia queda firme y se ejecuta solo cuando est\u00e9n agotadas todas las instancias judiciales de revisi\u00f3n.\n<\/p>\n<p>Adem\u00e1s, Casaci\u00f3n confirm\u00f3 las penas a seis a\u00f1os de prisi\u00f3n al ex secretario de<strong> Obras P\u00fablicas Jos\u00e9 L\u00f3pez, el ex titular de Vialidad Nacional Nelson Periotti y a L\u00e1zaro B\u00e1ez.<\/strong><!-- \u00a1O bien no hay banners, estan desactivados o no estan programados para esta ubicaci\u00f3n! -->\n<\/p>\n<p>Tambi\u00e9n se confirm\u00f3 la absoluci\u00f3n del ex ministro de Planificaci\u00f3n Federal<strong> Julio De Vido y las absoluciones de Abel Fatala y H\u00e9ctor Ren\u00e9 Garro. <\/strong>En tanto, confirm\u00f3 las condenas a Juan Carlos Villafa\u00f1e a 5 a\u00f1os y Ra\u00fal Pavesi a 4 a\u00f1os y 6 meses de prisi\u00f3n, a Jos\u00e9 Santib\u00e1\u00f1ez a 4 a\u00f1os &nbsp;y Ra\u00fal Daruich &nbsp;a 3 a\u00f1os de prisi\u00f3n, todos ex funcionarios de Vialidad.<\/p>\n<div class=\"g g-38\">\n<div class=\"g-dyn a-12 c-1\"><a class=\"gofollow\" data-track=\"MTIsMzgsMSw2MA==\" href=\"https:\/\/hospitalprivado.com.ar\/blog\/institucional\/somos-la-primera-institucion-del-interior-del-pais-en-acreditar-joint-commission-international.html\" target=\"_blank\" rel=\"noopener\"><img src=\"http:\/\/cordobadirecto.com\/wp-content\/uploads\/2024\/11\/la-justicia-confirmo-la-condena-a-seis-anos-de-prision-para-cristina-fernandez-de-kirchner-1.gif\" loading=\"lazy\"><\/a><\/div>\n<\/div>\n","protected":false},"excerpt":{"rendered":"<p>&nbsp; La C\u00e1mara Federal de Casaci\u00f3n Penal confirm\u00f3 esta ma\u00f1ana&nbsp;la condena a seis a\u00f1os de prisi\u00f3n a la ex presidenta Cristina Fern\u00e1ndez de Kirchner&nbsp;por \u00abadministraci\u00f3n fraudulenta\u00bb&nbsp;agravada y la inhabilitaci\u00f3n perpetua para ejercer cargos p\u00fablicos en la causa \u00abVialidad\u00bb, al dar a conocer la sentencia en los tribunales de Retiro. A\u00fan con la condena confirmada por [&hellip;]<\/p>\n","protected":false},"author":1,"featured_media":158139,"comment_status":"closed","ping_status":"closed","sticky":false,"template":"","format":"standard","meta":[],"categories":[23,25],"tags":[],"_links":{"self":[{"href":"http:\/\/cordobadirecto.com\/index.php\/wp-json\/wp\/v2\/posts\/158138"}],"collection":[{"href":"http:\/\/cordobadirecto.com\/index.php\/wp-json\/wp\/v2\/posts"}],"about":[{"href":"http:\/\/cordobadirecto.com\/index.php\/wp-json\/wp\/v2\/types\/post"}],"author":[{"embeddable":true,"href":"http:\/\/cordobadirecto.com\/index.php\/wp-json\/wp\/v2\/users\/1"}],"replies":[{"embeddable":true,"href":"http:\/\/cordobadirecto.com\/index.php\/wp-json\/wp\/v2\/comments?post=158138"}],"version-history":[{"count":0,"href":"http:\/\/cordobadirecto.com\/index.php\/wp-json\/wp\/v2\/posts\/158138\/revisions"}],"wp:featuredmedia":[{"embeddable":true,"href":"http:\/\/cordobadirecto.com\/index.php\/wp-json\/wp\/v2\/media\/158139"}],"wp:attachment":[{"href":"http:\/\/cordobadirecto.com\/index.php\/wp-json\/wp\/v2\/media?parent=158138"}],"wp:term":[{"taxonomy":"category","embeddable":true,"href":"http:\/\/cordobadirecto.com\/index.php\/wp-json\/wp\/v2\/categories?post=158138"},{"taxonomy":"post_tag","embeddable":true,"href":"http:\/\/cordobadirecto.com\/index.php\/wp-json\/wp\/v2\/tags?post=158138"}],"curies":[{"name":"wp","href":"https:\/\/api.w.org\/{rel}","templated":true}]}}