{"id":158158,"date":"2024-11-13T21:36:16","date_gmt":"2024-11-13T21:36:16","guid":{"rendered":"https:\/\/www.ole.com.ar\/autos\/max-verstappen-polemicas-declaraciones-presentacion-formula-2025_0_Chgh0n9aJJ.html"},"modified":"2024-11-13T21:36:16","modified_gmt":"2024-11-13T21:36:16","slug":"la-contundente-frase-de-verstappen-sobre-el-evento-de-presentacion-de-los-autos-de-f1-en-2025","status":"publish","type":"post","link":"http:\/\/cordobadirecto.com\/index.php\/2024\/11\/13\/la-contundente-frase-de-verstappen-sobre-el-evento-de-presentacion-de-los-autos-de-f1-en-2025\/","title":{"rendered":"La contundente frase de Verstappen sobre el evento de presentaci\u00f3n de los autos de F1 en 2025"},"content":{"rendered":"<p><time class=\"createDate\" datetime=\"2024-11-13T18:36:16-03:00\">13\/11\/2024 18:36hs.<\/time><\/p>\n<div id=\"storyBody\">\n<div class=\"custom-text \" readability=\"32.76404494382\">\n<p>En el marco de lo que ser\u00e1 el <strong>75 aniversario de la<\/strong> <strong><a href=\"https:\/\/www.ole.com.ar\/tema\/formula-1.html\" title=\"F\u00f3rmula 1\" alt=\"F\u00f3rmula 1\" class=\"slug\">F\u00f3rmula 1<\/a><\/strong>, <strong>la M\u00e1xima realizar\u00e1 un<\/strong> <strong>evento gigantesco<\/strong> en el que logr\u00f3 que las diez escuder\u00edas presenten en conjunto los nuevos dise\u00f1os de sus autos para la temporada 2025, <strong>algo que<\/strong> <strong>no le gust\u00f3 a <a href=\"https:\/\/www.ole.com.ar\/tema\/max-verstappen.html\" title=\"Max Verstappen\" alt=\"Max Verstappen\" class=\"slug\">Max Verstappen<\/a><\/strong>.<\/p>\n<\/div>\n<div class=\"custom-text \" readability=\"38\">\n<p>El neerland\u00e9s estaba en directo a trav\u00e9s de su canal de Twitch cuando se hizo menci\u00f3n del acontecimiento que tomar\u00e1 lugar en el <strong>O2 Arena<\/strong> de Londres, el <strong>18 de febrero<\/strong> a las <strong>16<\/strong>. El piloto de Red Bull, que se ve\u00eda claramente fastidiado por el t\u00f3pico de conversaci\u00f3n, coment\u00f3: &#8220;<strong>Espero estar enfermo esa semana<\/strong>&#8220;. <\/p>\n<\/div>\n<div type=\"embed\" class=\"sc-3f46f5ae-0 djVTgz\">\n<div class=\"sc-3f46f5ae-1 fTjZec videoText\" id=\"contentTitleembedoiQawEox\" type=\"embed\"><svg fill=\"#ffffff\"><symbol id=\"play\" viewBox=\"0 0 512 512\"><path d=\"M512 256C512 397.4 397.4 512 256 512C114.6 512 0 397.4 0 256C0 114.6 114.6 0 256 0C397.4 0 512 114.6 512 256zM176 168V344C176 352.7 180.7 360.7 188.3 364.9C195.8 369.2 205.1 369 212.5 364.5L356.5 276.5C363.6 272.1 368 264.4 368 256C368 247.6 363.6 239.9 356.5 235.5L212.5 147.5C205.1 142.1 195.8 142.8 188.3 147.1C180.7 151.3 176 159.3 176 168V168z\" \/><\/symbol><use xlink:href=\"#play\" \/><\/svg><\/p>\n<div class=\"right\">\n<p>Max Verstappen<!-- --> &#8211;<!-- --> <span>&nbsp;<\/span><\/p>\n<h2 class=\"title-vid\">VIDEO: El fastidio de Verstappen sobre el evento que realizar\u00e1 la F\u00f3rmula 1 en 2025.<\/h2>\n<\/div>\n<\/div>\n<p><span class=\"back\" id=\"spanBackembedoiQawEox\"><\/span><\/div>\n<p><h2><strong>Qu\u00e9 queda por disputarse en la F\u00f3rmula 1<\/strong><\/h2>\n<\/p>\n<div class=\"custom-text \" readability=\"43\">\n<p>La pr\u00f3xima fecha, la 22a, se correr\u00e1 en <strong>Las Vegas<\/strong>,<strong> Estados Unidos<\/strong>, el <strong>24 de noviembre<\/strong>, mientras que la 23a ser\u00e1 en <strong>Lusail<\/strong>, <strong>Qatar<\/strong>, el <strong>1 de diciembre<\/strong>. La \u00faltima jornada se llevar\u00e1 a cabo en <strong>Abu Dhab<\/strong>i, en los <strong>Emiratos \u00c1rabes Unidos<\/strong>, el <strong>8 de diciembre<\/strong>.<\/p>\n<\/div>\n<div class=\"sc-e7b891c4-0 ifHnQL image-embed\"><img alt=\"Pr\u00f3xima parada: Las Vegas (REUTER).\" loading=\"lazy\" width=\"720\" height=\"100\" decoding=\"async\" data-nimg=\"1\" src=\"http:\/\/cordobadirecto.com\/wp-content\/uploads\/2024\/11\/la-contundente-frase-de-verstappen-sobre-el-evento-de-presentacion-de-los-autos-de-f1-en-2025.jpg\"><span class=\"epigraphe\">Pr\u00f3xima parada: Las Vegas (REUTER).<\/span><\/div>\n<p><h2><strong>C\u00f3mo ser\u00e1 el calendario de la M\u00e1xima en 2025<\/strong><\/h2>\n<\/p>\n<div class=\"custom-text \">\n<ol>\n<li><strong>Gran Premio de Australia<\/strong> (14-16 de marzo) en <strong>Albert Park<\/strong>.<\/li>\n<li><strong>Gran Premio de China<\/strong> (21-23 de marzo) en <strong>Shangai (sprint)<\/strong>.<\/li>\n<li><strong>Gran Premio de Jap\u00f3n<\/strong> (4-6 de abril) en <strong>Suzuka<\/strong>.<\/li>\n<li><strong>Gran Premio de Bahrein<\/strong> (11-13 de abril) en <strong>Sakhir<\/strong>.<\/li>\n<li><strong>Gran Premio de Arabia Saud\u00ed<\/strong> (18-20 de abril) en <strong>Yeda<\/strong>.<\/li>\n<li><strong>Gran Premio de Miami<\/strong> (2-4 de mayo) en el <strong>Aut\u00f3dromo de Miami (sprint)<\/strong>.<\/li>\n<li><strong>Gran Premio de Emilia Romagna<\/strong> (16-18 de mayo) en <strong>Imola<\/strong>.<\/li>\n<li><strong>Gran Premio de M\u00f3naco<\/strong> (23-25 de mayor) en el <strong>Circuito de M\u00f3naco<\/strong>.<\/li>\n<li><strong>Gran Premio de Espa\u00f1a<\/strong> (30 de mayo &#8211; 1 de junio) en el <strong>Circuit de Barcelona &#8211; Catalunya<\/strong>.<\/li>\n<li><strong>Gran Premio de Canad\u00e1<\/strong> (13-15 de junio) en <strong>Montreal<\/strong>.<\/li>\n<li><strong>Gran Premio de Austria<\/strong> (27-29 de junio) en <strong>Spielberg<\/strong>.<\/li>\n<li><strong>Gran Premio de Reino Unido<\/strong> (4-6 de julio) en <strong>Silverstone<\/strong>.<\/li>\n<li><strong>Gran Premio de B\u00e9lgica<\/strong> (25-27 de julio) en <strong>Spa-Francorchamps (sprint)<\/strong>.<\/li>\n<li><strong>Gran Premio de Hungr\u00eda <\/strong>(1-3 de agosto) en <strong>Hungaroring<\/strong>.<\/li>\n<li><strong>Gran Premio de Pa\u00edses Bajos <\/strong>(29-31 de agosto) en <strong>Zandvoort<\/strong>.<\/li>\n<li><strong>Gran Premio de Italia<\/strong> (5-7 de septiembre) en <strong>Monza<\/strong>.<\/li>\n<li><strong>Gran Premio de Azerbaiy\u00e1n <\/strong>(19-21 de septiembre) en <strong>Bak\u00fa<\/strong>.<\/li>\n<li><strong>Gran Premio de Singapur<\/strong> (3-5 de octubre) en <strong>Singapur<\/strong>.<\/li>\n<li><strong>Gran Premio de Estados Unidos <\/strong>(17-19 de ocubre) en <strong>Austin (sprint)<\/strong>.<\/li>\n<li><strong>Gran Premio de Ciudad de M\u00e9xico <\/strong>(24-26 de octubre) en el<strong> Aut\u00f3dromo Hermanos Rodr\u00edguez<\/strong>.<\/li>\n<li><strong>Gran Premio de San Pablo<\/strong> (7-9 de noviembre) en<strong> Interlagos (sprint)<\/strong>.<\/li>\n<li><strong>Gran Premio de Las Vegas<\/strong> (20-22 de noviembre) en el <strong>Circuito de Las Vegas<\/strong>.<\/li>\n<li><strong>Gran Premio de Qatar<\/strong> (28-30 de noviembre) en <strong>Lusail (sprint)<\/strong>.<\/li>\n<li><strong>Gran Premio de Abu Dhabi<\/strong> (5-7 de diciembre) en <strong>Marina Bay<\/strong>.<\/li>\n<\/ol>\n<\/div>\n<div class=\"sc-a7166897-0 eoLsBE\" readability=\"6\">\n<section readability=\"2\"><picture><img alt=\"El ex piloto de la F\u00f3rmula 1 que candidate\u00f3 a Colapinto para Red Bull en 2025\" loading=\"lazy\" width=\"290\" height=\"290\" decoding=\"async\" data-nimg=\"1\" src=\"http:\/\/cordobadirecto.com\/wp-content\/uploads\/2024\/11\/la-contundente-frase-de-verstappen-sobre-el-evento-de-presentacion-de-los-autos-de-f1-en-2025-1.jpg\"><\/picture>\n<p><span>Mir\u00e1 tambi\u00e9n<\/span><\/p>\n<hr>\n<h3>El ex piloto de la F\u00f3rmula 1 que candidate\u00f3 a Colapinto para Red Bull en 2025<\/h3>\n<\/p>\n<\/section>\n<\/div>\n<div class=\"sc-a7166897-0 eoLsBE\" readability=\"6\">\n<section readability=\"2\"><picture><img alt=\"El lamento de Scaloni por no haber podido conocer a Colapinto\" loading=\"lazy\" width=\"290\" height=\"290\" decoding=\"async\" data-nimg=\"1\" src=\"http:\/\/cordobadirecto.com\/wp-content\/uploads\/2024\/11\/la-contundente-frase-de-verstappen-sobre-el-evento-de-presentacion-de-los-autos-de-f1-en-2025-2.jpg\"><\/picture>\n<p><span>Mir\u00e1 tambi\u00e9n<\/span><\/p>\n<hr>\n<h3>El lamento de Scaloni por no haber podido conocer a Colapinto<\/h3>\n<\/p>\n<\/section>\n<\/div>\n<div class=\"sc-a7166897-0 eoLsBE\" readability=\"6.5\">\n<section readability=\"3\"><picture><img alt=\"La revoluci\u00f3n Franco Colapinto en las marcas que lo acompa\u00f1an: &quot;Es una figura maradoniana&quot;\" loading=\"lazy\" width=\"290\" height=\"290\" decoding=\"async\" data-nimg=\"1\" src=\"http:\/\/cordobadirecto.com\/wp-content\/uploads\/2024\/11\/la-contundente-frase-de-verstappen-sobre-el-evento-de-presentacion-de-los-autos-de-f1-en-2025-3.jpg\"><\/picture>\n<p><span>Mir\u00e1 tambi\u00e9n<\/span><\/p>\n<hr>\n<h3>La revoluci\u00f3n Franco Colapinto en las marcas que lo acompa\u00f1an: &#8220;Es una figura maradoniana&#8221;<\/h3>\n<\/p>\n<\/section>\n<\/div>\n<\/div>\n","protected":false},"excerpt":{"rendered":"<p>13\/11\/2024 18:36hs. En el marco de lo que ser\u00e1 el 75 aniversario de la F\u00f3rmula 1, la M\u00e1xima realizar\u00e1 un evento gigantesco en el que logr\u00f3 que las diez escuder\u00edas presenten en conjunto los nuevos dise\u00f1os de sus autos para la temporada 2025, algo que no le gust\u00f3 a Max Verstappen. El neerland\u00e9s estaba en [&hellip;]<\/p>\n","protected":false},"author":1,"featured_media":158159,"comment_status":"closed","ping_status":"closed","sticky":false,"template":"","format":"standard","meta":[],"categories":[21],"tags":[],"_links":{"self":[{"href":"http:\/\/cordobadirecto.com\/index.php\/wp-json\/wp\/v2\/posts\/158158"}],"collection":[{"href":"http:\/\/cordobadirecto.com\/index.php\/wp-json\/wp\/v2\/posts"}],"about":[{"href":"http:\/\/cordobadirecto.com\/index.php\/wp-json\/wp\/v2\/types\/post"}],"author":[{"embeddable":true,"href":"http:\/\/cordobadirecto.com\/index.php\/wp-json\/wp\/v2\/users\/1"}],"replies":[{"embeddable":true,"href":"http:\/\/cordobadirecto.com\/index.php\/wp-json\/wp\/v2\/comments?post=158158"}],"version-history":[{"count":0,"href":"http:\/\/cordobadirecto.com\/index.php\/wp-json\/wp\/v2\/posts\/158158\/revisions"}],"wp:featuredmedia":[{"embeddable":true,"href":"http:\/\/cordobadirecto.com\/index.php\/wp-json\/wp\/v2\/media\/158159"}],"wp:attachment":[{"href":"http:\/\/cordobadirecto.com\/index.php\/wp-json\/wp\/v2\/media?parent=158158"}],"wp:term":[{"taxonomy":"category","embeddable":true,"href":"http:\/\/cordobadirecto.com\/index.php\/wp-json\/wp\/v2\/categories?post=158158"},{"taxonomy":"post_tag","embeddable":true,"href":"http:\/\/cordobadirecto.com\/index.php\/wp-json\/wp\/v2\/tags?post=158158"}],"curies":[{"name":"wp","href":"https:\/\/api.w.org\/{rel}","templated":true}]}}