{"id":158160,"date":"2024-11-13T20:25:46","date_gmt":"2024-11-13T20:25:46","guid":{"rendered":"https:\/\/www.ole.com.ar\/autos\/lamento-scaloni-deseo-conocer-franco-colapinto-seleccion-argentinaformula1_0_p4qV57u7Jy.html"},"modified":"2024-11-13T20:25:46","modified_gmt":"2024-11-13T20:25:46","slug":"el-lamento-de-scaloni-por-no-haber-podido-conocer-a-colapinto","status":"publish","type":"post","link":"http:\/\/cordobadirecto.com\/index.php\/2024\/11\/13\/el-lamento-de-scaloni-por-no-haber-podido-conocer-a-colapinto\/","title":{"rendered":"El lamento de Scaloni por no haber podido conocer a Colapinto"},"content":{"rendered":"<p><time class=\"createDate\" datetime=\"2024-11-13T17:25:46-03:00\">13\/11\/2024 17:25hs.<\/time><\/p>\n<div id=\"storyBody\">\n<div class=\"custom-text \" readability=\"33.637795275591\">\n<p>En la conferencia de prensa antes del partido de <strong><a href=\"https:\/\/www.ole.com.ar\/tema\/tGFPbwrM44.html\" title=\"Argentina contra Paraguay en La Bombonera\" alt=\"Argentina contra Paraguay en La Bombonera\">Argentina contra Paraguay <\/a>por Eliminatorias<\/strong>, <strong>Lionel Scaloni fue sorprendido con una pregunta inesperada sobre Franco Colapinto<\/strong>. Al t\u00e9cnico de la selecci\u00f3n albiceleste le consultaron si se hab\u00eda contactado con el joven piloto que tanto ilusiona a los fan\u00e1ticos en la F\u00f3rmula 1 y se refiri\u00f3 al deseo personal de poder conocerlo.<\/p>\n<\/div>\n<div class=\"custom-text \" readability=\"38\">\n<p>\u201c<strong>No habl\u00e9 con Colapinto<\/strong>. \u00c9l estuvo en Mallorca la semana pasada y yo estaba ac\u00e1 (en Argentina), me hubiera gustado coincidir. Me escribi\u00f3 su manager, pero bueno, nos cruzamos al rev\u00e9s. <strong>No van a faltar oportunidades para conocernos<\/strong>\u201d, coment\u00f3 el oriundo de Pujato.<\/p>\n<\/div>\n<div class=\"custom-text \" readability=\"37\">\n<p>Aunque la vida de un t\u00e9cnico de selecci\u00f3n y la de un piloto de F\u00f3rmula 1 rara vez se cruzan, los dos suelen coincidir en el mismo escenario geogr\u00e1fico y comparten la pasi\u00f3n por sus respectivos deportes (Lionel supo confesar ser amante del automovilismo -principalmente del Turismo Carretera en su infancia-, mientras que Franco se sabe que es hincha fan\u00e1tico de Boca).<\/p>\n<\/div>\n<div class=\"sc-e7b891c4-0 ifHnQL image-embed\"><img alt=\"Scaloni y Colapinto viven en Mallorca, pero a\u00fan no coincidieron.\" loading=\"lazy\" width=\"720\" height=\"100\" decoding=\"async\" data-nimg=\"1\" src=\"http:\/\/cordobadirecto.com\/wp-content\/uploads\/2024\/11\/el-lamento-de-scaloni-por-no-haber-podido-conocer-a-colapinto.jpg\"><span class=\"epigraphe\">Scaloni y Colapinto viven en Mallorca, pero a\u00fan no coincidieron.<\/span><\/div>\n<div class=\"custom-text \" readability=\"36\">\n<p>\u201c<strong>Genera un ilusi\u00f3n para todos los argentinos tener un piloto en la m\u00e1xima categor\u00eda.<\/strong> <strong>Lo felicito y estamos orgullosos de tener un piloto argentino ah\u00ed<\/strong>\u2033<strong>,<\/strong> hab\u00eda manifestado el t\u00e9cnico bicampe\u00f3n de la Copa Am\u00e9rica y campe\u00f3n del mundo cuando se confirm\u00f3 la noticia sobre la participaci\u00f3n del pilarense en la F1.<\/p>\n<\/div>\n<div class=\"sc-e7b891c4-0 ifHnQL image-embed\"><img alt=\"Argentina vs. Paraguay, este jueves a las 20.30 en La Bombonera. (REUTER)\" loading=\"lazy\" width=\"720\" height=\"100\" decoding=\"async\" data-nimg=\"1\" src=\"http:\/\/cordobadirecto.com\/wp-content\/uploads\/2024\/11\/el-lamento-de-scaloni-por-no-haber-podido-conocer-a-colapinto-1.jpg\"><span class=\"epigraphe\">Argentina vs. Paraguay, este jueves a las 20.30 en La Bombonera. (REUTER)<\/span><\/div>\n<div class=\"custom-text \" readability=\"40\">\n<p>Tras ese reconocimiento, Franco hab\u00eda comentado lo siguiente en su cuenta de X (ex Twitter): <strong>\u201c\u00a1Qu\u00e9 crack que es! El verdadero n\u00famero uno. Y el que diga lo contrario, lo bloqueo<\/strong>\u201d. Luego, cuando a Colapinto le consultaron los medios por Scaloni, dijo: <strong>\u201cTengo entendido que vive en Mallorca&#8230; Nunca lo pude ver pero s\u00e9 que anda en bici tambi\u00e9n. Tenemos varias cosas en com\u00fan, como la pasi\u00f3n por los autos\u2033<\/strong>.<\/p>\n<\/div>\n<div class=\"sc-e7b891c4-0 ifHnQL image-embed\"><img alt=\"Las Vegas: la pr\u00f3xima parada de Colapinto en la F\u00f3rmula 1.\" loading=\"lazy\" width=\"720\" height=\"100\" decoding=\"async\" data-nimg=\"1\" src=\"http:\/\/cordobadirecto.com\/wp-content\/uploads\/2024\/11\/el-lamento-de-scaloni-por-no-haber-podido-conocer-a-colapinto-2.jpg\"><span class=\"epigraphe\">Las Vegas: la pr\u00f3xima parada de Colapinto en la F\u00f3rmula 1.<\/span><\/div>\n<p><h2><strong>\u00bfCu\u00e1ndo es la pr\u00f3xima carrera de Franco Colapinto en la F\u00f3rmula 1?<\/strong><\/h2>\n<\/p>\n<div class=\"custom-text \" readability=\"42\">\n<p><strong>Entre el 21 y el 24 de noviembre, en Las Vegas<\/strong>, el piloto argentino disputar\u00e1 su s\u00e9ptima carrera en la M\u00e1xima, que a su vez ser\u00e1 la tercera que se dispute en suelo norteamericano: ya pasaron el <strong>GP de Miami<\/strong>, en el que el argentino no dijo presente pues a\u00fan segu\u00eda en la F\u00f3rmula 2, y el <strong>GP de Estados Unidos<\/strong>, en Austin, donde finaliz\u00f3 10\u00ba y sum\u00f3 un punto.<\/p>\n<\/div>\n<div class=\"custom-text \" readability=\"42\">\n<p>Ser\u00e1 en un horario at\u00edpico para el p\u00fablico argentino, debido a la diferencia horaria (5 horas) y a que este evento se desarrolla por la noche estadounidense. El jueves 21 a las 23.30 (horario argentino) ser\u00e1 el primer entrenamiento, y a las 3 de la madrugada del viernes 22 se desarrollar\u00e1 la segunda pr\u00e1ctica. M\u00e1s tarde, de nuevo a las 23.30, se realizar\u00e1 el \u00faltimo ensayo, y desde las 3 del s\u00e1bado 23 se llevar\u00e1 a cabo la qualy. <strong>El domingo 24, tambi\u00e9n a las 3 de la ma\u00f1ana, ser\u00e1 la carrera principal<\/strong>. Todo se podr\u00e1 ver en vivo por <strong>Fox Sports<\/strong> y <strong>Disney+ Premium<\/strong>.<\/p>\n<\/div>\n<div class=\"sc-a7166897-0 eoLsBE\" readability=\"6\">\n<section readability=\"2\"><picture><img alt=\"El ex piloto de la F\u00f3rmula 1 que candidate\u00f3 a Colapinto para Red Bull en 2025\" loading=\"lazy\" width=\"290\" height=\"290\" decoding=\"async\" data-nimg=\"1\" src=\"http:\/\/cordobadirecto.com\/wp-content\/uploads\/2024\/11\/el-lamento-de-scaloni-por-no-haber-podido-conocer-a-colapinto-3.jpg\"><\/picture>\n<p><span>Mir\u00e1 tambi\u00e9n<\/span><\/p>\n<hr>\n<h3>El ex piloto de la F\u00f3rmula 1 que candidate\u00f3 a Colapinto para Red Bull en 2025<\/h3>\n<\/p>\n<\/section>\n<\/div>\n<div class=\"sc-a7166897-0 eoLsBE\" readability=\"6\">\n<section readability=\"2\"><picture><img alt=\"Bomba: \u00bfFranco Colapinto en la mira de una nueva escuder\u00eda para 2025?\" loading=\"lazy\" width=\"290\" height=\"290\" decoding=\"async\" data-nimg=\"1\" src=\"http:\/\/cordobadirecto.com\/wp-content\/uploads\/2024\/11\/el-lamento-de-scaloni-por-no-haber-podido-conocer-a-colapinto-4.jpg\"><\/picture>\n<p><span>Mir\u00e1 tambi\u00e9n<\/span><\/p>\n<hr>\n<h3>Bomba: \u00bfFranco Colapinto en la mira de una nueva escuder\u00eda para 2025?<\/h3>\n<\/p>\n<\/section>\n<\/div>\n<div class=\"sc-a7166897-0 eoLsBE\" readability=\"6\">\n<section readability=\"2\"><picture><img alt=\"La F\u00f3rmula 1 eligi\u00f3 las mejores frases de Colapinto: \u00bfcu\u00e1les son?\" loading=\"lazy\" width=\"290\" height=\"290\" decoding=\"async\" data-nimg=\"1\" src=\"http:\/\/cordobadirecto.com\/wp-content\/uploads\/2024\/11\/el-lamento-de-scaloni-por-no-haber-podido-conocer-a-colapinto-5.jpg\"><\/picture>\n<p><span>Mir\u00e1 tambi\u00e9n<\/span><\/p>\n<hr>\n<h3>La F\u00f3rmula 1 eligi\u00f3 las mejores frases de Colapinto: \u00bfcu\u00e1les son?<\/h3>\n<\/p>\n<\/section>\n<\/div>\n<div class=\"sc-a7166897-0 eoLsBE\" readability=\"6\">\n<section readability=\"2\"><picture><img alt=\"El efecto domin\u00f3 que complicar\u00eda la continuidad de Colapinto en la F\u00f3rmula 1\" loading=\"lazy\" width=\"290\" height=\"290\" decoding=\"async\" data-nimg=\"1\" src=\"http:\/\/cordobadirecto.com\/wp-content\/uploads\/2024\/11\/el-lamento-de-scaloni-por-no-haber-podido-conocer-a-colapinto-6.jpg\"><\/picture>\n<p><span>Mir\u00e1 tambi\u00e9n<\/span><\/p>\n<hr>\n<h3>El efecto domin\u00f3 que complicar\u00eda la continuidad de Colapinto en la F\u00f3rmula 1<\/h3>\n<\/p>\n<\/section>\n<\/div>\n<\/div>\n","protected":false},"excerpt":{"rendered":"<p>13\/11\/2024 17:25hs. En la conferencia de prensa antes del partido de Argentina contra Paraguay por Eliminatorias, Lionel Scaloni fue sorprendido con una pregunta inesperada sobre Franco Colapinto. Al t\u00e9cnico de la selecci\u00f3n albiceleste le consultaron si se hab\u00eda contactado con el joven piloto que tanto ilusiona a los fan\u00e1ticos en la F\u00f3rmula 1 y se [&hellip;]<\/p>\n","protected":false},"author":1,"featured_media":158161,"comment_status":"closed","ping_status":"closed","sticky":false,"template":"","format":"standard","meta":[],"categories":[21],"tags":[],"_links":{"self":[{"href":"http:\/\/cordobadirecto.com\/index.php\/wp-json\/wp\/v2\/posts\/158160"}],"collection":[{"href":"http:\/\/cordobadirecto.com\/index.php\/wp-json\/wp\/v2\/posts"}],"about":[{"href":"http:\/\/cordobadirecto.com\/index.php\/wp-json\/wp\/v2\/types\/post"}],"author":[{"embeddable":true,"href":"http:\/\/cordobadirecto.com\/index.php\/wp-json\/wp\/v2\/users\/1"}],"replies":[{"embeddable":true,"href":"http:\/\/cordobadirecto.com\/index.php\/wp-json\/wp\/v2\/comments?post=158160"}],"version-history":[{"count":0,"href":"http:\/\/cordobadirecto.com\/index.php\/wp-json\/wp\/v2\/posts\/158160\/revisions"}],"wp:featuredmedia":[{"embeddable":true,"href":"http:\/\/cordobadirecto.com\/index.php\/wp-json\/wp\/v2\/media\/158161"}],"wp:attachment":[{"href":"http:\/\/cordobadirecto.com\/index.php\/wp-json\/wp\/v2\/media?parent=158160"}],"wp:term":[{"taxonomy":"category","embeddable":true,"href":"http:\/\/cordobadirecto.com\/index.php\/wp-json\/wp\/v2\/categories?post=158160"},{"taxonomy":"post_tag","embeddable":true,"href":"http:\/\/cordobadirecto.com\/index.php\/wp-json\/wp\/v2\/tags?post=158160"}],"curies":[{"name":"wp","href":"https:\/\/api.w.org\/{rel}","templated":true}]}}