{"id":158172,"date":"2024-11-13T21:08:23","date_gmt":"2024-11-13T21:08:23","guid":{"rendered":"https:\/\/cordoba.gob.ar\/?p=63986"},"modified":"2024-11-13T21:08:23","modified_gmt":"2024-11-13T21:08:23","slug":"la-ciudad-de-cordoba-pionera-con-un-torneo-magistral-de-ajedrez-inclusivo","status":"publish","type":"post","link":"http:\/\/cordobadirecto.com\/index.php\/2024\/11\/13\/la-ciudad-de-cordoba-pionera-con-un-torneo-magistral-de-ajedrez-inclusivo\/","title":{"rendered":"La ciudad de C\u00f3rdoba pionera con un torneo magistral de ajedrez inclusivo"},"content":{"rendered":"<div><img src=\"http:\/\/cordobadirecto.com\/wp-content\/uploads\/2024\/11\/la-ciudad-de-cordoba-pionera-con-un-torneo-magistral-de-ajedrez-inclusivo.jpg\" class=\"ff-og-image-inserted\"><\/div>\n<ul>\n<li><strong>Ser\u00e1 el pr\u00f3ximo domingo 17 de 10 a 17 horas en el Palacio Ferreyra, con entrada libre y gratuita<\/strong><\/li>\n<li><strong>Campeones nacionales y figuras destacadas del ajedrez se unen a jugadores con discapacidad en un torneo \u00fanico que utilizar\u00e1 tableros y piezas reciclados.<\/strong><\/li>\n<li><strong><strong>Adem\u00e1s, se dar\u00e1n clases para personas con discapacidad visual.<\/strong><\/strong><br \/>\n<hr>\n<\/li>\n<\/ul>\n<p>La Municipalidad de C\u00f3rdoba invita a sumarse al&nbsp;primer Magistral por la Inclusi\u00f3n, un hito para el ajedrez social en Argentina.<\/p>\n<p>La propuesta, creada y organizada por el ente BioC\u00f3rdoba e impulsada por la Direcci\u00f3n de Sustentabilidad Inclusiva, se llevar\u00e1 a cabo el domingo 17 de noviembre en el Palacio Ferreyra, de 10 a 17 horas.<\/p>\n<p>Este torneo, pionero en este tipo de competencias,&nbsp;busca promover la inclusi\u00f3n desde el ajedrez a &nbsp;personas con&nbsp;discapacidad visual y todo tipo de&nbsp;discapacidades.<\/p>\n<p>La propuesta es abierta al p\u00fablico, con entrada libre y gratuita.<\/p>\n<p><strong>Todos contra todos<\/strong><\/p>\n<p>14 jugadores destacados, incluyendo jugadores locales, no videntes y con diversas discapacidades, competir\u00e1n en un sistema de todos contra todos, utilizando tableros adaptados con el apoyo de \u00e1rbitros especializados.<\/p>\n<p>Habr\u00e1 espacios de socializaci\u00f3n para participantes y acompa\u00f1antes y clases gratuitas para personas con discapacidad visual.<\/p>\n<p>El evento culminar\u00e1 con una ceremonia de premiaci\u00f3n donde se reconocer\u00e1 a todos los participantes por su contribuci\u00f3n al ajedrez social y la entrega de tableros realizados con madera reciclada de la industria autopartista a la fundaci\u00f3n Jean Maggi.<\/p>\n<p><strong>Distinguidos participantes<\/strong><\/p>\n<p>Entre las figuras destacadas del ajedrez que dir\u00e1n presente este domingo en el Palacio Ferreyra, se encuentran Guillermo Soppe (ex campe\u00f3n nacional y gran maestro); Jos\u00e9 Mar\u00eda Saponara, representante internacional de Argentina en categor\u00eda ciegos; Eliana Mendieta, actual campeona femenina de C\u00f3rdoba; Dar\u00edo Soto, actual puntero de la Liga Municipal; Ernesto Molina, referente del Ajedrez Social en C\u00f3rdoba; Resemary Rinc\u00f3n Gonz\u00e1lez, participante venezolana, sub campeona femenina de C\u00f3rdoba; Ra\u00fal Grosso periodista y actual campe\u00f3n ACUA, disminuidos visuales.<\/p>\n<p>Adem\u00e1s, estar\u00e1n presentes Ximena Jaramillo, jugadora hipo ac\u00fastico, Liliana Burijovich, maestra Internacional, Carlos Alfredo Barrionuevo, escritor de ajedrez, Alejandro Gonz\u00e1lez, escritor, Tupac Queno Galdeano, representante juvenil Club Atl\u00e9tico Belgrano, Ra\u00fal Monier, maestro Fide y ex campe\u00f3n provincial, Milagros Brizzi, maestra internacional de ajedrez, H\u00e9ctor Moreno Saavedra, campe\u00f3n provincial +70 y V\u00edctor Loo Diaz, gran maestro de Per\u00fa.<\/p>\n","protected":false},"excerpt":{"rendered":"<p>Ser\u00e1 el pr\u00f3ximo domingo 17 de 10 a 17 horas en el Palacio Ferreyra, con entrada libre y gratuita Campeones nacionales y figuras destacadas del ajedrez se unen a jugadores con discapacidad en un torneo \u00fanico que utilizar\u00e1 tableros y piezas reciclados. Adem\u00e1s, se dar\u00e1n clases para personas con discapacidad visual. La Municipalidad de C\u00f3rdoba [&hellip;]<\/p>\n","protected":false},"author":1,"featured_media":158173,"comment_status":"closed","ping_status":"closed","sticky":false,"template":"","format":"standard","meta":[],"categories":[44],"tags":[],"_links":{"self":[{"href":"http:\/\/cordobadirecto.com\/index.php\/wp-json\/wp\/v2\/posts\/158172"}],"collection":[{"href":"http:\/\/cordobadirecto.com\/index.php\/wp-json\/wp\/v2\/posts"}],"about":[{"href":"http:\/\/cordobadirecto.com\/index.php\/wp-json\/wp\/v2\/types\/post"}],"author":[{"embeddable":true,"href":"http:\/\/cordobadirecto.com\/index.php\/wp-json\/wp\/v2\/users\/1"}],"replies":[{"embeddable":true,"href":"http:\/\/cordobadirecto.com\/index.php\/wp-json\/wp\/v2\/comments?post=158172"}],"version-history":[{"count":0,"href":"http:\/\/cordobadirecto.com\/index.php\/wp-json\/wp\/v2\/posts\/158172\/revisions"}],"wp:featuredmedia":[{"embeddable":true,"href":"http:\/\/cordobadirecto.com\/index.php\/wp-json\/wp\/v2\/media\/158173"}],"wp:attachment":[{"href":"http:\/\/cordobadirecto.com\/index.php\/wp-json\/wp\/v2\/media?parent=158172"}],"wp:term":[{"taxonomy":"category","embeddable":true,"href":"http:\/\/cordobadirecto.com\/index.php\/wp-json\/wp\/v2\/categories?post=158172"},{"taxonomy":"post_tag","embeddable":true,"href":"http:\/\/cordobadirecto.com\/index.php\/wp-json\/wp\/v2\/tags?post=158172"}],"curies":[{"name":"wp","href":"https:\/\/api.w.org\/{rel}","templated":true}]}}