{"id":158183,"date":"2024-11-14T12:28:05","date_gmt":"2024-11-14T12:28:05","guid":{"rendered":"https:\/\/cordoba.gob.ar\/?p=63891"},"modified":"2024-11-14T12:28:05","modified_gmt":"2024-11-14T12:28:05","slug":"despues-de-40-anos-se-erradicara-un-historico-basural-en-barrio-muller","status":"publish","type":"post","link":"http:\/\/cordobadirecto.com\/index.php\/2024\/11\/14\/despues-de-40-anos-se-erradicara-un-historico-basural-en-barrio-muller\/","title":{"rendered":"Despu\u00e9s de 40 a\u00f1os se erradicar\u00e1 un hist\u00f3rico basural en barrio M\u00fcller"},"content":{"rendered":"<div><img src=\"http:\/\/cordobadirecto.com\/wp-content\/uploads\/2024\/11\/despues-de-40-anos-se-erradicara-un-historico-basural-en-barrio-muller.jpg\" class=\"ff-og-image-inserted\"><\/div>\n<ul>\n<li><strong><strong>La Municipalidad monta un operativo integral para sanear la zona. Ya se quitaron gran parte de la basura, que en algunos puntos alcanzaba los cuatro metros de altura.<\/strong><\/strong><br \/>\n<hr>\n<\/li>\n<\/ul>\n<p>En un sector de la zona este de la ciudad, se extiende un basural hist\u00f3rico de C\u00f3rdoba, que la Municipalidad comenz\u00f3 a intervenir para erradicar definitivamente.<\/p>\n<p>Los residuos se extend\u00edan por m\u00e1s de 300 metros sobre las calles Domingo Matheu y Juan Ignacio Gorriti, llegando hasta las puertas y portones de las casas; y los d\u00edas de lluvia, el agua los acumulaba por encima de la vereda.<\/p>\n<p>Por m\u00e1s de 40 a\u00f1os, este punto se constituy\u00f3 en un basural, ubicado en pleno barrio M\u00fcller, hasta llegar a la Costanera.<\/p>\n<p>All\u00ed, los vecinos y vecinas organizadas comenzaron a colaborar con el municipio a trav\u00e9s de una mesa que re\u00fane a representantes de distintas \u00e1reas para llevar a cabo un trabajo conjunto.<\/p>\n<p>En una primera instancia, se acercaron al CPC de San Vicente para llevar su pedido, y al poco tiempo, la Direcci\u00f3n de Higiene Urbana y los servidores urbanos del Ente C\u00f3rdoba Obras y Servicios ya estaban trabajando en el lugar.<\/p>\n<p>Tras las primeras semanas de intervenci\u00f3n, se logr\u00f3 quitar gran parte de la basura, que en algunos puntos alcanzaba los cuatro metros de altura.<\/p>\n<p>All\u00ed se dispon\u00edan ilegalmente residuos de dos PyMEs, que fueron debidamente denunciadas al IPA por no estar inscriptas como grandes generadoras de residuos, as\u00ed como tambi\u00e9n un gran volumen de residuos domiciliarios e incluso pat\u00f3genos de un sanatorio cercano.<\/p>\n<p>El Centro Operativo San Vicente limpi\u00f3 adem\u00e1s un \u00e1rea de 375 m2 en el l\u00edmite con la Costanera.<\/p>\n<p>Actualmente, se realizan las \u00faltimas tareas de remoci\u00f3n de los residuos, que son llevados inmediatamente al predio de Piedras Blancas, con el apoyo de un cami\u00f3n que trabaja en el lugar. El lugar es custodiado por la polic\u00eda y la Guardia Urbana para evitar la disposici\u00f3n de residuos adicionales.<\/p>\n<p>La mesa de trabajo est\u00e1 conformada por representantes de la Secretar\u00eda de Ambiente Sustentable y Econom\u00eda Circular, la Secretar\u00eda de Participaci\u00f3n Ciudadana y Juventud, el Ente C\u00f3rdoba Obras y Servicios, el CPC San Vicente, el Parque Educativo Este, la Unidad Ejecutora Costanera, el Centro Vecinal de barrio M\u00fcller y el Ministerio de Seguridad provincial.<\/p>\n<p>Pr\u00f3ximo al sector se encuentra tambi\u00e9n la Plaza Libertad, ex-Plaza de los Burros, que est\u00e1 siendo recuperada por el municipio para revitalizar el lugar.<\/p>\n<p>Se trata de un importante punto de encuentro para gente de todas las edades, donde frecuentemente tambi\u00e9n se llevan a cabo actividades culturales que integran a los vecinos y vecinas de M\u00fcller.<\/p>\n<p>La acci\u00f3n en el lugar no es solamente limpieza: gracias al trabajo conjunto de estas distintas \u00e1reas y la importante participaci\u00f3n y protagonismo de los vecinos, se dar\u00e1n charlas sobre cuidado ambiental en las instituciones educativas de la zona.<\/p>\n<p>Participar\u00e1n la escuela Grecia, con su nivel primario y jard\u00edn y el IPEM 184 Mariano Fragueiro, con el apoyo del Parque Educativo Este, que ofrece numerosas actividades educativas durante todo el a\u00f1o, y la Universidad Libre del Ambiente, que se sumar\u00e1 al proyecto.<\/p>\n<p>Los conversatorios estar\u00e1n destinados a los ni\u00f1os y ni\u00f1as que asisten a las escuelas, vecinos que acuden al Parque Educativo, recuperadores urbanos y comunidad del barrio en general.<\/p>\n<p>Los ni\u00f1os y los vecinos del lugar participar\u00e1n finalmente de la forestaci\u00f3n del espacio, con \u00e1rboles aut\u00f3ctonos, para terminar de conformar un espacio del que la gente se podr\u00e1 apropiar y disfrutar en plenitud.<\/p>\n","protected":false},"excerpt":{"rendered":"<p>La Municipalidad monta un operativo integral para sanear la zona. Ya se quitaron gran parte de la basura, que en algunos puntos alcanzaba los cuatro metros de altura. En un sector de la zona este de la ciudad, se extiende un basural hist\u00f3rico de C\u00f3rdoba, que la Municipalidad comenz\u00f3 a intervenir para erradicar definitivamente. Los [&hellip;]<\/p>\n","protected":false},"author":1,"featured_media":158184,"comment_status":"closed","ping_status":"closed","sticky":false,"template":"","format":"standard","meta":[],"categories":[44],"tags":[],"_links":{"self":[{"href":"http:\/\/cordobadirecto.com\/index.php\/wp-json\/wp\/v2\/posts\/158183"}],"collection":[{"href":"http:\/\/cordobadirecto.com\/index.php\/wp-json\/wp\/v2\/posts"}],"about":[{"href":"http:\/\/cordobadirecto.com\/index.php\/wp-json\/wp\/v2\/types\/post"}],"author":[{"embeddable":true,"href":"http:\/\/cordobadirecto.com\/index.php\/wp-json\/wp\/v2\/users\/1"}],"replies":[{"embeddable":true,"href":"http:\/\/cordobadirecto.com\/index.php\/wp-json\/wp\/v2\/comments?post=158183"}],"version-history":[{"count":0,"href":"http:\/\/cordobadirecto.com\/index.php\/wp-json\/wp\/v2\/posts\/158183\/revisions"}],"wp:featuredmedia":[{"embeddable":true,"href":"http:\/\/cordobadirecto.com\/index.php\/wp-json\/wp\/v2\/media\/158184"}],"wp:attachment":[{"href":"http:\/\/cordobadirecto.com\/index.php\/wp-json\/wp\/v2\/media?parent=158183"}],"wp:term":[{"taxonomy":"category","embeddable":true,"href":"http:\/\/cordobadirecto.com\/index.php\/wp-json\/wp\/v2\/categories?post=158183"},{"taxonomy":"post_tag","embeddable":true,"href":"http:\/\/cordobadirecto.com\/index.php\/wp-json\/wp\/v2\/tags?post=158183"}],"curies":[{"name":"wp","href":"https:\/\/api.w.org\/{rel}","templated":true}]}}