{"id":158218,"date":"2024-11-14T21:14:40","date_gmt":"2024-11-14T21:14:40","guid":{"rendered":"https:\/\/www.ole.com.ar\/autos\/carlos-sainz-eligio-williams-formula1_0_4IBLd9nggU.html"},"modified":"2024-11-14T21:14:40","modified_gmt":"2024-11-14T21:14:40","slug":"carlos-sainz-conto-las-razones-por-las-que-eligio-ir-a-williams","status":"publish","type":"post","link":"http:\/\/cordobadirecto.com\/index.php\/2024\/11\/14\/carlos-sainz-conto-las-razones-por-las-que-eligio-ir-a-williams\/","title":{"rendered":"Carlos Sainz cont\u00f3 las razones por las que eligi\u00f3 ir a Williams"},"content":{"rendered":"<p><time class=\"createDate\" datetime=\"2024-11-14T18:14:40-03:00\">14\/11\/2024 18:14hs.<\/time><\/p>\n<div id=\"storyBody\">\n<div class=\"custom-text \" readability=\"37.995708154506\">\n<p>Desde febrero de este a\u00f1o se sabe que <strong><a href=\"https:\/\/www.ole.com.ar\/tema\/carlos-sainz.html\" title=\"Carlos Sainz\" alt=\"Carlos Sainz\" class=\"slug\">Carlos Sainz<\/a><\/strong> <strong>no renovar\u00eda su v\u00ednculo con<\/strong> <strong>Ferrari<\/strong>, dado que los de Maranello hab\u00edan decidido reemplazarlo con Lewis Hamilton. En efecto, se convirti\u00f3 en uno de los pilotos m\u00e1s codiciados del mercado y se lo rumore\u00f3 incluso con varias marcas. Y reci\u00e9n en julio se dio a conocer que el espa\u00f1ol representar\u00e1 a <strong>Williams<\/strong>, la escuder\u00eda en la que corre actualmente <strong>Franco Colapinto,<\/strong> en la pr\u00f3xima temporada de la <strong>F\u00f3rmula 1<\/strong>.<\/p>\n<\/div>\n<div class=\"custom-text \" readability=\"40\">\n<p>Una de las escuder\u00edas favoritas para hacerse con los servicios del madrile\u00f1o era <strong>Audi<\/strong>, rumor que tomaba a\u00fan m\u00e1s impulso tras los dichos de Carlos Sainz (<strong>padre<\/strong>), quien afirmaba que la firma de los cuatro aros &#8220;ser\u00e1 muy fuerte en el futuro&#8221;. Sin embargo, el volante de Ferrari se termin\u00f3 decantando por el proyecto comandado por <strong>James Vowles<\/strong>, y, en una entrevista para el medio Auto Motor und Sport <strong>coment\u00f3 el por qu\u00e9 de su decisi\u00f3n<\/strong>:<\/p>\n<\/div>\n<div class=\"custom-text \" readability=\"39\">\n<p>&#8220;Tengo mucho respeto por la marca Audi. Mi padre me dijo mil veces lo buenos que podr\u00edan ser. <strong>Est\u00e1 100% seguro de que Audi ser\u00e1 fuerte en el futuro<\/strong>. Yo quer\u00eda ayudar a construir algo y al mismo tiempo, conseguir<strong> <\/strong>buenos resultados en el corto plazo y en mi opini\u00f3n, <strong>Williams era la mejor opci\u00f3n<\/strong>. El tiempo dir\u00e1 si es lo correcto, pero <strong>este proyecto era la mejor soluci\u00f3n a corto y medio plazo<\/strong>&#8220;, declar\u00f3 el piloto que a\u00fan pertenece a Ferrari.<\/p>\n<\/div>\n<div class=\"sc-e7b891c4-0 ifHnQL image-embed\"><img alt=\"El espa\u00f1ol gan\u00f3 dos carreras este a\u00f1o (Reuters).\" loading=\"lazy\" width=\"720\" height=\"100\" decoding=\"async\" data-nimg=\"1\" src=\"http:\/\/cordobadirecto.com\/wp-content\/uploads\/2024\/11\/carlos-sainz-conto-las-razones-por-las-que-eligio-ir-a-williams.jpg\"><span class=\"epigraphe\">El espa\u00f1ol gan\u00f3 dos carreras este a\u00f1o (Reuters).<\/span><\/div>\n<div class=\"custom-text \" readability=\"39\">\n<p>Adem\u00e1s, la resoluci\u00f3n de Sainz posee tintes <strong>nost\u00e1lgicos<\/strong>, ya que este nuevo desaf\u00edo le recuerda a la \u00e9poca en la que <strong>dejaba<\/strong> <strong>Woking (sede McLaren)<\/strong>, y tambi\u00e9n se refiri\u00f3 a <strong>cu\u00e1l es la motivaci\u00f3n<\/strong> detr\u00e1s de su llegada a Grove: &#8220;Se siente que empiezo en Williams en una posici\u00f3n similar a cuando me fui de McLaren, sabiendo el \u00e9xito que iban a tener el el futuro. El equipo ya ha pasado su peor fase antes de que haya llegado yo y ahora est\u00e1n en ascenso. <strong>Mi objetivo es acelerar esta tendencia ascendente<\/strong>. Estoy feliz de que mi presentimiento se haya confirmado tres a\u00f1os despu\u00e9s&#8221;.<\/p>\n<\/div>\n<div class=\"custom-text \" readability=\"41\">\n<p>&#8220;Por las conversaciones que tuve, tengo la sensaci\u00f3n de que hay buena gente trabajando en Williams, que est\u00e1n construyendo una base s\u00f3lida para que el equipo <strong>vuelva a ser competitivo<\/strong>. No fue una decisi\u00f3n f\u00e1cil. Hasta el d\u00eda que firm\u00e9, ten\u00eda varias buenas opciones y, al final, <strong>tuve que seguir mis instintos<\/strong>&#8220;, sentenci\u00f3 el oriundo de la capital espa\u00f1ola.<\/p>\n<\/div>\n<div class=\"sc-e7b891c4-0 ifHnQL image-embed\"><img alt=\"Pr\u00f3xima parada para Sainz y Ferrari: Las Vegas.\" loading=\"lazy\" width=\"720\" height=\"100\" decoding=\"async\" data-nimg=\"1\" src=\"http:\/\/cordobadirecto.com\/wp-content\/uploads\/2024\/11\/carlos-sainz-conto-las-razones-por-las-que-eligio-ir-a-williams-1.jpg\"><span class=\"epigraphe\">Pr\u00f3xima parada para Sainz y Ferrari: Las Vegas.<\/span><\/div>\n<p><h2><strong>El Gran Premio de M\u00f3naco renueva su contrato con la F\u00f3rmula 1<\/strong><\/h2>\n<\/p>\n<div class=\"custom-text \" readability=\"37\">\n<p>Por otra parte, el legendario circuito del Principado, que form\u00f3 parte de la primera temporada de la M\u00e1xima en 1950 y que es una fija del calendario desde 1955, seguir\u00e1 siendo uno de los trazados presentes en la grilla <strong>hasta 2031<\/strong> tras llegar a un acuerdo con el Autom\u00f3vil Club de M\u00f3naco.<\/p>\n<\/div>\n<div class=\"sc-a7166897-0 eoLsBE\" readability=\"6\">\n<section readability=\"2\"><picture><img alt=\"El ex piloto de la F\u00f3rmula 1 que candidate\u00f3 a Colapinto para Red Bull en 2025\" loading=\"lazy\" width=\"290\" height=\"290\" decoding=\"async\" data-nimg=\"1\" src=\"http:\/\/cordobadirecto.com\/wp-content\/uploads\/2024\/11\/carlos-sainz-conto-las-razones-por-las-que-eligio-ir-a-williams-2.jpg\"><\/picture>\n<p><span>Mir\u00e1 tambi\u00e9n<\/span><\/p>\n<hr>\n<h3>El ex piloto de la F\u00f3rmula 1 que candidate\u00f3 a Colapinto para Red Bull en 2025<\/h3>\n<\/p>\n<\/section>\n<\/div>\n<div class=\"sc-a7166897-0 eoLsBE\" readability=\"7\">\n<section readability=\"4\"><picture><img alt=\"Gan\u00f3 siete carreras en la F\u00f3rmula 1 y fulmin\u00f3 a Colapinto: &quot;Est\u00e1n enamorados, pero...&quot;\" loading=\"lazy\" width=\"290\" height=\"290\" decoding=\"async\" data-nimg=\"1\" src=\"http:\/\/cordobadirecto.com\/wp-content\/uploads\/2024\/11\/carlos-sainz-conto-las-razones-por-las-que-eligio-ir-a-williams-3.jpg\"><\/picture>\n<p><span>Mir\u00e1 tambi\u00e9n<\/span><\/p>\n<hr>\n<h3>Gan\u00f3 siete carreras en la F\u00f3rmula 1 y fulmin\u00f3 a Colapinto: &#8220;Est\u00e1n enamorados, pero&#8230;&#8221;<\/h3>\n<\/p>\n<\/section>\n<\/div>\n<div class=\"sc-a7166897-0 eoLsBE\" readability=\"6.5\">\n<section readability=\"3\"><picture><img alt=\"La contundente frase de Verstappen sobre el evento de presentaci\u00f3n de los autos de F1 en 2025\" loading=\"lazy\" width=\"290\" height=\"290\" decoding=\"async\" data-nimg=\"1\" src=\"http:\/\/cordobadirecto.com\/wp-content\/uploads\/2024\/11\/carlos-sainz-conto-las-razones-por-las-que-eligio-ir-a-williams-4.jpg\"><\/picture>\n<p><span>Mir\u00e1 tambi\u00e9n<\/span><\/p>\n<hr>\n<h3>La contundente frase de Verstappen sobre el evento de presentaci\u00f3n de los autos de F1 en 2025<\/h3>\n<\/p>\n<\/section>\n<\/div>\n<\/div>\n","protected":false},"excerpt":{"rendered":"<p>14\/11\/2024 18:14hs. Desde febrero de este a\u00f1o se sabe que Carlos Sainz no renovar\u00eda su v\u00ednculo con Ferrari, dado que los de Maranello hab\u00edan decidido reemplazarlo con Lewis Hamilton. En efecto, se convirti\u00f3 en uno de los pilotos m\u00e1s codiciados del mercado y se lo rumore\u00f3 incluso con varias marcas. Y reci\u00e9n en julio se [&hellip;]<\/p>\n","protected":false},"author":1,"featured_media":158219,"comment_status":"closed","ping_status":"closed","sticky":false,"template":"","format":"standard","meta":[],"categories":[21],"tags":[],"_links":{"self":[{"href":"http:\/\/cordobadirecto.com\/index.php\/wp-json\/wp\/v2\/posts\/158218"}],"collection":[{"href":"http:\/\/cordobadirecto.com\/index.php\/wp-json\/wp\/v2\/posts"}],"about":[{"href":"http:\/\/cordobadirecto.com\/index.php\/wp-json\/wp\/v2\/types\/post"}],"author":[{"embeddable":true,"href":"http:\/\/cordobadirecto.com\/index.php\/wp-json\/wp\/v2\/users\/1"}],"replies":[{"embeddable":true,"href":"http:\/\/cordobadirecto.com\/index.php\/wp-json\/wp\/v2\/comments?post=158218"}],"version-history":[{"count":0,"href":"http:\/\/cordobadirecto.com\/index.php\/wp-json\/wp\/v2\/posts\/158218\/revisions"}],"wp:featuredmedia":[{"embeddable":true,"href":"http:\/\/cordobadirecto.com\/index.php\/wp-json\/wp\/v2\/media\/158219"}],"wp:attachment":[{"href":"http:\/\/cordobadirecto.com\/index.php\/wp-json\/wp\/v2\/media?parent=158218"}],"wp:term":[{"taxonomy":"category","embeddable":true,"href":"http:\/\/cordobadirecto.com\/index.php\/wp-json\/wp\/v2\/categories?post=158218"},{"taxonomy":"post_tag","embeddable":true,"href":"http:\/\/cordobadirecto.com\/index.php\/wp-json\/wp\/v2\/tags?post=158218"}],"curies":[{"name":"wp","href":"https:\/\/api.w.org\/{rel}","templated":true}]}}