{"id":158220,"date":"2024-11-14T19:02:36","date_gmt":"2024-11-14T19:02:36","guid":{"rendered":"https:\/\/www.ole.com.ar\/autos\/juan-pablo-montoya-critica-franco-colapinto-formula1_0_73y600UsTr.html"},"modified":"2024-11-14T19:02:36","modified_gmt":"2024-11-14T19:02:36","slug":"gano-siete-carreras-en-la-formula-1-y-fulmino-a-colapinto-estan-enamorados-pero","status":"publish","type":"post","link":"http:\/\/cordobadirecto.com\/index.php\/2024\/11\/14\/gano-siete-carreras-en-la-formula-1-y-fulmino-a-colapinto-estan-enamorados-pero\/","title":{"rendered":"Gan\u00f3 siete carreras en la F\u00f3rmula 1 y fulmin\u00f3 a Colapinto: &#8220;Est\u00e1n enamorados, pero&#8230;&#8221;"},"content":{"rendered":"<p><time class=\"createDate\" datetime=\"2024-11-14T16:02:36-03:00\">14\/11\/2024 16:02hs.<\/time><\/p>\n<div id=\"storyBody\">\n<div class=\"custom-text \" readability=\"39\">\n<p><strong>Franco Colapinto<\/strong> no pasa inadvertido: todos quieren opinar y se suben a su ola. Ya sea aquellos a los que impresion\u00f3 positivamente como a los otros que a los que a\u00fan no conquist\u00f3. Y si bien la mayor\u00eda est\u00e1 posicionada en el primer bando, hay algunos que cambiaron su opini\u00f3n luego de los accidentes del argentino en el <strong>Gran Premio de Interlagos<\/strong>, en San Pablo. Uno de ellos fue <strong>Juan Pablo Montoya<\/strong>, una palabra autorizada en el mundo de la<strong> F\u00f3rmula 1<\/strong> dado que corri\u00f3 95 carreras durante seis a\u00f1os en la M\u00e1xima. Y el colombiano fue muy cr\u00edtico con la actuaci\u00f3n del nacido en Pilar: &#8220;S\u00e9 que los errores pueden pasar.<strong> Ahora est\u00e1n todos enamorados de Colapinto, pero se estrell\u00f3 detr\u00e1s del Safety Car<\/strong>&#8220;.<\/p>\n<\/div>\n<div class=\"custom-text \" readability=\"35\">\n<p>Adem\u00e1s, coment\u00f3 en una entrevista con AS Colombia: &#8220;Colapinto se estrell\u00f3 dos veces. Williams la tiene horrible, destruyeron tres autos&#8221;.<\/p>\n<\/div>\n<div type=\"embed\" class=\"sc-3f46f5ae-0 djVTgz\">\n<div class=\"sc-3f46f5ae-1 fTjZec videoText\" id=\"contentTitleembedhC2MFOzF\" type=\"embed\"><svg fill=\"#ffffff\"><symbol id=\"play\" viewBox=\"0 0 512 512\"><path d=\"M512 256C512 397.4 397.4 512 256 512C114.6 512 0 397.4 0 256C0 114.6 114.6 0 256 0C397.4 0 512 114.6 512 256zM176 168V344C176 352.7 180.7 360.7 188.3 364.9C195.8 369.2 205.1 369 212.5 364.5L356.5 276.5C363.6 272.1 368 264.4 368 256C368 247.6 363.6 239.9 356.5 235.5L212.5 147.5C205.1 142.1 195.8 142.8 188.3 147.1C180.7 151.3 176 159.3 176 168V168z\" \/><\/symbol><use xlink:href=\"#play\" \/><\/svg><\/p>\n<div class=\"right\">\n<p>Franco Colapinto<!-- --> &#8211;<!-- --> <span>&nbsp;<\/span><\/p>\n<h2 class=\"title-vid\">La \u00e1cida cr\u00edtica de Juan Pablo Montoya a Colapinto<\/h2>\n<\/div>\n<\/div>\n<p><span class=\"back\" id=\"spanBackembedhC2MFOzF\"><\/span><\/div>\n<div class=\"custom-text \" readability=\"40\">\n<p>Con siete victorias, 13 poles position y otros 30 podios en su palmar\u00e9s, <strong>Montoya fue una de las grandes figuras de la categor\u00eda entre 2001 y 2006<\/strong>. A bordo de Williams y McLaren hasta se anim\u00f3 a competirle a Michael Schumacher y otras estrellas de ese momento. En ese sentido, siempre suele ser consultado sobre la F1. Y en este caso opin\u00f3 sobre el futuro de Colapinto, quien fue sondeado por Red Bull, Racing Bulls y Alpine para contar con sus servicios en 2025.<\/p>\n<\/div>\n<div class=\"sc-e7b891c4-0 ifHnQL image-embed\"><img alt=\"Juan Pablo Montoya corri\u00f3 varios a\u00f1os en la F1. (AP)\" loading=\"lazy\" width=\"720\" height=\"100\" decoding=\"async\" data-nimg=\"1\" src=\"http:\/\/cordobadirecto.com\/wp-content\/uploads\/2024\/11\/gano-siete-carreras-en-la-formula-1-y-fulmino-a-colapinto-estan-enamorados-pero.jpg\"><span class=\"epigraphe\">Juan Pablo Montoya corri\u00f3 varios a\u00f1os en la F1. (AP)<\/span><\/div>\n<div class=\"custom-text \" readability=\"40\">\n<p>&#8220;<strong>Si fuera Horner le dir\u00eda a Williams: &#8216;qu\u00e9date con Colapinto y dame a Sainz&#8217;.<\/strong> Conociendo a Carlos creo que le dijo a Williams que firmaba con ellos, pero si no gana o hace podios y alguien le ofrece algo, se puede ir&#8221;, dijo. Y cerr\u00f3 para reforzar su idea: &#8220;Esa es la jugada que har\u00eda para Red Bull, no ir\u00eda a por Colapinto, ir\u00eda a por Carlos&#8221;.<\/p>\n<\/div>\n<div class=\"sc-e7b891c4-0 ifHnQL image-embed\"><img alt=\"Franco Colapinto viene impresionando en la F1. Foto Juano Tesone \/ Enviado especial \" loading=\"lazy\" width=\"720\" height=\"100\" decoding=\"async\" data-nimg=\"1\" src=\"http:\/\/cordobadirecto.com\/wp-content\/uploads\/2024\/11\/gano-siete-carreras-en-la-formula-1-y-fulmino-a-colapinto-estan-enamorados-pero-1.jpg\"><span class=\"epigraphe\">Franco Colapinto viene impresionando en la F1. Foto Juano Tesone \/ Enviado especial <\/span><\/div>\n<p><h2><strong>Cu\u00e1ndo vuelve a correr Colapinto en la F\u00f3rmula 1<\/strong><\/h2>\n<\/p>\n<div class=\"custom-text \" readability=\"37\">\n<p>Para la pr\u00f3xima carrera de la F1, los fan\u00e1ticos de argentinos deber\u00e1n seguir de largo. Es que el <strong>GP de Las Vegas<\/strong> se realizar\u00e1 en la madrugada argentina, puesto que ser\u00e1 una carrera noctura y hay cinco horas de diferencia. Fran tendr\u00e1 su segunda experiencia de noche y la tercera en un circuito callejero. La actividad comenzar\u00e1 el jueves 21 de noviembre y se cerrar\u00e1 el domingo 24.<\/p>\n<\/div>\n<div class=\"sc-a7166897-0 eoLsBE\" readability=\"6\">\n<section readability=\"2\"><picture><img alt=\"El lamento de Scaloni por no haber podido conocer a Colapinto\" loading=\"lazy\" width=\"290\" height=\"290\" decoding=\"async\" data-nimg=\"1\" src=\"http:\/\/cordobadirecto.com\/wp-content\/uploads\/2024\/11\/gano-siete-carreras-en-la-formula-1-y-fulmino-a-colapinto-estan-enamorados-pero-2.jpg\"><\/picture>\n<p><span>Mir\u00e1 tambi\u00e9n<\/span><\/p>\n<hr>\n<h3>El lamento de Scaloni por no haber podido conocer a Colapinto<\/h3>\n<\/p>\n<\/section>\n<\/div>\n<div class=\"sc-a7166897-0 eoLsBE\" readability=\"6.5\">\n<section readability=\"3\"><picture><img alt=\"La contundente frase de Verstappen sobre el evento de presentaci\u00f3n de los autos de F1 en 2025\" loading=\"lazy\" width=\"290\" height=\"290\" decoding=\"async\" data-nimg=\"1\" src=\"http:\/\/cordobadirecto.com\/wp-content\/uploads\/2024\/11\/gano-siete-carreras-en-la-formula-1-y-fulmino-a-colapinto-estan-enamorados-pero-3.jpg\"><\/picture>\n<p><span>Mir\u00e1 tambi\u00e9n<\/span><\/p>\n<hr>\n<h3>La contundente frase de Verstappen sobre el evento de presentaci\u00f3n de los autos de F1 en 2025<\/h3>\n<\/p>\n<\/section>\n<\/div>\n<\/div>\n","protected":false},"excerpt":{"rendered":"<p>14\/11\/2024 16:02hs. Franco Colapinto no pasa inadvertido: todos quieren opinar y se suben a su ola. Ya sea aquellos a los que impresion\u00f3 positivamente como a los otros que a los que a\u00fan no conquist\u00f3. Y si bien la mayor\u00eda est\u00e1 posicionada en el primer bando, hay algunos que cambiaron su opini\u00f3n luego de los [&hellip;]<\/p>\n","protected":false},"author":1,"featured_media":158221,"comment_status":"closed","ping_status":"closed","sticky":false,"template":"","format":"standard","meta":[],"categories":[21],"tags":[],"_links":{"self":[{"href":"http:\/\/cordobadirecto.com\/index.php\/wp-json\/wp\/v2\/posts\/158220"}],"collection":[{"href":"http:\/\/cordobadirecto.com\/index.php\/wp-json\/wp\/v2\/posts"}],"about":[{"href":"http:\/\/cordobadirecto.com\/index.php\/wp-json\/wp\/v2\/types\/post"}],"author":[{"embeddable":true,"href":"http:\/\/cordobadirecto.com\/index.php\/wp-json\/wp\/v2\/users\/1"}],"replies":[{"embeddable":true,"href":"http:\/\/cordobadirecto.com\/index.php\/wp-json\/wp\/v2\/comments?post=158220"}],"version-history":[{"count":0,"href":"http:\/\/cordobadirecto.com\/index.php\/wp-json\/wp\/v2\/posts\/158220\/revisions"}],"wp:featuredmedia":[{"embeddable":true,"href":"http:\/\/cordobadirecto.com\/index.php\/wp-json\/wp\/v2\/media\/158221"}],"wp:attachment":[{"href":"http:\/\/cordobadirecto.com\/index.php\/wp-json\/wp\/v2\/media?parent=158220"}],"wp:term":[{"taxonomy":"category","embeddable":true,"href":"http:\/\/cordobadirecto.com\/index.php\/wp-json\/wp\/v2\/categories?post=158220"},{"taxonomy":"post_tag","embeddable":true,"href":"http:\/\/cordobadirecto.com\/index.php\/wp-json\/wp\/v2\/tags?post=158220"}],"curies":[{"name":"wp","href":"https:\/\/api.w.org\/{rel}","templated":true}]}}