{"id":158222,"date":"2024-11-14T23:00:46","date_gmt":"2024-11-14T23:00:46","guid":{"rendered":"https:\/\/www.ole.com.ar\/ascenso\/ascenso-primera-nacional-estudiantes-buenos-aires-walter-otta_0_ZEgROWTosh.html"},"modified":"2024-11-14T23:00:46","modified_gmt":"2024-11-14T23:00:46","slug":"el-equipo-del-nacional-que-se-quedo-sin-entrenador-tras-la-eliminacion-en-el-reducido","status":"publish","type":"post","link":"http:\/\/cordobadirecto.com\/index.php\/2024\/11\/14\/el-equipo-del-nacional-que-se-quedo-sin-entrenador-tras-la-eliminacion-en-el-reducido\/","title":{"rendered":"El equipo del Nacional que se qued\u00f3 sin entrenador tras la eliminaci\u00f3n en el Reducido"},"content":{"rendered":"<p><time class=\"createDate\" datetime=\"2024-11-14T18:07:51-03:00\">14\/11\/2024 18:07hs.<\/time><\/p>\n<div id=\"storyBody\">\n<div class=\"custom-text \" readability=\"28.12955465587\">\n<p>Tan sorpresivo como duro. As\u00ed se puede definir el golpe que recibi\u00f3 <a href=\"https:\/\/www.ole.com.ar\/tema\/estudiantes-de-buenos-aires.html\" title=\"Estudiantes de Buenos Aires\" alt=\"Estudiantes de Buenos Aires\" class=\"slug\">Estudiantes de Buenos Aires <\/a>luego de haberse quedado sin entrenador. Claro, porque <strong>ya sin la posibilidad de disputar la <a href=\"https:\/\/www.ole.com.ar\/tema\/liga-profesional.html\" title=\"Liga Profesional\" alt=\"Liga Profesional\" class=\"slug\">Liga Profesional<\/a> 2025, <a href=\"https:\/\/www.ole.com.ar\/tema\/walter-otta.html\" title=\"Walter Otta\" alt=\"Walter Otta\" class=\"slug\">Walter Otta<\/a> dej\u00f3 de ser el det\u00e9. <\/strong><\/p>\n<\/div>\n<div class=\"custom-text \" readability=\"34\">\n<p>La realidad es que nadie esperaba la salida del mencionado. Y menos despu\u00e9s del <strong>campa\u00f1\u00f3n que hizo el Pincha de Caseros durante el 2024, que culmin\u00f3 con la eliminaci\u00f3n en primera ronda del octogonal<\/strong> -con pol\u00e9mica- a manos de <a href=\"https:\/\/www.ole.com.ar\/tema\/gimnasia-de-mendoza.html\" title=\"Gimnasia de Mendoza\" alt=\"Gimnasia de Mendoza\" class=\"slug\">Gimnasia de Mendoza<\/a> (empat\u00f3 1-1 en condici\u00f3n de visitante y el Lobo avanz\u00f3 por contar con ventaja deportiva). <\/p>\n<\/div>\n<div class=\"custom-text \" readability=\"36\">\n<p>Tal es as\u00ed que <strong>la decisi\u00f3n de desvincularse de la instituci\u00f3n la tom\u00f3 el propio Walter Otta<\/strong>. Pese a que desde la Comisi\u00f3n Directiva contaban con la intenci\u00f3n de extender el v\u00ednculo durante una temporada m\u00e1s (dicho contrato venc\u00eda el 31 de diciembre del corriente a\u00f1o),<strong> el Cuerpo T\u00e9cnico determin\u00f3 no continuar. <\/strong><\/p>\n<\/div>\n<div class=\"sc-e7b891c4-0 ifHnQL image-embed\"><img alt=\"El CT decidi\u00f3 no renovar contrato (Foto: Prensa Estudiantes)\" loading=\"lazy\" width=\"720\" height=\"100\" decoding=\"async\" data-nimg=\"1\" src=\"http:\/\/cordobadirecto.com\/wp-content\/uploads\/2024\/11\/el-equipo-del-nacional-que-se-quedo-sin-entrenador-tras-la-eliminacion-en-el-reducido.jpg\"><span class=\"epigraphe\">El CT decidi\u00f3 no renovar contrato (Foto: Prensa Estudiantes)<\/span><\/div>\n<p><h2><strong>El comunicado del club<\/strong><\/h2>\n<\/p>\n<div class=\"custom-text \" readability=\"35\">\n<p><strong>Walter Otta decidi\u00f3 no continuar en su cargo como DT de Estudiantes. <\/strong>\u00a1Le agradecemos a \u00e9l y a su cuerpo t\u00e9cnico por la dedicaci\u00f3n y el trabajo, en un nuevo ciclo en nuestra instituci\u00f3n! Les deseamos el mayor de los \u00e9xitos en el futuro futbol\u00edstico.<\/p>\n<\/div>\n<div class=\"custom-embedhtml\" readability=\"7.8620689655172\">\n<blockquote class=\"twitter-tweet\" readability=\"9.9310344827586\">\n<p lang=\"es\" dir=\"ltr\">Walter Otta decidi\u00f3 no continuar en su cargo como DT de Estudiantes <\/p>\n<p>\u00a1Le agradecemos a \u00e9l y a su cuerpo t\u00e9cnico por la dedicaci\u00f3n y el trabajo, en un nuevo ciclo en nuestra instituci\u00f3n!<\/p>\n<p>Les deseamos el mayor de los \u00e9xitos en el futuro futbol\u00edstico.<a href=\"https:\/\/twitter.com\/hashtag\/SomosEstudiantes?src=hash&amp;ref_src=twsrc%5Etfw\">#SomosEstudiantes<\/a> <a href=\"https:\/\/t.co\/7vmwrU7lFX\">pic.twitter.com\/7vmwrU7lFX<\/a><\/p>\n<p>\u2014 Estudiantes (@EstudiantesOK) <a href=\"https:\/\/twitter.com\/EstudiantesOK\/status\/1856860484881764392?ref_src=twsrc%5Etfw\">November 14, 2024<\/a><\/p><\/blockquote><\/div>\n<p><h2><strong>Los n\u00fameros de Walter Otta en Estudiantes<\/strong><\/h2>\n<\/p>\n<div class=\"custom-text \" readability=\"40\">\n<p>A lo largo del 2024, el oriundo de R\u00edo Tercero dirigi\u00f3 39 encuentros.<strong> En esa cantidad de duelos, obtuvo 14 victorias, 15 empates (uno por el Reducido contra Gimnasia de Mendoxa) y diez derrotas.<\/strong> En total, cosech\u00f3 56 puntos de 114 posibles (49,12%). Dichos n\u00fameros le bastaron para meterse en la pr\u00f3xima edici\u00f3n de la Copa Argentina y jugar el playoff por el segundo ascenso. <\/p>\n<\/div>\n<div class=\"sc-e7b891c4-0 ifHnQL image-embed\"><img alt=\"El Pincha clasific\u00f3 al Reducido y Copa Argentina\" loading=\"lazy\" width=\"720\" height=\"100\" decoding=\"async\" data-nimg=\"1\" src=\"http:\/\/cordobadirecto.com\/wp-content\/uploads\/2024\/11\/el-equipo-del-nacional-que-se-quedo-sin-entrenador-tras-la-eliminacion-en-el-reducido-1.jpg\"><span class=\"epigraphe\">El Pincha clasific\u00f3 al Reducido y Copa Argentina<\/span><\/div>\n<p><h2><strong>Todos los entrenadores que dejaron su cargo tras finalizar la Primera Nacional<\/strong><\/h2>\n<\/p>\n<div class=\"custom-text \">\n<ul>\n<li>Anibal Biggeri fue desvinculado de Ferro tras quedar afuera de la pelea por el Reducido.<\/li>\n<li>Cesar Monasterio se fue de Deportivo Mor\u00f3n al comienzo de la semana luego de no dar batalla por meterse en el octogonal.<\/li>\n<li>Pablo Vic\u00f3 abandon\u00f3 su cargo en Agropecuario de Carlos Casares despu\u00e9s de no ingresar a los play-offs.<\/li>\n<li>Manuel Fern\u00e1ndez se fue de Chacarita tras salvarse del descenso. <\/li>\n<\/ul>\n<\/div>\n<div class=\"sc-a7166897-0 eoLsBE\" readability=\"6\">\n<section readability=\"2\"><picture><img alt=\"Se confirm\u00f3 la hora para la final de la Sudamericana entre Racing y Cruzeiro\" loading=\"lazy\" width=\"290\" height=\"290\" decoding=\"async\" data-nimg=\"1\" src=\"http:\/\/cordobadirecto.com\/wp-content\/uploads\/2024\/11\/el-equipo-del-nacional-que-se-quedo-sin-entrenador-tras-la-eliminacion-en-el-reducido-2.jpg\"><\/picture>\n<p><span>Mir\u00e1 tambi\u00e9n<\/span><\/p>\n<hr>\n<h3>Se confirm\u00f3 la hora para la final de la Sudamericana entre Racing y Cruzeiro<\/h3>\n<\/p>\n<\/section>\n<\/div>\n<div class=\"sc-a7166897-0 eoLsBE\" readability=\"6\">\n<section readability=\"2\"><picture><img alt=\"El ex Boca que fue convocado por Scaloni y elogi\u00f3 a Gago: &quot;Era mi \u00eddolo&quot;\" loading=\"lazy\" width=\"290\" height=\"290\" decoding=\"async\" data-nimg=\"1\" src=\"http:\/\/cordobadirecto.com\/wp-content\/uploads\/2024\/11\/el-equipo-del-nacional-que-se-quedo-sin-entrenador-tras-la-eliminacion-en-el-reducido-3.jpg\"><\/picture>\n<p><span>Mir\u00e1 tambi\u00e9n<\/span><\/p>\n<hr>\n<h3>El ex Boca que fue convocado por Scaloni y elogi\u00f3 a Gago: &#8220;Era mi \u00eddolo&#8221;<\/h3>\n<\/p>\n<\/section>\n<\/div>\n<div class=\"sc-a7166897-0 eoLsBE\" readability=\"6.5\">\n<section readability=\"3\"><picture><img alt=\"Atento, River: la fecha tentativa para la Supercopa Internacional vs. Talleres\" loading=\"lazy\" width=\"290\" height=\"290\" decoding=\"async\" data-nimg=\"1\" src=\"http:\/\/cordobadirecto.com\/wp-content\/uploads\/2024\/11\/el-equipo-del-nacional-que-se-quedo-sin-entrenador-tras-la-eliminacion-en-el-reducido-4.jpg\"><\/picture>\n<p><span>Mir\u00e1 tambi\u00e9n<\/span><\/p>\n<hr>\n<h3>Atento, River: la fecha tentativa para la Supercopa Internacional vs. Talleres<\/h3>\n<\/p>\n<\/section>\n<\/div>\n<div class=\"sc-a7166897-0 eoLsBE\" readability=\"6\">\n<section readability=\"2\"><picture><img alt=\"Los 29 t\u00e9cnicos de la Liga Profesional que se fueron de sus clubes en este 2024\" loading=\"lazy\" width=\"290\" height=\"290\" decoding=\"async\" data-nimg=\"1\" src=\"http:\/\/cordobadirecto.com\/wp-content\/uploads\/2024\/11\/el-equipo-del-nacional-que-se-quedo-sin-entrenador-tras-la-eliminacion-en-el-reducido-5.jpg\"><\/picture>\n<p><span>Mir\u00e1 tambi\u00e9n<\/span><\/p>\n<hr>\n<h3>Los 29 t\u00e9cnicos de la Liga Profesional que se fueron de sus clubes en este 2024<\/h3>\n<\/p>\n<\/section>\n<\/div>\n<\/div>\n","protected":false},"excerpt":{"rendered":"<p>14\/11\/2024 18:07hs. Tan sorpresivo como duro. As\u00ed se puede definir el golpe que recibi\u00f3 Estudiantes de Buenos Aires luego de haberse quedado sin entrenador. Claro, porque ya sin la posibilidad de disputar la Liga Profesional 2025, Walter Otta dej\u00f3 de ser el det\u00e9. La realidad es que nadie esperaba la salida del mencionado. Y menos [&hellip;]<\/p>\n","protected":false},"author":1,"featured_media":158223,"comment_status":"closed","ping_status":"closed","sticky":false,"template":"","format":"standard","meta":[],"categories":[21],"tags":[],"_links":{"self":[{"href":"http:\/\/cordobadirecto.com\/index.php\/wp-json\/wp\/v2\/posts\/158222"}],"collection":[{"href":"http:\/\/cordobadirecto.com\/index.php\/wp-json\/wp\/v2\/posts"}],"about":[{"href":"http:\/\/cordobadirecto.com\/index.php\/wp-json\/wp\/v2\/types\/post"}],"author":[{"embeddable":true,"href":"http:\/\/cordobadirecto.com\/index.php\/wp-json\/wp\/v2\/users\/1"}],"replies":[{"embeddable":true,"href":"http:\/\/cordobadirecto.com\/index.php\/wp-json\/wp\/v2\/comments?post=158222"}],"version-history":[{"count":0,"href":"http:\/\/cordobadirecto.com\/index.php\/wp-json\/wp\/v2\/posts\/158222\/revisions"}],"wp:featuredmedia":[{"embeddable":true,"href":"http:\/\/cordobadirecto.com\/index.php\/wp-json\/wp\/v2\/media\/158223"}],"wp:attachment":[{"href":"http:\/\/cordobadirecto.com\/index.php\/wp-json\/wp\/v2\/media?parent=158222"}],"wp:term":[{"taxonomy":"category","embeddable":true,"href":"http:\/\/cordobadirecto.com\/index.php\/wp-json\/wp\/v2\/categories?post=158222"},{"taxonomy":"post_tag","embeddable":true,"href":"http:\/\/cordobadirecto.com\/index.php\/wp-json\/wp\/v2\/tags?post=158222"}],"curies":[{"name":"wp","href":"https:\/\/api.w.org\/{rel}","templated":true}]}}