{"id":158233,"date":"2024-11-14T22:02:59","date_gmt":"2024-11-14T22:02:59","guid":{"rendered":"https:\/\/cordoba.gob.ar\/?p=64037"},"modified":"2024-11-14T22:02:59","modified_gmt":"2024-11-14T22:02:59","slug":"passerini-y-llaryora-presentaron-flamantes-colectivos-0km-a-gnc-las-unidades-prestaran-servicio-en-las-lineas-a-b-y-c-de-tamse","status":"publish","type":"post","link":"http:\/\/cordobadirecto.com\/index.php\/2024\/11\/14\/passerini-y-llaryora-presentaron-flamantes-colectivos-0km-a-gnc-las-unidades-prestaran-servicio-en-las-lineas-a-b-y-c-de-tamse\/","title":{"rendered":"Passerini y Llaryora presentaron flamantes colectivos 0km a GNC: las unidades prestar\u00e1n servicio en las l\u00edneas A, B y C de Tamse"},"content":{"rendered":"<div><img src=\"http:\/\/cordobadirecto.com\/wp-content\/uploads\/2024\/11\/passerini-y-llaryora-presentaron-flamantes-colectivos-0km-a-gnc-las-unidades-prestaran-servicio-en-las-lineas-a-b-y-c-de-tamse.jpg\" class=\"ff-og-image-inserted\"><\/div>\n<ul>\n<li><strong>Las incorporaciones fueron fabricadas en C\u00f3rdoba Capital por la marca Iveco, en su planta de barrio Ferreyra.<\/strong><\/li>\n<li><strong>Reducen las emisiones de carbono y gases de efecto invernadero. Con un costo significativamente menor en la carga de combustible, poseen una autonom\u00eda aproximada de 300 kil\u00f3metros.<\/strong><\/li>\n<li><strong><strong>En los \u00faltimos siete meses se sumaron 70 unidades nuevas a los recorridos de la empresa Tamse y, junto a los 100 nuevos coches de la firma Coniferal, se optimizan 27 l\u00edneas de transporte de manera directa.<\/strong><\/strong><br \/>\n<hr>\n<\/li>\n<\/ul>\n<p>El intendente de la ciudad de C\u00f3rdoba, Daniel Passerini, junto al gobernador de la provincia, Mart\u00edn Llaryora, recibieron las 20 nuevas unidades cero kil\u00f3metro a GNC que se incorporar\u00e1n al sistema de transporte urbano de la Capital provincial.<\/p>\n<p>Circular\u00e1n en las \u201cl\u00edneas verdes\u201d de la empresa Tamse: A, B y C y sus prolongaciones respectivas, A1, B1 y C1.<\/p>\n<p>En total son 280 m\u00e1s colectivos en calle que en el mes de marzo, entre unidades nuevas y reparadas, lo que significa una optimizaci\u00f3n del servicio en la totalidad del transporte p\u00fablico de pasajeros.<\/p>\n<p>Los veh\u00edculos presentados en esta oportunidad son de la marca Iveco, fabricados en su planta de barrio Ferreyra en C\u00f3rdoba Capital. Est\u00e1n dise\u00f1ados para funcionar \u00edntegramente con gas natural.<\/p>\n<p>La combusti\u00f3n a GNC es una energ\u00eda m\u00e1s limpia y amigable para el ambiente que las tradicionales, reduciendo las emisiones de carbono y gases de efecto invernadero y contaminaci\u00f3n sonora: un lineamiento que persigue la pol\u00edtica p\u00fablica del intendente Daniel Passerini de fomentar el cuidado de la casa com\u00fan y disminuir la isla de calor del centro capitalino, en esta oportunidad a trav\u00e9s de un sistema de transporte m\u00e1s eficiente y sostenible.<\/p>\n<p>Cada autob\u00fas tiene un peso de 17 toneladas y est\u00e1 equipado con nueve tubos de 80 metros de GNC, lo que le proporciona una autonom\u00eda de 300 kil\u00f3metros. El tiempo de carga completa de su combustible es menor a los 30 minutos.<\/p>\n<p>Tienen mayor porte que los habituales: con casi 13 metros de largo le dan capacidad aproximada de 90 pasajeros por unidad, incluyendo dos espacios espec\u00edficos para personas que se movilizan con sillas de rueda. Est\u00e1n equipados con rampas para personas con discapacidad, Wifi, puerto USB, entre otros beneficios.<\/p>\n<p>La adquisici\u00f3n y puesta en funcionamiento de flamantes colectivos es la materializaci\u00f3n de un plan integral y la decisi\u00f3n pol\u00edtica del intendente Daniel Passerini, con el objetivo de optimizar las frecuencias y disminuir los tiempos de espera del sistema de transporte urbano de pasajeros de la ciudad de C\u00f3rdoba<\/p>\n","protected":false},"excerpt":{"rendered":"<p>Las incorporaciones fueron fabricadas en C\u00f3rdoba Capital por la marca Iveco, en su planta de barrio Ferreyra. Reducen las emisiones de carbono y gases de efecto invernadero. Con un costo significativamente menor en la carga de combustible, poseen una autonom\u00eda aproximada de 300 kil\u00f3metros. En los \u00faltimos siete meses se sumaron 70 unidades nuevas a [&hellip;]<\/p>\n","protected":false},"author":1,"featured_media":158234,"comment_status":"closed","ping_status":"closed","sticky":false,"template":"","format":"standard","meta":[],"categories":[44],"tags":[],"_links":{"self":[{"href":"http:\/\/cordobadirecto.com\/index.php\/wp-json\/wp\/v2\/posts\/158233"}],"collection":[{"href":"http:\/\/cordobadirecto.com\/index.php\/wp-json\/wp\/v2\/posts"}],"about":[{"href":"http:\/\/cordobadirecto.com\/index.php\/wp-json\/wp\/v2\/types\/post"}],"author":[{"embeddable":true,"href":"http:\/\/cordobadirecto.com\/index.php\/wp-json\/wp\/v2\/users\/1"}],"replies":[{"embeddable":true,"href":"http:\/\/cordobadirecto.com\/index.php\/wp-json\/wp\/v2\/comments?post=158233"}],"version-history":[{"count":0,"href":"http:\/\/cordobadirecto.com\/index.php\/wp-json\/wp\/v2\/posts\/158233\/revisions"}],"wp:featuredmedia":[{"embeddable":true,"href":"http:\/\/cordobadirecto.com\/index.php\/wp-json\/wp\/v2\/media\/158234"}],"wp:attachment":[{"href":"http:\/\/cordobadirecto.com\/index.php\/wp-json\/wp\/v2\/media?parent=158233"}],"wp:term":[{"taxonomy":"category","embeddable":true,"href":"http:\/\/cordobadirecto.com\/index.php\/wp-json\/wp\/v2\/categories?post=158233"},{"taxonomy":"post_tag","embeddable":true,"href":"http:\/\/cordobadirecto.com\/index.php\/wp-json\/wp\/v2\/tags?post=158233"}],"curies":[{"name":"wp","href":"https:\/\/api.w.org\/{rel}","templated":true}]}}