{"id":158249,"date":"2024-11-15T18:19:30","date_gmt":"2024-11-15T18:19:30","guid":{"rendered":"http:\/\/cordobadirecto.com\/index.php\/2024\/11\/15\/rodrigo-de-loredo-acuso-al-gobernador-de-cordoba-de-tener-un-doble-discurso-y-cuestiono\/"},"modified":"2024-11-15T18:19:30","modified_gmt":"2024-11-15T18:19:30","slug":"rodrigo-de-loredo-acuso-al-gobernador-de-cordoba-de-tener-un-doble-discurso-y-cuestiono","status":"publish","type":"post","link":"http:\/\/cordobadirecto.com\/index.php\/2024\/11\/15\/rodrigo-de-loredo-acuso-al-gobernador-de-cordoba-de-tener-un-doble-discurso-y-cuestiono\/","title":{"rendered":"Rodrigo de Loredo acus\u00f3 al gobernador de <b>C\u00f3rdoba<\/b> de tener un doble discurso y cuestion\u00f3 &#8230;"},"content":{"rendered":"<p>El legislador critic\u00f3 la situaci\u00f3n <b>econ\u00f3mica<\/b> en <b>C\u00f3rdoba<\/b> &#8230; <b>C\u00f3rdoba<\/b>: De Loredo toma la iniciativa para definir el perfil de la <b>nueva<\/b> UCR. <\/p>\n","protected":false},"excerpt":{"rendered":"<p>El legislador critic\u00f3 la situaci\u00f3n econ\u00f3mica en C\u00f3rdoba &#8230; C\u00f3rdoba: De Loredo toma la iniciativa para definir el perfil de la nueva UCR.<\/p>\n","protected":false},"author":1,"featured_media":0,"comment_status":"closed","ping_status":"closed","sticky":false,"template":"","format":"standard","meta":[],"categories":[40],"tags":[],"_links":{"self":[{"href":"http:\/\/cordobadirecto.com\/index.php\/wp-json\/wp\/v2\/posts\/158249"}],"collection":[{"href":"http:\/\/cordobadirecto.com\/index.php\/wp-json\/wp\/v2\/posts"}],"about":[{"href":"http:\/\/cordobadirecto.com\/index.php\/wp-json\/wp\/v2\/types\/post"}],"author":[{"embeddable":true,"href":"http:\/\/cordobadirecto.com\/index.php\/wp-json\/wp\/v2\/users\/1"}],"replies":[{"embeddable":true,"href":"http:\/\/cordobadirecto.com\/index.php\/wp-json\/wp\/v2\/comments?post=158249"}],"version-history":[{"count":0,"href":"http:\/\/cordobadirecto.com\/index.php\/wp-json\/wp\/v2\/posts\/158249\/revisions"}],"wp:attachment":[{"href":"http:\/\/cordobadirecto.com\/index.php\/wp-json\/wp\/v2\/media?parent=158249"}],"wp:term":[{"taxonomy":"category","embeddable":true,"href":"http:\/\/cordobadirecto.com\/index.php\/wp-json\/wp\/v2\/categories?post=158249"},{"taxonomy":"post_tag","embeddable":true,"href":"http:\/\/cordobadirecto.com\/index.php\/wp-json\/wp\/v2\/tags?post=158249"}],"curies":[{"name":"wp","href":"https:\/\/api.w.org\/{rel}","templated":true}]}}