{"id":158265,"date":"2024-11-15T20:42:24","date_gmt":"2024-11-15T20:42:24","guid":{"rendered":"https:\/\/www.ole.com.ar\/autos\/juan-pablo-montoya-critico-dio-marcha-franco-colapinto-formula-1-f1_0_V0oPfxePPk.html"},"modified":"2024-11-15T20:42:24","modified_gmt":"2024-11-15T20:42:24","slug":"critico-a-colapinto-y-no-dio-marcha-atras-se-toman-las-cosas-personalmente","status":"publish","type":"post","link":"http:\/\/cordobadirecto.com\/index.php\/2024\/11\/15\/critico-a-colapinto-y-no-dio-marcha-atras-se-toman-las-cosas-personalmente\/","title":{"rendered":"Critic\u00f3 a Colapinto y no dio marcha atr\u00e1s: &#8220;Se toman las cosas personalmente&#8221;"},"content":{"rendered":"<p><time class=\"createDate\" datetime=\"2024-11-15T17:42:24-03:00\">15\/11\/2024 17:42hs.<\/time><\/p>\n<div id=\"storyBody\">\n<div class=\"custom-text \" readability=\"34.01044386423\">\n<p><strong>Juan Pablo Montoya<\/strong>, reconocido ex piloto de <strong>F\u00f3rmula 1<\/strong>, fue el centro de un inesperado revuelo <strong><a href=\"https:\/\/www.ole.com.ar\/tema\/73y600UsTr.html\" title=\"tras unas declaraciones que, seg\u00fan muchos, apuntaron directamente contra Franco Colapinto\" alt=\"tras unas declaraciones que, seg\u00fan muchos, apuntaron directamente contra Franco Colapinto\">tras apuntar directamente contra Franco Colapinto<\/a><\/strong>. Y es que sus palabras generaron una ola de cr\u00edticas en las redes sociales, especialmente de fan\u00e1ticos argentinos que defendieron al joven de Williams, y fue ante esto que<strong> el colombiano decidi\u00f3 romper el silencio y explicar su postura<\/strong>.<\/p>\n<\/div>\n<div class=\"custom-text \" readability=\"39\">\n<p><strong>&#8220;S\u00e9 que los errores pueden pasar. Ahora est\u00e1n todos enamorados de Colapinto, pero se estrell\u00f3 detr\u00e1s del safety car&#8221;<\/strong>, hab\u00eda dicho el ganador de siete Grandes Premios en di\u00e1logo con AS, adem\u00e1s de sostener que <strong>&#8220;si fuera Horner le dir\u00eda a Williams &#8216;qu\u00e9date con Colapinto y dame a Sainz&#8217;<\/strong>&#8220;. Despu\u00e9s de las miles de cr\u00edticas que recibi\u00f3, quien brill\u00f3 en Williams y McLaren a comienzos del siglo XXI se refiri\u00f3 a la situaci\u00f3n y no dio un paso hacia atr\u00e1s.<\/p>\n<\/div>\n<div class=\"custom-text \" readability=\"39\">\n<p><strong>\u201cEs complicado porque la gente se toma las cosas personalmente cuando quiere a su piloto y a su pa\u00eds, es entendible.<\/strong> No estoy buscando rajar a nadie, solo opino de la situaci\u00f3n\u201d, explic\u00f3 Montoya en su podcast, dejando en claro que su intenci\u00f3n nunca fue desacreditar a Colapinto sino ofrecer un an\u00e1lisis objetivo sobre el presente y futuro del piloto.<\/p>\n<\/div>\n<div class=\"sc-e7b891c4-0 ifHnQL image-embed\"><img alt=\"Juan Pablo Montoya, el ex piloto de la F\u00f3rmula 1 que habl\u00f3 sobre Colapinto.\" loading=\"lazy\" width=\"720\" height=\"100\" decoding=\"async\" data-nimg=\"1\" src=\"http:\/\/cordobadirecto.com\/wp-content\/uploads\/2024\/11\/critico-a-colapinto-y-no-dio-marcha-atras-se-toman-las-cosas-personalmente.jpg\"><span class=\"epigraphe\">Juan Pablo Montoya, el ex piloto de la F\u00f3rmula 1 que habl\u00f3 sobre Colapinto.<\/span><\/div>\n<div class=\"custom-text \" readability=\"41\">\n<p>Luego, sostuvo otro de los comentarios que hizo en torno al bonaerense: dijo que, en caso de ser quien tome las decisiones en Red Bull, priorizar\u00eda al espa\u00f1ol Sainz (esto, en torno a los rumores que instalan a Franco en la escuder\u00eda austr\u00edaca). <strong>\u201cDije que si fuera de Red Bull, elegir\u00eda a Sainz. \u00bfQui\u00e9n no? Es la verdad. Pero entiendo que algunos no lo tomaron bien\u201d<\/strong>, expres\u00f3.<\/p>\n<\/div>\n<div class=\"custom-text \" readability=\"37\">\n<p>Por \u00faltimo, y lejos de sentirse afectado por las cr\u00edticas, Montoya minimiz\u00f3 los comentarios negativos hacia su persona: <strong>\u201cEs chistoso porque esto lo viv\u00ed toda mi vida y no me afecta. Como dicen, preoc\u00fapate el d\u00eda que no opinen\u201d<\/strong>.<\/p>\n<\/div>\n<div class=\"sc-e7b891c4-0 ifHnQL image-embed\"><img alt=\"Las Vegas, el pr\u00f3ximo desaf\u00edo para Colapinto en la F1.\" loading=\"lazy\" width=\"720\" height=\"100\" decoding=\"async\" data-nimg=\"1\" src=\"http:\/\/cordobadirecto.com\/wp-content\/uploads\/2024\/11\/critico-a-colapinto-y-no-dio-marcha-atras-se-toman-las-cosas-personalmente-1.jpg\"><span class=\"epigraphe\">Las Vegas, el pr\u00f3ximo desaf\u00edo para Colapinto en la F1.<\/span><\/div>\n<p><h2><strong>Cu\u00e1ndo vuelve a correr Colapinto en la F\u00f3rmula 1<\/strong><\/h2>\n<\/p>\n<div class=\"custom-text \" readability=\"39\">\n<p>Para la pr\u00f3xima carrera de la F1, los fan\u00e1ticos de argentinos deber\u00e1n seguir de largo. Es que el <strong>GP de Las Vegas<\/strong> se realizar\u00e1 en la madrugada argentina,. Franco tendr\u00e1 su segunda experiencia de noche y la tercera en un circuito callejero (las otras, Signapur y Azerbaiy\u00e1n). <strong>La actividad comenzar\u00e1 el jueves 21 de noviembre y se cerrar\u00e1 el domingo 24<\/strong>, con la carrera que se largar\u00e1 alrededor de las 3.<\/p>\n<\/div>\n<div class=\"sc-a7166897-0 eoLsBE\" readability=\"6.5\">\n<section readability=\"3\"><picture><img alt=\"Lo echaron de la F1 para darle su lugar a Colapinto y recibi\u00f3 un duro rev\u00e9s para su futuro\" loading=\"lazy\" width=\"290\" height=\"290\" decoding=\"async\" data-nimg=\"1\" src=\"http:\/\/cordobadirecto.com\/wp-content\/uploads\/2024\/11\/critico-a-colapinto-y-no-dio-marcha-atras-se-toman-las-cosas-personalmente-2.jpg\"><\/picture>\n<p><span>Mir\u00e1 tambi\u00e9n<\/span><\/p>\n<hr>\n<h3>Lo echaron de la F1 para darle su lugar a Colapinto y recibi\u00f3 un duro rev\u00e9s para su futuro<\/h3>\n<\/p>\n<\/section>\n<\/div>\n<div class=\"sc-a7166897-0 eoLsBE\" readability=\"6\">\n<section readability=\"2\"><picture><img alt=\"\u00bfY Colapinto? Carlos Sainz se subir\u00e1 al Williams antes de fin de a\u00f1o\" loading=\"lazy\" width=\"290\" height=\"290\" decoding=\"async\" data-nimg=\"1\" src=\"http:\/\/cordobadirecto.com\/wp-content\/uploads\/2024\/11\/critico-a-colapinto-y-no-dio-marcha-atras-se-toman-las-cosas-personalmente-3.jpg\"><\/picture>\n<p><span>Mir\u00e1 tambi\u00e9n<\/span><\/p>\n<hr>\n<h3>\u00bfY Colapinto? Carlos Sainz se subir\u00e1 al Williams antes de fin de a\u00f1o<\/h3>\n<\/p>\n<\/section>\n<\/div>\n<div class=\"sc-a7166897-0 eoLsBE\" readability=\"6\">\n<section readability=\"2\"><picture><img alt=\"La intimidad de Colapinto: heladera vac\u00eda y la dieta que no sigue\" loading=\"lazy\" width=\"290\" height=\"290\" decoding=\"async\" data-nimg=\"1\" src=\"http:\/\/cordobadirecto.com\/wp-content\/uploads\/2024\/11\/critico-a-colapinto-y-no-dio-marcha-atras-se-toman-las-cosas-personalmente-4.jpg\"><\/picture>\n<p><span>Mir\u00e1 tambi\u00e9n<\/span><\/p>\n<hr>\n<h3>La intimidad de Colapinto: heladera vac\u00eda y la dieta que no sigue<\/h3>\n<\/p>\n<\/section>\n<\/div>\n<div class=\"sc-a7166897-0 eoLsBE\" readability=\"6\">\n<section readability=\"2\"><picture><img alt=\"Carlos Sainz cont\u00f3 las razones por las que eligi\u00f3 ir a Williams\" loading=\"lazy\" width=\"290\" height=\"290\" decoding=\"async\" data-nimg=\"1\" src=\"http:\/\/cordobadirecto.com\/wp-content\/uploads\/2024\/11\/critico-a-colapinto-y-no-dio-marcha-atras-se-toman-las-cosas-personalmente-5.jpg\"><\/picture>\n<p><span>Mir\u00e1 tambi\u00e9n<\/span><\/p>\n<hr>\n<h3>Carlos Sainz cont\u00f3 las razones por las que eligi\u00f3 ir a Williams<\/h3>\n<\/p>\n<\/section>\n<\/div>\n<\/div>\n","protected":false},"excerpt":{"rendered":"<p>15\/11\/2024 17:42hs. Juan Pablo Montoya, reconocido ex piloto de F\u00f3rmula 1, fue el centro de un inesperado revuelo tras apuntar directamente contra Franco Colapinto. Y es que sus palabras generaron una ola de cr\u00edticas en las redes sociales, especialmente de fan\u00e1ticos argentinos que defendieron al joven de Williams, y fue ante esto que el colombiano [&hellip;]<\/p>\n","protected":false},"author":1,"featured_media":158266,"comment_status":"closed","ping_status":"closed","sticky":false,"template":"","format":"standard","meta":[],"categories":[21],"tags":[],"_links":{"self":[{"href":"http:\/\/cordobadirecto.com\/index.php\/wp-json\/wp\/v2\/posts\/158265"}],"collection":[{"href":"http:\/\/cordobadirecto.com\/index.php\/wp-json\/wp\/v2\/posts"}],"about":[{"href":"http:\/\/cordobadirecto.com\/index.php\/wp-json\/wp\/v2\/types\/post"}],"author":[{"embeddable":true,"href":"http:\/\/cordobadirecto.com\/index.php\/wp-json\/wp\/v2\/users\/1"}],"replies":[{"embeddable":true,"href":"http:\/\/cordobadirecto.com\/index.php\/wp-json\/wp\/v2\/comments?post=158265"}],"version-history":[{"count":0,"href":"http:\/\/cordobadirecto.com\/index.php\/wp-json\/wp\/v2\/posts\/158265\/revisions"}],"wp:featuredmedia":[{"embeddable":true,"href":"http:\/\/cordobadirecto.com\/index.php\/wp-json\/wp\/v2\/media\/158266"}],"wp:attachment":[{"href":"http:\/\/cordobadirecto.com\/index.php\/wp-json\/wp\/v2\/media?parent=158265"}],"wp:term":[{"taxonomy":"category","embeddable":true,"href":"http:\/\/cordobadirecto.com\/index.php\/wp-json\/wp\/v2\/categories?post=158265"},{"taxonomy":"post_tag","embeddable":true,"href":"http:\/\/cordobadirecto.com\/index.php\/wp-json\/wp\/v2\/tags?post=158265"}],"curies":[{"name":"wp","href":"https:\/\/api.w.org\/{rel}","templated":true}]}}