{"id":158267,"date":"2024-11-15T23:07:35","date_gmt":"2024-11-15T23:07:35","guid":{"rendered":"https:\/\/www.ole.com.ar\/ascenso\/ascenso-primera-nacional-deportivo-moron-michael-jordan_0_F81kN7oPXG.html"},"modified":"2024-11-15T23:07:35","modified_gmt":"2024-11-15T23:07:35","slug":"el-club-del-ascenso-que-anuncio-a-su-nuevo-tecnico-al-estilo-michael-jordan","status":"publish","type":"post","link":"http:\/\/cordobadirecto.com\/index.php\/2024\/11\/15\/el-club-del-ascenso-que-anuncio-a-su-nuevo-tecnico-al-estilo-michael-jordan\/","title":{"rendered":"El club del Ascenso que anunci\u00f3 a su nuevo t\u00e9cnico al estilo Michael Jordan"},"content":{"rendered":"<p><time class=\"createDate\" datetime=\"2024-11-15T19:10:12-03:00\">15\/11\/2024 19:10hs.<\/time><\/p>\n<div id=\"storyBody\">\n<div class=\"custom-text \" readability=\"35.206060606061\">\n<p>Una noticia que sacude a todo <a href=\"https:\/\/www.ole.com.ar\/tema\/deportivo-moron.html\" title=\"Deportivo Mor\u00f3n\" alt=\"Deportivo Mor\u00f3n\" class=\"slug\">Deportivo Mor\u00f3n<\/a>. Particularmente por lo que genera su nombre en los pasillos del club y la posterior ilusi\u00f3n de que el banco de suplentes sea nuevaente ocupado por \u00e9l. Claro, porque despu\u00e9s de la salida de C\u00e9sar Monasterio -solo dirigi\u00f3 13 partidos-, <strong>el Gallito confirm\u00f3 a su nuevo entrenador<\/strong>.<\/p>\n<\/div>\n<div class=\"custom-text \" readability=\"33.785488958991\">\n<p>El hombre en cuesti\u00f3n es <strong><a href=\"https:\/\/www.ole.com.ar\/tema\/walter-otta.html\" title=\"Walter Otta\" alt=\"Walter Otta\" class=\"slug\">Walter Otta<\/a><\/strong>. El ahora ex det\u00e9 de Estudiantes de Buenos Aires -el Pincha comunic\u00f3 hace dos d\u00edas que se fue por decisi\u00f3n propia- estamp\u00f3 la firma este viernes y comenzar\u00e1 un nuevo ciclo en el Oeste. El experimentado entrenador de 50 a\u00f1os puso el gancho hasta el <strong>31 de diciembre de 2025<\/strong>.<\/p>\n<\/div>\n<div class=\"sc-e7b891c4-0 ifHnQL image-embed\"><img alt=\"Otta firmando su nuevo contrato con el Gallito (Prensa Deportivo Mor\u00f3n).\" loading=\"lazy\" width=\"720\" height=\"100\" decoding=\"async\" data-nimg=\"1\" src=\"http:\/\/cordobadirecto.com\/wp-content\/uploads\/2024\/11\/el-club-del-ascenso-que-anuncio-a-su-nuevo-tecnico-al-estilo-michael-jordan.jpg\"><span class=\"epigraphe\">Otta firmando su nuevo contrato con el Gallito (Prensa Deportivo Mor\u00f3n).<\/span><\/div>\n<div class=\"custom-text \" readability=\"36.653164556962\">\n<p>Otta qued\u00f3 marcado en la historia de Mor\u00f3n por ser el l\u00edder del ascenso a la Primera Nacional en 2017. Y tanto genera su nombre para los hinchas, que el club realiz\u00f3 varias publicaciones en sus redes sociales fomentando su vuelta. Una de ellas, <strong>es un comunicado similar al que <a href=\"https:\/\/www.ole.com.ar\/tema\/michael-jordan.html\" title=\"Michael Jordan\" alt=\"Michael Jordan\" class=\"slug\">Michael Jordan<\/a> emiti\u00f3 para anunciar su vuelta al b\u00e1squet en 1995<\/strong>, despu\u00e9s de una breve aventura en el b\u00e9isbol.<\/p>\n<\/div>\n<div class=\"custom-text \" readability=\"38\">\n<p>Lo cierto es que el flamante det\u00e9 estar\u00e1 acompa\u00f1ado de F\u00e9lix Benito y Carlos Pereyra como ayudantes de campo, Guido P\u00e1ez como preparador f\u00edsico, Luis Mart\u00ednenez como entrenador de arqueros y Tom\u00e1s Benito como videoanalista. Pese a que en la corriente temporada ya no tendr\u00e1 acci\u00f3n, Otta empezar\u00e1 a <strong>diagramar lo que ser\u00e1 un 2025 con el objetivo de mejorar los resultados<\/strong> futbol\u00edsticos.<\/p>\n<\/div>\n<p><h2><strong>La carrera de Otta como entrenador y su paso anterior por Mor\u00f3n<\/strong><\/h2>\n<\/p>\n<div class=\"custom-text \" readability=\"41\">\n<p>Su curr\u00edculum en el Ascenso es amplio: Villa D\u00e1lmine -dos veces-, Acassuso, Uni\u00f3n de Mar Del Plata, Deportivo Mor\u00f3n, Atl\u00e9tico Rafaela, Estudiantes de Buenos Aires -dos veces- y Patronato. Y <strong>pese a que en el conjunto de Paran\u00e1 dirigi\u00f3 al equipo en la Copa Libertadores 2023<\/strong> -que despu\u00e9s jug\u00f3 Sudamericana-, el v\u00ednculo especial lo tiene en el Oeste.<\/p>\n<\/div>\n<div class=\"custom-text \" readability=\"40\">\n<p>Tras su paso por el conjunto de la ciudad costera, Otta cay\u00f3 en Mor\u00f3n en el 2015. Dos a\u00f1os despu\u00e9s, meti\u00f3 un torneo incre\u00edble en la Primera B, y a falta de cuatro fechas para el cierre, <strong>se consagr\u00f3 campe\u00f3n de la categor\u00eda<\/strong> venciendo a Platense. De esta forma, el Gallito volvi\u00f3 a la Primera Nacional despu\u00e9s de 17 a\u00f1os.<\/p>\n<\/div>\n<div class=\"sc-e7b891c4-0 ifHnQL image-embed\"><img alt=\"Walter Otta en su primer ciclo en Mor\u00f3n.\" loading=\"lazy\" width=\"720\" height=\"100\" decoding=\"async\" data-nimg=\"1\" src=\"http:\/\/cordobadirecto.com\/wp-content\/uploads\/2024\/11\/el-club-del-ascenso-que-anuncio-a-su-nuevo-tecnico-al-estilo-michael-jordan-1.jpg\"><span class=\"epigraphe\">Walter Otta en su primer ciclo en Mor\u00f3n.<\/span><\/div>\n<div class=\"custom-text \" readability=\"39\">\n<p>Al poco tiempo, dej\u00f3 su cargo con un saldo m\u00e1s que positivo, qued\u00e1ndose con una de las cosas m\u00e1s valiosas: el cari\u00f1o de la gente. Y as\u00ed lo dio a entender despu\u00e9s de firmar su nuevo contrato para iniciar el segundo ciclo: &#8220;Es un club al que le tenemos much\u00edsimo cari\u00f1o y que <strong>nos posicion\u00f3 en el lugar en el que estamos como CT<\/strong>. Es imposible no revivir todo lo que pasamos, asi que agradezco al presidente, que es quien m\u00e1s me insisti\u00f3 para volver&#8221;.<\/p>\n<\/div>\n<div class=\"sc-a7166897-0 eoLsBE\" readability=\"6.5\">\n<section readability=\"3\"><picture><img alt=\"Esc\u00e1ndalo: jug\u00f3 en la Copa del Kun Ag\u00fcero a un d\u00eda de la final por el ascenso al Nacional\" loading=\"lazy\" width=\"290\" height=\"290\" decoding=\"async\" data-nimg=\"1\" src=\"http:\/\/cordobadirecto.com\/wp-content\/uploads\/2024\/11\/el-club-del-ascenso-que-anuncio-a-su-nuevo-tecnico-al-estilo-michael-jordan-2.jpg\"><\/picture>\n<p><span>Mir\u00e1 tambi\u00e9n<\/span><\/p>\n<hr>\n<h3>Esc\u00e1ndalo: jug\u00f3 en la Copa del Kun Ag\u00fcero a un d\u00eda de la final por el ascenso al Nacional<\/h3>\n<\/p>\n<\/section>\n<\/div>\n<div class=\"sc-a7166897-0 eoLsBE\" readability=\"6\">\n<section readability=\"2\"><picture><img alt=\"\u00c1rbitro suspendido: denuncian dos arreglos m\u00e1s de partidos\" loading=\"lazy\" width=\"290\" height=\"290\" decoding=\"async\" data-nimg=\"1\" src=\"http:\/\/cordobadirecto.com\/wp-content\/uploads\/2024\/11\/el-club-del-ascenso-que-anuncio-a-su-nuevo-tecnico-al-estilo-michael-jordan-3.jpg\"><\/picture>\n<p><span>Mir\u00e1 tambi\u00e9n<\/span><\/p>\n<hr>\n<h3>\u00c1rbitro suspendido: denuncian dos arreglos m\u00e1s de partidos<\/h3>\n<\/p>\n<\/section>\n<\/div>\n<div class=\"sc-a7166897-0 eoLsBE\" readability=\"6\">\n<section readability=\"2\"><picture><img alt=\"Real Madrid de Potrero Bajada: la curiosa historia del Merengue santiague\u00f1o\" loading=\"lazy\" width=\"290\" height=\"290\" decoding=\"async\" data-nimg=\"1\" src=\"http:\/\/cordobadirecto.com\/wp-content\/uploads\/2024\/11\/el-club-del-ascenso-que-anuncio-a-su-nuevo-tecnico-al-estilo-michael-jordan-4.jpg\"><\/picture>\n<p><span>Mir\u00e1 tambi\u00e9n<\/span><\/p>\n<hr>\n<h3>Real Madrid de Potrero Bajada: la curiosa historia del Merengue santiague\u00f1o<\/h3>\n<\/p>\n<\/section>\n<\/div>\n<div class=\"sc-a7166897-0 eoLsBE\" readability=\"7\">\n<section readability=\"4\"><picture><img alt=\"Juanfer Quintero y Almendra, figuras de Racing, suenan en Brasil\" loading=\"lazy\" width=\"290\" height=\"290\" decoding=\"async\" data-nimg=\"1\" src=\"http:\/\/cordobadirecto.com\/wp-content\/uploads\/2024\/11\/el-club-del-ascenso-que-anuncio-a-su-nuevo-tecnico-al-estilo-michael-jordan-5.jpg\"><\/picture>\n<p><span>Mir\u00e1 tambi\u00e9n<\/span><\/p>\n<hr>\n<h3>Juanfer Quintero y Almendra, figuras de Racing, suenan en Brasil<\/h3>\n<\/p>\n<\/section>\n<\/div>\n<\/div>\n","protected":false},"excerpt":{"rendered":"<p>15\/11\/2024 19:10hs. Una noticia que sacude a todo Deportivo Mor\u00f3n. Particularmente por lo que genera su nombre en los pasillos del club y la posterior ilusi\u00f3n de que el banco de suplentes sea nuevaente ocupado por \u00e9l. Claro, porque despu\u00e9s de la salida de C\u00e9sar Monasterio -solo dirigi\u00f3 13 partidos-, el Gallito confirm\u00f3 a su [&hellip;]<\/p>\n","protected":false},"author":1,"featured_media":158268,"comment_status":"closed","ping_status":"closed","sticky":false,"template":"","format":"standard","meta":[],"categories":[21],"tags":[],"_links":{"self":[{"href":"http:\/\/cordobadirecto.com\/index.php\/wp-json\/wp\/v2\/posts\/158267"}],"collection":[{"href":"http:\/\/cordobadirecto.com\/index.php\/wp-json\/wp\/v2\/posts"}],"about":[{"href":"http:\/\/cordobadirecto.com\/index.php\/wp-json\/wp\/v2\/types\/post"}],"author":[{"embeddable":true,"href":"http:\/\/cordobadirecto.com\/index.php\/wp-json\/wp\/v2\/users\/1"}],"replies":[{"embeddable":true,"href":"http:\/\/cordobadirecto.com\/index.php\/wp-json\/wp\/v2\/comments?post=158267"}],"version-history":[{"count":0,"href":"http:\/\/cordobadirecto.com\/index.php\/wp-json\/wp\/v2\/posts\/158267\/revisions"}],"wp:featuredmedia":[{"embeddable":true,"href":"http:\/\/cordobadirecto.com\/index.php\/wp-json\/wp\/v2\/media\/158268"}],"wp:attachment":[{"href":"http:\/\/cordobadirecto.com\/index.php\/wp-json\/wp\/v2\/media?parent=158267"}],"wp:term":[{"taxonomy":"category","embeddable":true,"href":"http:\/\/cordobadirecto.com\/index.php\/wp-json\/wp\/v2\/categories?post=158267"},{"taxonomy":"post_tag","embeddable":true,"href":"http:\/\/cordobadirecto.com\/index.php\/wp-json\/wp\/v2\/tags?post=158267"}],"curies":[{"name":"wp","href":"https:\/\/api.w.org\/{rel}","templated":true}]}}