{"id":158277,"date":"2024-11-15T18:54:34","date_gmt":"2024-11-15T18:54:34","guid":{"rendered":"https:\/\/cordoba.gob.ar\/?p=64222"},"modified":"2024-11-15T18:54:34","modified_gmt":"2024-11-15T18:54:34","slug":"140-estudiantes-recibieron-sus-certificados-por-la-finalizacion-de-los-cursos-de-formacion-profesional-y-laboral","status":"publish","type":"post","link":"http:\/\/cordobadirecto.com\/index.php\/2024\/11\/15\/140-estudiantes-recibieron-sus-certificados-por-la-finalizacion-de-los-cursos-de-formacion-profesional-y-laboral\/","title":{"rendered":"140 estudiantes recibieron sus certificados por la finalizaci\u00f3n de los cursos de Formaci\u00f3n Profesional y Laboral"},"content":{"rendered":"<div><img src=\"http:\/\/cordobadirecto.com\/wp-content\/uploads\/2024\/11\/140-estudiantes-recibieron-sus-certificados-por-la-finalizacion-de-los-cursos-de-formacion-profesional-y-laboral.jpg\" class=\"ff-og-image-inserted\"><\/div>\n<ul>\n<li><strong>La formaci\u00f3n es desarrollada de manera conjunta entre el Parque Educativo Sur, Renault Argentina y otras organizaciones de la sociedad civil.<\/strong><\/li>\n<li><strong><strong>El acto se realiz\u00f3 en el Auditorio F\u00e1brica Santa Isabel.<\/strong><\/strong><br \/>\n<hr>\n<\/li>\n<\/ul>\n<p>Como cada a\u00f1o, los Parques Educativos abren sus puertas para brindar oportunidades a los vecinos y vecinas, ofreciendo una amplia variedad de talleres de Formaci\u00f3n Profesional y Laboral.<\/p>\n<p>En este contexto, 140 estudiantes que se formaron en el Parque Educativo Sur recibieron sus certificados tras completar exitosamente los cursos junto a Renault Argentina.<\/p>\n<p>Cada uno de los talleres se enfoc\u00f3 en la ense\u00f1anza de habilidades pr\u00e1cticas y t\u00e9cnicas, permitiendo a los participantes acceder a conocimientos que faciliten su inserci\u00f3n en el mercado laboral.<\/p>\n<p>Se trata de los talleres dictados durante el ciclo 2024: Corte y confecci\u00f3n (nivel inicial y avanzado), impartido por la Asociaci\u00f3n Civil Las Omas; y carpinter\u00eda con pallets (nivel inicial y avanzado), en alianza con Fundaci\u00f3n Holcim y Andreani.<\/p>\n<p>A su vez, se imparti\u00f3 la formaci\u00f3n de instalaciones el\u00e9ctricas domiciliarias, dictado por Fundaci\u00f3n Pircas; y herramientas para la inclusi\u00f3n laboral, en conjunto con la empresa Iscot, proveedora de la F\u00e1brica Santa Isabel, donde se desarroll\u00f3 el presente acto.<\/p>\n<p>La formaci\u00f3n brindada fue posible gracias al Programa Comunidad de Renault Argentina, un esfuerzo conjunto que apuesta a la inclusi\u00f3n social y el desarrollo profesional de los habitantes de los barrios cercanos a la planta de Santa Isabel.<\/p>\n<p>El evento, impulsado por la Municipalidad de C\u00f3rdoba en conjunto con Renault Argentina y diversas organizaciones de la sociedad civil, reafirma el compromiso de brindar oportunidades de capacitaci\u00f3n para la empleabilidad en la comunidad.<\/p>\n<p>Este programa de coparticipaci\u00f3n p\u00fablico-privada tiene como prop\u00f3sito fundamental empoderar a las comunidades locales de la zona sur de C\u00f3rdoba a trav\u00e9s de cursos pr\u00e1cticos y talleres de oficios, promoviendo la educaci\u00f3n para el trabajo.<\/p>\n","protected":false},"excerpt":{"rendered":"<p>La formaci\u00f3n es desarrollada de manera conjunta entre el Parque Educativo Sur, Renault Argentina y otras organizaciones de la sociedad civil. El acto se realiz\u00f3 en el Auditorio F\u00e1brica Santa Isabel. Como cada a\u00f1o, los Parques Educativos abren sus puertas para brindar oportunidades a los vecinos y vecinas, ofreciendo una amplia variedad de talleres de [&hellip;]<\/p>\n","protected":false},"author":1,"featured_media":158278,"comment_status":"closed","ping_status":"closed","sticky":false,"template":"","format":"standard","meta":[],"categories":[44],"tags":[],"_links":{"self":[{"href":"http:\/\/cordobadirecto.com\/index.php\/wp-json\/wp\/v2\/posts\/158277"}],"collection":[{"href":"http:\/\/cordobadirecto.com\/index.php\/wp-json\/wp\/v2\/posts"}],"about":[{"href":"http:\/\/cordobadirecto.com\/index.php\/wp-json\/wp\/v2\/types\/post"}],"author":[{"embeddable":true,"href":"http:\/\/cordobadirecto.com\/index.php\/wp-json\/wp\/v2\/users\/1"}],"replies":[{"embeddable":true,"href":"http:\/\/cordobadirecto.com\/index.php\/wp-json\/wp\/v2\/comments?post=158277"}],"version-history":[{"count":0,"href":"http:\/\/cordobadirecto.com\/index.php\/wp-json\/wp\/v2\/posts\/158277\/revisions"}],"wp:featuredmedia":[{"embeddable":true,"href":"http:\/\/cordobadirecto.com\/index.php\/wp-json\/wp\/v2\/media\/158278"}],"wp:attachment":[{"href":"http:\/\/cordobadirecto.com\/index.php\/wp-json\/wp\/v2\/media?parent=158277"}],"wp:term":[{"taxonomy":"category","embeddable":true,"href":"http:\/\/cordobadirecto.com\/index.php\/wp-json\/wp\/v2\/categories?post=158277"},{"taxonomy":"post_tag","embeddable":true,"href":"http:\/\/cordobadirecto.com\/index.php\/wp-json\/wp\/v2\/tags?post=158277"}],"curies":[{"name":"wp","href":"https:\/\/api.w.org\/{rel}","templated":true}]}}