{"id":158292,"date":"2024-11-16T17:27:40","date_gmt":"2024-11-16T17:27:40","guid":{"rendered":"https:\/\/puntoapunto.com.ar\/?p=367398"},"modified":"2024-11-16T17:27:40","modified_gmt":"2024-11-16T17:27:40","slug":"tecnologia-y-politica-en-debate-expertos-analizaran-los-desafios-para-la-democracia","status":"publish","type":"post","link":"http:\/\/cordobadirecto.com\/index.php\/2024\/11\/16\/tecnologia-y-politica-en-debate-expertos-analizaran-los-desafios-para-la-democracia\/","title":{"rendered":"Tecnolog\u00eda y pol\u00edtica en debate: expertos analizar\u00e1n los desaf\u00edos para la democracia"},"content":{"rendered":"<div><img src=\"http:\/\/cordobadirecto.com\/wp-content\/uploads\/2024\/11\/tecnologia-y-politica-en-debate-expertos-analizaran-los-desafios-para-la-democracia.jpg\" class=\"ff-og-image-inserted\"><\/div>\n<p>El pr\u00f3ximo <strong>viernes 22 de noviembre<\/strong>, el auditorio del Centro Cultural de la Universidad Nacional de C\u00f3rdoba ser\u00e1 el escenario de un debate crucial para el presente y futuro de la democracia en la era digital. Bajo el t\u00edtulo <strong>\u201cTecnolog\u00eda y Democracia: Campa\u00f1as, Regulaciones y Pol\u00edtica en el Contexto Digital\u201d<\/strong>, destacados expertos analizar\u00e1n el impacto de las plataformas digitales en la pol\u00edtica contempor\u00e1nea y los desaf\u00edos que suponen para las instituciones democr\u00e1ticas.<\/p>\n<p><strong>Un panel de expertos para un debate abierto<\/strong><\/p>\n<p>El evento contar\u00e1 con la participaci\u00f3n de tres referentes en la materia:<\/p>\n<ul>\n<li><strong>Juan Negri<\/strong>, Director de las carreras de Ciencia Pol\u00edtica y Gobierno y Estudios Internacionales de la Universidad Torcuato Di Tella. Negri es Doctor en Ciencia Pol\u00edtica por la University of Pittsburgh y ha trabajado como consultor para el Banco Interamericano de Desarrollo (BID), el Gobierno de la Ciudad de Buenos Aires, la Uni\u00f3n Europea y otras organizaciones. Su vasta experiencia en an\u00e1lisis de coyuntura pol\u00edtica lo convierte en una voz destacada para abordar c\u00f3mo las instituciones pueden adaptarse al acelerado ritmo de las comunicaciones digitales.<\/li>\n<li><strong>Cecilia Galv\u00e1n<\/strong>, polit\u00f3loga y profesora en la Universidad de Buenos Aires, es la actual Directora de Investigaciones de Civic Compass. Su labor se enfoca en el estudio de la rendici\u00f3n de cuentas y las pol\u00edticas p\u00fablicas tanto a nivel nacional como subnacional, con un \u00e9nfasis en la regulaci\u00f3n de plataformas digitales. Galv\u00e1n se ha dedicado a investigar c\u00f3mo las nuevas tecnolog\u00edas pueden potenciar la eficacia de la sociedad civil en la incidencia pol\u00edtica.<\/li>\n<li><strong>Javier Pallero<\/strong>, activista y experto en pol\u00edticas p\u00fablicas de Internet, es reconocido por su trabajo en la promoci\u00f3n de los derechos humanos en entornos digitales. Durante nueve a\u00f1os lider\u00f3 equipos globales en la ONG Access Now, donde su labor se centr\u00f3 en la defensa de la libertad de expresi\u00f3n y la privacidad en l\u00ednea. Sus an\u00e1lisis han sido publicados en medios como Forbes, The Washington Post y VICE, posicion\u00e1ndolo como un referente en temas de regulaci\u00f3n tecnol\u00f3gica.<\/li>\n<\/ul>\n<p><strong>Una agenda para reflexionar sobre el presente y futuro digital<\/strong><\/p>\n<p>El evento comenzar\u00e1 a las <strong>8:30 am con una recepci\u00f3n y caf\u00e9<\/strong>, seguido de la charla abierta a partir de las <strong>9:00 am<\/strong>. La actividad es gratuita y est\u00e1 abierta a todo el p\u00fablico, previa inscripci\u00f3n, en un esfuerzo por fomentar el di\u00e1logo ciudadano sobre el papel de la tecnolog\u00eda en la pol\u00edtica actual.<\/p>\n<p>Los participantes abordar\u00e1n preguntas clave como: \u00bfEst\u00e1n las democracias preparadas para adaptarse a la rapidez de los cambios tecnol\u00f3gicos? \u00bfQu\u00e9 responsabilidades deben asumir los actores pol\u00edticos ante las nuevas din\u00e1micas digitales? \u00bfCu\u00e1l es el papel de las empresas tecnol\u00f3gicas en la regulaci\u00f3n de estos espacios?<\/p>\n<p><strong>Un contexto de transformaci\u00f3n digital y pol\u00edtica<\/strong><\/p>\n<p>Desde las revoluciones \u00e1rabes hasta los movimientos sociales actuales, internet y las plataformas digitales han demostrado ser herramientas poderosas para el activismo y la movilizaci\u00f3n ciudadana. Sin embargo, tambi\u00e9n han planteado desaf\u00edos significativos en t\u00e9rminos de desinformaci\u00f3n, manipulaci\u00f3n electoral y protecci\u00f3n de datos. Esta charla busca explorar las tensiones y oportunidades que la tecnolog\u00eda ofrece para el fortalecimiento de la democracia.<\/p>\n<p>El encuentro se llevar\u00e1 a cabo en la <strong>Av. Duarte Quir\u00f3s 93<\/strong>, en el coraz\u00f3n de C\u00f3rdoba, y promete ser un espacio de reflexi\u00f3n sobre c\u00f3mo la tecnolog\u00eda est\u00e1 redefiniendo las reglas del juego pol\u00edtico.<\/p>\n<p>Para quienes quieran sumarse a esta conversaci\u00f3n y conocer m\u00e1s sobre c\u00f3mo las herramientas digitales est\u00e1n cambiando el panorama pol\u00edtico global, la <strong>inscripci\u00f3n es gratuita<\/strong> y puede realizarse a trav\u00e9s del enlace proporcionado por los organizadores.<\/p>\n<p><strong>Fecha<\/strong>: Viernes 22 de noviembre<br \/><strong>Horario<\/strong>: 8:30 am a 10:00 am<br \/><strong>Lugar<\/strong>: Auditorio Centro Cultural de la Universidad Nacional de C\u00f3rdoba, Av. Duarte Quir\u00f3s 93<br \/><strong>Inscripci\u00f3n <\/strong><strong><a href=\"https:\/\/docs.google.com\/forms\/d\/e\/1FAIpQLSdWME4gcp9h2j5Ib-acUyyaXsAX3GwBDlJgCJFOeV-v-8PoIQ\/viewform\">HACIENDO AQU\u00cd<\/a><\/strong><\/p>\n","protected":false},"excerpt":{"rendered":"<p>El pr\u00f3ximo viernes 22 de noviembre, el auditorio del Centro Cultural de la Universidad Nacional de C\u00f3rdoba ser\u00e1 el escenario de un debate crucial para el presente y futuro de la democracia en la era digital. Bajo el t\u00edtulo \u201cTecnolog\u00eda y Democracia: Campa\u00f1as, Regulaciones y Pol\u00edtica en el Contexto Digital\u201d, destacados expertos analizar\u00e1n el impacto [&hellip;]<\/p>\n","protected":false},"author":1,"featured_media":158293,"comment_status":"closed","ping_status":"closed","sticky":false,"template":"","format":"standard","meta":[],"categories":[25],"tags":[],"_links":{"self":[{"href":"http:\/\/cordobadirecto.com\/index.php\/wp-json\/wp\/v2\/posts\/158292"}],"collection":[{"href":"http:\/\/cordobadirecto.com\/index.php\/wp-json\/wp\/v2\/posts"}],"about":[{"href":"http:\/\/cordobadirecto.com\/index.php\/wp-json\/wp\/v2\/types\/post"}],"author":[{"embeddable":true,"href":"http:\/\/cordobadirecto.com\/index.php\/wp-json\/wp\/v2\/users\/1"}],"replies":[{"embeddable":true,"href":"http:\/\/cordobadirecto.com\/index.php\/wp-json\/wp\/v2\/comments?post=158292"}],"version-history":[{"count":0,"href":"http:\/\/cordobadirecto.com\/index.php\/wp-json\/wp\/v2\/posts\/158292\/revisions"}],"wp:featuredmedia":[{"embeddable":true,"href":"http:\/\/cordobadirecto.com\/index.php\/wp-json\/wp\/v2\/media\/158293"}],"wp:attachment":[{"href":"http:\/\/cordobadirecto.com\/index.php\/wp-json\/wp\/v2\/media?parent=158292"}],"wp:term":[{"taxonomy":"category","embeddable":true,"href":"http:\/\/cordobadirecto.com\/index.php\/wp-json\/wp\/v2\/categories?post=158292"},{"taxonomy":"post_tag","embeddable":true,"href":"http:\/\/cordobadirecto.com\/index.php\/wp-json\/wp\/v2\/tags?post=158292"}],"curies":[{"name":"wp","href":"https:\/\/api.w.org\/{rel}","templated":true}]}}