{"id":158315,"date":"2024-11-16T19:08:14","date_gmt":"2024-11-16T19:08:14","guid":{"rendered":"https:\/\/www.ole.com.ar\/seleccion\/dibu-martinez-fierrero-hermano-piloto-turismo-nacionalautodromo-concordia-seleccion-argentina_0_gPNiyVxnYt.html"},"modified":"2024-11-16T19:08:14","modified_gmt":"2024-11-16T19:08:14","slug":"dibu-fierrero-fue-a-ver-su-hermano-piloto-en-el-turismo-nacional-en-concordia","status":"publish","type":"post","link":"http:\/\/cordobadirecto.com\/index.php\/2024\/11\/16\/dibu-fierrero-fue-a-ver-su-hermano-piloto-en-el-turismo-nacional-en-concordia\/","title":{"rendered":"Dibu fierrero: fue a ver su hermano piloto en el Turismo Nacional en Concordia"},"content":{"rendered":"<p><span class=\"createDate\">16\/11\/2024 16:08hs.<\/span><time class=\"modificatedDate\" datetime=\"2024-11-16T16:16:08-03:00\"> Actualizado al 16\/11\/2024 16:16hs.<\/time><\/p>\n<div id=\"storyBody\">\n<div class=\"custom-text \" readability=\"27.282051282051\">\n<p><strong>El aut\u00f3dromo de Concordia se vio revolucionado este s\u00e1bado por la presencia de <a href=\"https:\/\/www.ole.com.ar\/tema\/damian-emiliano-martinez.html\" title=\"Dami\u00e1n Emiliano Mart\u00ednez\" alt=\"Dami\u00e1n Emiliano Mart\u00ednez\" class=\"slug\">Emiliano Mart\u00ednez<\/a><\/strong>. El arquero de la <a href=\"https:\/\/www.ole.com.ar\/tema\/seleccion-argentina.html\" title=\"Selecci\u00f3n Argentina\" alt=\"Selecci\u00f3n Argentina\" class=\"slug\">Selecci\u00f3n Argentina<\/a>, un fan\u00e1tico de los fierros, dijo presente en Entre R\u00edos para acompa\u00f1ar a su hermano Alejandro, piloto que este fin de semana se presenta all\u00ed por<a href=\"https:\/\/www.ole.com.ar\/tema\/Horario.html y TV del Turismo Nacional en Concordia La primera bater\u00eda se largar\u00e1 a las 10.05hs, la segunda tendr\u00e1 lugar a las 10.30hs y la \u00faltima, a las 10.55hs. Luego, como separador entre las series y la definici\u00f3n, se disputar\u00e1 la final de la Clase 2, a las 11.45hs. Por \u00faltimo, el evento m\u00e1s esperado del fin de semana: la carrera principal de la Clase 3, que comenzar\u00e1 a las 13.05hs. Toda la actividad ser\u00e1 transmitida por la pantalla de TV P\u00fablica.\" title=\" la pen\u00faltima fecha del campeonato 2024 del Turismo Nacional. \" alt=\" la pen\u00faltima fecha del campeonato 2024 del Turismo Nacional. \"> la pen\u00faltima fecha del campeonato 2024 del Turismo Nacional. <\/a><\/p>\n<\/div>\n<div class=\"custom-text \" readability=\"33.99375\">\n<p><a href=\"https:\/\/www.ole.com.ar\/fuera-de-juego\/dibu-martinez-hermano-alejandro-pasion-autos-fierros_0_cxzRFctsH4.html\" target=\"_blank\" title=\"La pasi\u00f3n de los Mart\u00ednez por los autos viene de vieja data\" alt=\"La pasi\u00f3n de los Mart\u00ednez por los autos viene de vieja data\" rel=\"noopener\">La pasi\u00f3n de los Mart\u00ednez por los autos viene de vieja data<\/a>. Su hermano, que corre en la Clase 2 (la segunda divisi\u00f3n del TN), dirige el <strong>MartinEZ Team<\/strong> en Mar del Plata, un equipo especializado en picadas. Por eso, cada vez que puede, Dibu acompa\u00f1a a Alejandro y, de paso, despunta un poquito el vicio de los motores.<\/p>\n<\/div>\n<div class=\"custom-text \" readability=\"38\">\n<p>Su presencia en Concordia, a tres d\u00edas del partido contra Per\u00fa en la Bombonera por las Eliminatorias, no pas\u00f3 desapercibida. Desde la cuenta oficial del aut\u00f3dromo compartieron algunas im\u00e1genes del arquero, que <strong>firm\u00f3 una camiseta de la Selecci\u00f3n <\/strong>para sortear entre los asistentes a la carrera del domingo.<\/p>\n<\/div>\n<p><h2>Dibu Mart\u00ednez en Concordia<\/h2>\n<\/p>\n<div type=\"embed\" class=\"sc-3f46f5ae-0 djVTgz\">\n<div class=\"sc-3f46f5ae-1 fTjZec videoText\" id=\"contentTitleembedKWCeuxzh\" type=\"embed\" readability=\"56\"><svg fill=\"#ffffff\"><symbol id=\"play\" viewBox=\"0 0 512 512\"><path d=\"M512 256C512 397.4 397.4 512 256 512C114.6 512 0 397.4 0 256C0 114.6 114.6 0 256 0C397.4 0 512 114.6 512 256zM176 168V344C176 352.7 180.7 360.7 188.3 364.9C195.8 369.2 205.1 369 212.5 364.5L356.5 276.5C363.6 272.1 368 264.4 368 256C368 247.6 363.6 239.9 356.5 235.5L212.5 147.5C205.1 142.1 195.8 142.8 188.3 147.1C180.7 151.3 176 159.3 176 168V168z\" \/><\/symbol><use xlink:href=\"#play\" \/><\/svg><\/p>\n<div class=\"right\" readability=\"7\">\n<p>Dami\u00e1n Emiliano Mart\u00ednez<!-- --> &#8211;<!-- --> <span>&nbsp;<\/span><\/p>\n<h2 class=\"title-vid\">Dibu Mart\u00ednez en el aut\u00f3dromo de Concordia<\/h2>\n<\/div>\n<\/div>\n<p><span class=\"back\" id=\"spanBackembedKWCeuxzh\"><\/span><\/div>\n<div class=\"sc-e7b891c4-0 ifHnQL image-embed\"><img alt=\"Dibu Mart\u00ednez con su hermano y amigos en el aut\u00f3dromo de Concordia.\" loading=\"lazy\" width=\"720\" height=\"100\" decoding=\"async\" data-nimg=\"1\" src=\"http:\/\/cordobadirecto.com\/wp-content\/uploads\/2024\/11\/dibu-fierrero-fue-a-ver-su-hermano-piloto-en-el-turismo-nacional-en-concordia.jpg\"><span class=\"epigraphe\">Dibu Mart\u00ednez con su hermano y amigos en el aut\u00f3dromo de Concordia.<\/span><\/div>\n<p><h2>El garage del Dibu Mart\u00ednez<\/h2>\n<\/p>\n<div class=\"custom-text \" readability=\"40\">\n<p>Dibu se mostr\u00f3 varias veces junto a un <strong>Chevrolet Corvette <\/strong>modelo 2015, que porta un motor V8 de 6,2 litros con el que alcanza los 455 CV. Durante su estad\u00eda en Londres, cuando jugaba en el Arsenal, era frecuente verlo a bordo de una <strong>Ferrari California<\/strong>. Y aunque se vea mayor predilecci\u00f3n por Chevrolet en la familia, Emi demostr\u00f3 que est\u00e1 todo bien con el \u00d3valo al manejar una <strong>Ford F-150 Lariat<\/strong> prestada por la marca para moverse por Mar del Plata.<\/p>\n<\/div>\n<div class=\"sc-e7b891c4-0 ifHnQL image-embed\"><img alt=\"Dibu, en su casamiento, simula limpiar el Corvette con el vestido de Mandinha.\" loading=\"lazy\" width=\"720\" height=\"100\" decoding=\"async\" data-nimg=\"1\" src=\"http:\/\/cordobadirecto.com\/wp-content\/uploads\/2024\/11\/dibu-fierrero-fue-a-ver-su-hermano-piloto-en-el-turismo-nacional-en-concordia-1.jpg\"><span class=\"epigraphe\">Dibu, en su casamiento, simula limpiar el Corvette con el vestido de Mandinha.<\/span><\/div>\n<p><h2>Horario y TV del Turismo Nacional en Concordia<\/h2>\n<\/p>\n<div class=\"custom-text \" readability=\"43\">\n<p>La primera bater\u00eda se largar\u00e1 este domingo a las 10.05hs, la segunda tendr\u00e1 lugar a las 10.30hs y la \u00faltima, a las 10.55hs. Luego, como separador entre las series y la definici\u00f3n, se disputar\u00e1 la final de la Clase 2, donde corre el hermano de Dibu, a las 11.45hs. Por \u00faltimo, el evento m\u00e1s esperado del fin de semana: <strong>la carrera principal de la Clase 3, que comenzar\u00e1 a las 13.05hs. <\/strong>Toda la actividad ser\u00e1 transmitida por la pantalla de TV P\u00fablica.<\/p>\n<\/div>\n<div class=\"sc-a7166897-0 eoLsBE\" readability=\"6\">\n<section readability=\"2\"><picture><img alt=\"Dibu Mart\u00ednez volvi\u00f3 a hablar de Francia: &quot;Los jugadores se pasaron de la raya&quot; \" loading=\"lazy\" width=\"290\" height=\"290\" decoding=\"async\" data-nimg=\"1\" src=\"http:\/\/cordobadirecto.com\/wp-content\/uploads\/2024\/11\/dibu-fierrero-fue-a-ver-su-hermano-piloto-en-el-turismo-nacional-en-concordia-2.jpg\"><\/picture>\n<p><span>Mir\u00e1 tambi\u00e9n<\/span><\/p>\n<hr>\n<h3>Dibu Mart\u00ednez volvi\u00f3 a hablar de Francia: &#8220;Los jugadores se pasaron de la raya&#8221; <\/h3>\n<\/p>\n<\/section>\n<\/div>\n<div class=\"sc-a7166897-0 eoLsBE\" readability=\"6\">\n<section readability=\"2\"><picture><img alt=\"El manotazo de Yerry Mina a un camar\u00f3grafo: \u00bfser\u00e1 sancionado como el Dibu?\" loading=\"lazy\" width=\"290\" height=\"290\" decoding=\"async\" data-nimg=\"1\" src=\"http:\/\/cordobadirecto.com\/wp-content\/uploads\/2024\/11\/dibu-fierrero-fue-a-ver-su-hermano-piloto-en-el-turismo-nacional-en-concordia-3.jpg\"><\/picture>\n<p><span>Mir\u00e1 tambi\u00e9n<\/span><\/p>\n<hr>\n<h3>El manotazo de Yerry Mina a un camar\u00f3grafo: \u00bfser\u00e1 sancionado como el Dibu?<\/h3>\n<\/p>\n<\/section>\n<\/div>\n<div class=\"sc-a7166897-0 eoLsBE\" readability=\"6\">\n<section readability=\"2\"><picture><img alt=\"A qu\u00e9 hora corre el Turismo Nacional en Concordia y d\u00f3nde se puede ver por TV\" loading=\"lazy\" width=\"290\" height=\"290\" decoding=\"async\" data-nimg=\"1\" src=\"http:\/\/cordobadirecto.com\/wp-content\/uploads\/2024\/11\/dibu-fierrero-fue-a-ver-su-hermano-piloto-en-el-turismo-nacional-en-concordia-4.jpg\"><\/picture>\n<p><span>Mir\u00e1 tambi\u00e9n<\/span><\/p>\n<hr>\n<h3>A qu\u00e9 hora corre el Turismo Nacional en Concordia y d\u00f3nde se puede ver por TV<\/h3>\n<\/p>\n<\/section>\n<\/div>\n<\/div>\n","protected":false},"excerpt":{"rendered":"<p>16\/11\/2024 16:08hs. Actualizado al 16\/11\/2024 16:16hs. El aut\u00f3dromo de Concordia se vio revolucionado este s\u00e1bado por la presencia de Emiliano Mart\u00ednez. El arquero de la Selecci\u00f3n Argentina, un fan\u00e1tico de los fierros, dijo presente en Entre R\u00edos para acompa\u00f1ar a su hermano Alejandro, piloto que este fin de semana se presenta all\u00ed por la pen\u00faltima [&hellip;]<\/p>\n","protected":false},"author":1,"featured_media":158316,"comment_status":"closed","ping_status":"closed","sticky":false,"template":"","format":"standard","meta":[],"categories":[21],"tags":[],"_links":{"self":[{"href":"http:\/\/cordobadirecto.com\/index.php\/wp-json\/wp\/v2\/posts\/158315"}],"collection":[{"href":"http:\/\/cordobadirecto.com\/index.php\/wp-json\/wp\/v2\/posts"}],"about":[{"href":"http:\/\/cordobadirecto.com\/index.php\/wp-json\/wp\/v2\/types\/post"}],"author":[{"embeddable":true,"href":"http:\/\/cordobadirecto.com\/index.php\/wp-json\/wp\/v2\/users\/1"}],"replies":[{"embeddable":true,"href":"http:\/\/cordobadirecto.com\/index.php\/wp-json\/wp\/v2\/comments?post=158315"}],"version-history":[{"count":0,"href":"http:\/\/cordobadirecto.com\/index.php\/wp-json\/wp\/v2\/posts\/158315\/revisions"}],"wp:featuredmedia":[{"embeddable":true,"href":"http:\/\/cordobadirecto.com\/index.php\/wp-json\/wp\/v2\/media\/158316"}],"wp:attachment":[{"href":"http:\/\/cordobadirecto.com\/index.php\/wp-json\/wp\/v2\/media?parent=158315"}],"wp:term":[{"taxonomy":"category","embeddable":true,"href":"http:\/\/cordobadirecto.com\/index.php\/wp-json\/wp\/v2\/categories?post=158315"},{"taxonomy":"post_tag","embeddable":true,"href":"http:\/\/cordobadirecto.com\/index.php\/wp-json\/wp\/v2\/tags?post=158315"}],"curies":[{"name":"wp","href":"https:\/\/api.w.org\/{rel}","templated":true}]}}