{"id":158327,"date":"2024-11-16T19:23:59","date_gmt":"2024-11-16T19:23:59","guid":{"rendered":"https:\/\/cordoba.gob.ar\/?p=64326"},"modified":"2024-11-16T19:23:59","modified_gmt":"2024-11-16T19:23:59","slug":"el-corazon-del-barrio-silvia-y-el-centro-vecinal-como-eje-de-la-comunidad","status":"publish","type":"post","link":"http:\/\/cordobadirecto.com\/index.php\/2024\/11\/16\/el-corazon-del-barrio-silvia-y-el-centro-vecinal-como-eje-de-la-comunidad\/","title":{"rendered":"El coraz\u00f3n del barrio: Silvia y el centro vecinal como eje de la comunidad"},"content":{"rendered":"<div><img src=\"http:\/\/cordobadirecto.com\/wp-content\/uploads\/2024\/11\/el-corazon-del-barrio-silvia-y-el-centro-vecinal-como-eje-de-la-comunidad.jpg\" class=\"ff-og-image-inserted\"><\/div>\n<ul>\n<li><strong>Presidenta del Centro Vecinal Empalme, profesional y ama de casa, hace de este espacio su segunda casa y un lugar para el crecimiento del barrio.<\/strong><\/li>\n<li><strong><strong>A trav\u00e9s de Codo a Codo, el centro vecinal buscar\u00e1 abrir una cantina que los ayude a brindar mejores servicios a los vecinos y vecinas de la zona.<\/strong><\/strong><br \/>\n<hr>\n<\/li>\n<\/ul>\n<p>El Centro Vecinal de barrio Empalme tiene 68 a\u00f1os. Entre sus paredes se encuentran encerradas miles de an\u00e9cdotas y recuerdos que se fueron construyendo con el pasar cotidiano de los cordobeses que transitan por la zona sureste de la ciudad.<\/p>\n<p>Es el mismo sitio que hoy tiene como presidenta a Silvia Moyano.<\/p>\n<p>\u201cEl Centro Vecinal es parte de mi vida, es mi segunda casa. Siempre estoy planificando, viendo qu\u00e9 podemos hacer, en qu\u00e9 podemos mejorar para continuar con lo que iniciaron hace 68 a\u00f1os los viejos queridos del barrio que se juntaron en un garaje y vieron que el sector ten\u00eda muchas necesidades\u201d, dice emocionada al hablar de lo que significa para ella estar al frente de este centro vecinalista.<\/p>\n<p>\u201cTenemos sala cuna, f\u00fatbol, entrenamiento funcional, pilates, acrobacia en tela, taekwondo, karate, folclore, zumba, yoga y ahora sumamos un espacio nuevo en conjunto con una fundaci\u00f3n de barrio Altamira para actividades con adultos mayores\u201d cuenta con orgullo y con un destello de brillo en los ojos al referirse sobre las diversas actividades que est\u00e1n puestas al servicio de quienes viven cerca del lugar.<\/p>\n<p>Su historia y su sentido de pertenencia con el barrio es muy particular: \u201cYo soy de Villa Dolores, cuando llegamos no exist\u00eda el CPC y los autos pasaban por abajo del Arco de C\u00f3rdoba; si, antes se cruzaba por abajo del arco\u00a8, relata Silvia con una nota de nostalgia en sus palabras.<\/p>\n<p>Al conocerla y charlar un poco con ella, los detalles de su vida van aflorando, esta casada desde hace 23 a\u00f1os, su esposo se desempe\u00f1a como chofer de taxi. Ella es profesional de la salud, trabaja en el Hospital Pedi\u00e1trico, como kinesi\u00f3loga y fisioterapeuta, por lo que su profesi\u00f3n pone en evidencia una vez m\u00e1s, la vocaci\u00f3n de servicio que siente hacia el pr\u00f3jimo.<\/p>\n<p>Los Centros Vecinales son espacios comunitarios que juegan un papel fundamental en la organizaci\u00f3n y el fortalecimiento de la vida vecinal. Su funci\u00f3n principal es promover la participaci\u00f3n activa de los habitantes en la toma de decisiones que afectan a su comunidad. A menudo, ofrecen actividades culturales, educativas y recreativas, adem\u00e1s de servir como un punto de encuentro para resolver problemas locales.<\/p>\n<p>Las personas que trabajan en estos centros como Silvia, no son otra cosa que dirigentes elegidos por los propios vecinos y, como los voluntarios que se acercan por vocaci\u00f3n de servicio, suelen preocuparse y ocuparse de que la calidad de vida de los vecinos del lugar sea digna y cuenten con los servicios esenciales para que esto ocurra.<\/p>\n<p>Este sitio para Silvia ya es parte de su d\u00eda a d\u00eda, por la cercan\u00eda que hay con su casa, es parte de todas las actividades, a\u00fan sin estar all\u00ed: \u201cVivo a una cuadra; estoy en el patio de mi casa y escucho el silbato de los profes, a las chicas de zumba, las zambas y chacareras de las clases de folclore, puedo escucharlo todo\u201d, dice entre risas.<\/p>\n<p>Marcelo Taborda es el presidente de la fundaci\u00f3n \u201cMiradas que Llenan\u201d, organizaci\u00f3n que se dedica a brindar ayuda a quienes se encuentran en situaci\u00f3n vulnerable.<\/p>\n<p>\u201cEsta administraci\u00f3n nos abri\u00f3 las puertas y podemos utilizar las instalaciones 3 veces por semana en donde llevamos adelante una copa de leche para toda la familia y un ropero solidario\u201d, expresa con alegr\u00eda Taborda por poder ser parte de la soluci\u00f3n.<\/p>\n<p>Los vecinalistas tienen una gran responsabilidad, ya que son ellos los que proporcionan la ayuda en este entramado social, son los que tienen que velar por desarrollar la capacidad de convocar y de reunir en un mismo lugar a personas de todas las edades, las cuales recurren a buscar diversas respuestas que van desde lo emocional hasta lo deportivo \u00f3 social.<\/p>\n<p>Walter es vecino de la zona, al igual que muchos de los que viven en las cercan\u00edas est\u00e1 agradecido con todo lo que el centro vecinal ofrece y con la tarea que lleva adelante Silvia junto a toda la administraci\u00f3n: \u201cel deporte que practican ac\u00e1, hace que muchos chicos salgan de la calle\u201d dice con alegr\u00eda al ver que pueden tener una vida digna.<\/p>\n<p>Mirta vive en el barrio desde que naci\u00f3, lo que m\u00e1s le gusta del lugar es que el centro vecinal es un lugar de encuentro: \u201cAc\u00e1 vienen las mujeres y comparten el mate, todos nos saludamos, hay una comunicaci\u00f3n que se da entre todos los vecinos, sin importar la edad\u201d.<\/p>\n<p>La Municipalidad de C\u00f3rdoba, a trav\u00e9s de la Secretar\u00eda de Fortalecimiento Vecinal y Deportes, ha intensificado su trabajo en conjunto con los Centros Vecinales de C\u00f3rdoba, destacando el papel crucial del vecinalismo en la cohesi\u00f3n y desarrollo de estos espacios.<\/p>\n<p>El objetivo de esto es fortalecer el v\u00ednculo entre el municipio y los vecinos, promoviendo la participaci\u00f3n activa y el bienestar en los distintos barrios de la ciudad.<\/p>\n<p><strong>El desaf\u00edo de crecer en \u00e9pocas dif\u00edciles<\/strong><\/p>\n<p>Un elemento clave en el trabajo que llevan adelante los Centros Vecinales ha sido la asignaci\u00f3n de recursos para proyectos comunitarios y mejoras en las instalaciones.<\/p>\n<p>Con una inversi\u00f3n que supera los 500 millones de pesos, gracias al programa \u201cCodo a Codo\u201d, la actual gesti\u00f3n del intendente Daniel Passerini, respalda la realizaci\u00f3n de obras y la implementaci\u00f3n de iniciativas que abordan las necesidades y prioridades particulares de cada barrio.<\/p>\n<p>Silvia, al igual que otros presidentes de Centros Vecinales no pudo ocultar su emoci\u00f3n al enterarse de la posibilidad de acceder a este de aporte econ\u00f3mico no reintegrable, destinado a la inversi\u00f3n en obras de infraestructura en los Centros Vecinales y el desarrollo de proyectos sociales en sus barrios.<\/p>\n<p>El Centro Vecinal de barrio Empalme ya recibi\u00f3 los $2.300.000 que le fueron asignados a trav\u00e9s del programa y Silvia, junto a la comisi\u00f3n que la acompa\u00f1a, ya saben para qu\u00e9 ser\u00e1n destinados: \u201cVamos a recuperar un viejo espacio que est\u00e1 muy venido a menos y pondremos ah\u00ed una cantina para poder brindarle algo m\u00e1s\u201d a quienes asisten al lugar. \u201cEs unos de nuestros grandes objetivos\u201d, dice con esperanza porque sabe que esto le dar\u00e1 un valor agregado al lugar.<\/p>\n<p>\u201cEstoy muy agradecida con la Municipalidad de C\u00f3rdoba porque nos dan a los vecinalistas las herramientas necesarias para que podamos, como dice nuestro intendente, ser parte de la soluci\u00f3n de los problemas que tiene la gente\u201d, finaliza Moyando mostrando su entusiasmo por poner su granito de arena para que todos gocen de los mismos beneficios y accedan a tener una mejor calidad de vida.<\/p>\n<p>Este espacio, que si bien cuenta con m\u00e1s de 6 d\u00e9cadas de historia, desde hace 20 a\u00f1os y gracias al esfuerzo de quienes habitan en la zona, fue recuperado para que todos los vecinos y vecinas pudieran usarlo y dale vida de comunidad.<\/p>\n<p>Utilizado por las escuelas aleda\u00f1as, es tambi\u00e9n un lugar de encuentro que se encuentra abierto para todo aquel que quiera participar y tenga deseos de contribuir en pos de que el barrio prospere.<\/p>\n<p>Con el compromiso de seguir fortaleciendo estos lazos, los Centros Vecinales contin\u00faan siendo el coraz\u00f3n de la vida comunitaria, trabajando por un futuro m\u00e1s cohesionado y pr\u00f3spero para todos.<\/p>\n<p>\u201cLo primero que le dir\u00eda a un dirigente vecinalista que est\u00e1 empezando, es que nunca olvide el compromiso que asumi\u00f3. Que asuma su responsabilidad a pesar de cualquier circunstancia. Que nunca abandone sus sue\u00f1os\u201d, sugiere Silvia a quienes emprenden este camino que muchas veces encuentra piedras, pero que a la larga obtiene frutos.<\/p>\n<p>Por todo esto, a la historia del Centro Vecinal Empalme la construyeron muchas personas y seguramente muchas m\u00e1s har\u00e1n su aporte, porque son pilares de la vida en comunidad y creadores de valores que duran para siempre, pero nadie tiene la duda de que la huella que dej\u00f3 Silvia por su paso, perdurar\u00e1 para siempre.<\/p>\n","protected":false},"excerpt":{"rendered":"<p>Presidenta del Centro Vecinal Empalme, profesional y ama de casa, hace de este espacio su segunda casa y un lugar para el crecimiento del barrio. A trav\u00e9s de Codo a Codo, el centro vecinal buscar\u00e1 abrir una cantina que los ayude a brindar mejores servicios a los vecinos y vecinas de la zona. El Centro [&hellip;]<\/p>\n","protected":false},"author":1,"featured_media":158328,"comment_status":"closed","ping_status":"closed","sticky":false,"template":"","format":"standard","meta":[],"categories":[44],"tags":[],"_links":{"self":[{"href":"http:\/\/cordobadirecto.com\/index.php\/wp-json\/wp\/v2\/posts\/158327"}],"collection":[{"href":"http:\/\/cordobadirecto.com\/index.php\/wp-json\/wp\/v2\/posts"}],"about":[{"href":"http:\/\/cordobadirecto.com\/index.php\/wp-json\/wp\/v2\/types\/post"}],"author":[{"embeddable":true,"href":"http:\/\/cordobadirecto.com\/index.php\/wp-json\/wp\/v2\/users\/1"}],"replies":[{"embeddable":true,"href":"http:\/\/cordobadirecto.com\/index.php\/wp-json\/wp\/v2\/comments?post=158327"}],"version-history":[{"count":0,"href":"http:\/\/cordobadirecto.com\/index.php\/wp-json\/wp\/v2\/posts\/158327\/revisions"}],"wp:featuredmedia":[{"embeddable":true,"href":"http:\/\/cordobadirecto.com\/index.php\/wp-json\/wp\/v2\/media\/158328"}],"wp:attachment":[{"href":"http:\/\/cordobadirecto.com\/index.php\/wp-json\/wp\/v2\/media?parent=158327"}],"wp:term":[{"taxonomy":"category","embeddable":true,"href":"http:\/\/cordobadirecto.com\/index.php\/wp-json\/wp\/v2\/categories?post=158327"},{"taxonomy":"post_tag","embeddable":true,"href":"http:\/\/cordobadirecto.com\/index.php\/wp-json\/wp\/v2\/tags?post=158327"}],"curies":[{"name":"wp","href":"https:\/\/api.w.org\/{rel}","templated":true}]}}