{"id":158329,"date":"2024-11-16T15:49:59","date_gmt":"2024-11-16T15:49:59","guid":{"rendered":"https:\/\/cordoba.gob.ar\/?p=64365"},"modified":"2024-11-16T15:49:59","modified_gmt":"2024-11-16T15:49:59","slug":"este-sabado-los-histriones-festejan-15-anos-del-grupo-de-teatro-independiente-inclusivo","status":"publish","type":"post","link":"http:\/\/cordobadirecto.com\/index.php\/2024\/11\/16\/este-sabado-los-histriones-festejan-15-anos-del-grupo-de-teatro-independiente-inclusivo\/","title":{"rendered":"Este s\u00e1bado, \u201cLos Histriones\u201d festejan 15 a\u00f1os del grupo de teatro independiente inclusivo"},"content":{"rendered":"<div><img src=\"http:\/\/cordobadirecto.com\/wp-content\/uploads\/2024\/11\/este-sabado-los-histriones-festejan-15-anos-del-grupo-de-teatro-independiente-inclusivo.png\" class=\"ff-og-image-inserted\"><\/div>\n<p data-pm-slice=\"1 1 []\">Desde hace 15 a\u00f1os, la Academia Inclusiva \u201cLos Histriones\u201d desarrolla las capacidades art\u00edsticas de sus integrantes utilizando t\u00e9cnicas particulares, como tambi\u00e9n poniendo foco en la integraci\u00f3n a la familia en m\u00fasica y danza.<\/p>\n<p>La cita de la celebraci\u00f3n es este s\u00e1bado a las 18.00 horas en el Teatro Comedia (Rivadavia 254). Con entrada gratuita hasta agotar la capacidad de la sala.<\/p>\n<p>La primera parte del espect\u00e1culo es exclusivamente de Los Histriones, y luego seguir\u00e1n con invitados especiales tanto en el canto y danza. Habr\u00e1 3 vals y se bailar\u00e1n boleros.<\/p>\n<p>Adem\u00e1s, se entregar\u00e1n reconocimientos a las autoridades y entidades presentes.<\/p>\n<p><strong>Un poco de historia<\/strong><\/p>\n<p>La academia art\u00edstica inclusiva de barrio San Mart\u00edn lleva 15 a\u00f1os aportando a la cultura de C\u00f3rdoba. En 2009 comenzaron con el musical \u201cAlicia en el pa\u00eds de las maravillas\u201d y continuaron a trav\u00e9s del tiempo con diferentes actuaciones institucionales, en cert\u00e1menes de danza y en festivales.<\/p>\n<p>Adem\u00e1s, recibieron un reconocimiento por su trayectoria, la directora del espacio, M\u00f3nica De la Vega, expres\u00f3: <em>\u00abLa academia comenz\u00f3 y se mantuvo gracias al esfuerzo de los profesores y padres. Significa un gran aprendizaje d\u00eda a d\u00eda, a trav\u00e9s de la m\u00fasica y el baile\u00bb.<\/em><\/p>\n","protected":false},"excerpt":{"rendered":"<p>Desde hace 15 a\u00f1os, la Academia Inclusiva \u201cLos Histriones\u201d desarrolla las capacidades art\u00edsticas de sus integrantes utilizando t\u00e9cnicas particulares, como tambi\u00e9n poniendo foco en la integraci\u00f3n a la familia en m\u00fasica y danza. La cita de la celebraci\u00f3n es este s\u00e1bado a las 18.00 horas en el Teatro Comedia (Rivadavia 254). Con entrada gratuita hasta [&hellip;]<\/p>\n","protected":false},"author":1,"featured_media":158330,"comment_status":"closed","ping_status":"closed","sticky":false,"template":"","format":"standard","meta":[],"categories":[44],"tags":[],"_links":{"self":[{"href":"http:\/\/cordobadirecto.com\/index.php\/wp-json\/wp\/v2\/posts\/158329"}],"collection":[{"href":"http:\/\/cordobadirecto.com\/index.php\/wp-json\/wp\/v2\/posts"}],"about":[{"href":"http:\/\/cordobadirecto.com\/index.php\/wp-json\/wp\/v2\/types\/post"}],"author":[{"embeddable":true,"href":"http:\/\/cordobadirecto.com\/index.php\/wp-json\/wp\/v2\/users\/1"}],"replies":[{"embeddable":true,"href":"http:\/\/cordobadirecto.com\/index.php\/wp-json\/wp\/v2\/comments?post=158329"}],"version-history":[{"count":0,"href":"http:\/\/cordobadirecto.com\/index.php\/wp-json\/wp\/v2\/posts\/158329\/revisions"}],"wp:featuredmedia":[{"embeddable":true,"href":"http:\/\/cordobadirecto.com\/index.php\/wp-json\/wp\/v2\/media\/158330"}],"wp:attachment":[{"href":"http:\/\/cordobadirecto.com\/index.php\/wp-json\/wp\/v2\/media?parent=158329"}],"wp:term":[{"taxonomy":"category","embeddable":true,"href":"http:\/\/cordobadirecto.com\/index.php\/wp-json\/wp\/v2\/categories?post=158329"},{"taxonomy":"post_tag","embeddable":true,"href":"http:\/\/cordobadirecto.com\/index.php\/wp-json\/wp\/v2\/tags?post=158329"}],"curies":[{"name":"wp","href":"https:\/\/api.w.org\/{rel}","templated":true}]}}