{"id":158359,"date":"2024-11-17T20:13:57","date_gmt":"2024-11-17T20:13:57","guid":{"rendered":"https:\/\/www.ole.com.ar\/autos\/vez-jose-manuel-urcera-excluido-turismo-nacional-tn-tc_0_5v2TUlfN08.html"},"modified":"2024-11-17T20:13:57","modified_gmt":"2024-11-17T20:13:57","slug":"otra-vez-urcera-habia-sido-excluido-en-el-tc-y-ahora-lo-fue-en-el-tn","status":"publish","type":"post","link":"http:\/\/cordobadirecto.com\/index.php\/2024\/11\/17\/otra-vez-urcera-habia-sido-excluido-en-el-tc-y-ahora-lo-fue-en-el-tn\/","title":{"rendered":"Otra vez Urcera: hab\u00eda sido excluido en el TC y ahora lo fue en el TN"},"content":{"rendered":"<p><time class=\"createDate\" datetime=\"2024-11-17T17:13:57-03:00\">17\/11\/2024 17:13hs.<\/time><\/p>\n<div id=\"storyBody\">\n<div class=\"custom-text \" readability=\"34.639175257732\">\n<p>Al mediod\u00eda, el <strong>Turismo Nacional<\/strong> fue tendencia en las redes sociales por m\u00e9rito suyo: <a href=\"https:\/\/www.ole.com.ar\/autos\/turismo-nacional-tn-hoy-concordia-urcera-santero-pernia-campeonato_0_IU57avz6wW.html\" target=\"_self\" title=\"le gan\u00f3 un carrer\u00f3n a Juli\u00e1n Santero en Concordia\" alt=\"le gan\u00f3 un carrer\u00f3n a Juli\u00e1n Santero en Concordia\" rel=\"noopener\">le gan\u00f3 un carrer\u00f3n a Juli\u00e1n Santero en Concordia<\/a>, con una tijera ag\u00f3nica por la que fue elogiado por miles de fierreros. A la tarde, lo fue por otras razones. <strong>Jos\u00e9 Manuel Urcera<\/strong>, ganador y candidato al t\u00edtulo del TN, <strong>fue excluido al igual que lo hab\u00eda sido en el TC hace tan solo dos meses&#8230;<\/strong><\/p>\n<\/div>\n<div class=\"custom-text \" readability=\"42\">\n<p>Seg\u00fan inform\u00f3 la organizaci\u00f3n del campeonato, al Ford Focus #231 <strong>se le sustrajo la victoria por una irregularidad en la compresi\u00f3n<\/strong>. &#8220;La maniobra fue de carrera, Manu fue un justo ganador. Despu\u00e9s no pasamos la t\u00e9cnica, una medida no estaba en reglamento. \u00c9l est\u00e1 muy triste, es un dolor&#8230; <strong>Con esta exclusi\u00f3n estamos fuera de la pelea por el campeonato, es una l\u00e1stima porque est\u00e1bamos con fe para ganarlo<\/strong>&#8220;, expuso Leonel Larrauri, que adem\u00e1s de correr es jefe de la estructura para la que compite Urcera.<\/p>\n<\/div>\n<div class=\"sc-e7b891c4-0 ifHnQL image-embed\"><img alt=\"Jos\u00e9 Manuel Urcera le hab\u00eda ganado ag\u00f3nicamente a Santero. (Prensa Turismo Nacional)\" loading=\"lazy\" width=\"720\" height=\"100\" decoding=\"async\" data-nimg=\"1\" src=\"http:\/\/cordobadirecto.com\/wp-content\/uploads\/2024\/11\/otra-vez-urcera-habia-sido-excluido-en-el-tc-y-ahora-lo-fue-en-el-tn.jpg\"><span class=\"epigraphe\">Jos\u00e9 Manuel Urcera le hab\u00eda ganado ag\u00f3nicamente a Santero. (Prensa Turismo Nacional)<\/span><\/div>\n<div class=\"custom-text \" readability=\"37\">\n<p>No es la primera vez que un auto no pasa la t\u00e9cnica, y de hecho no hubo quejas en torno al rendimiento del auto de Manu como s\u00ed las hubo en el Turismo Carretera hace algunas fechas.<strong> La cuesti\u00f3n es que el rionegrino, tanto aquella vez como \u00e9sta, estuvo involucrado.<\/strong><\/p>\n<\/div>\n<p><h2><strong>As\u00ed hab\u00eda sido la exclusi\u00f3n de Urcera en el TC<\/strong><\/h2>\n<\/p>\n<div class=\"custom-text \" readability=\"41\">\n<p>En esa oportunidad, en el marco del TC en San Luis, hubo cuatro exclusiones: Facundo Ardusso, Federico Iribarne, Juan Mart\u00edn Trucco y Urcera, <strong>cuyo equipo no permiti\u00f3 que se abriera el cap\u00f3 y se examinara el auto<\/strong>. Despu\u00e9s de haber recibido una multa de 10 millones de pesos y un \u00faltimo lugar en la serie m\u00e1s pr\u00f3xima, el campe\u00f3n del 2022 apel\u00f3 no sin antes explicar el porqu\u00e9.<\/p>\n<\/div>\n<div class=\"sc-e7b891c4-0 ifHnQL image-embed\"><img alt=\"En el TC, Urcera tuvo el mismo inconveniente.\" loading=\"lazy\" width=\"720\" height=\"100\" decoding=\"async\" data-nimg=\"1\" src=\"http:\/\/cordobadirecto.com\/wp-content\/uploads\/2024\/11\/otra-vez-urcera-habia-sido-excluido-en-el-tc-y-ahora-lo-fue-en-el-tn-1.jpg\"><span class=\"epigraphe\">En el TC, Urcera tuvo el mismo inconveniente.<\/span><\/div>\n<div class=\"custom-text \" readability=\"39\">\n<p>&#8220;<strong>Me veo involucrado, obviamente<\/strong>. Creo que llegamos hasta ac\u00e1 trabajando todos en conjunto, el equipo aceptando los errores que comet\u00ed en pista y yo apoy\u00e1ndolos cuando cometen un error fuera de la pista. <strong>Lo que no considero justo es que ese error que comete el equipo recaiga sobre m\u00ed<\/strong>&#8220;, dijo el piloto de 33 a\u00f1os. En Concordia, la historia se volvi\u00f3 a repetir.<\/p>\n<\/div>\n<div class=\"sc-a7166897-0 eoLsBE\" readability=\"6.5\">\n<section readability=\"3\"><picture><img alt=\"Son\u00f3 para la butaca de Colapinto, no tendr\u00e1 lugar en la F1 y expuso su tristeza\" loading=\"lazy\" width=\"290\" height=\"290\" decoding=\"async\" data-nimg=\"1\" src=\"http:\/\/cordobadirecto.com\/wp-content\/uploads\/2024\/11\/otra-vez-urcera-habia-sido-excluido-en-el-tc-y-ahora-lo-fue-en-el-tn-2.jpg\"><\/picture>\n<p><span>Mir\u00e1 tambi\u00e9n<\/span><\/p>\n<hr>\n<h3>Son\u00f3 para la butaca de Colapinto, no tendr\u00e1 lugar en la F1 y expuso su tristeza<\/h3>\n<\/p>\n<\/section>\n<\/div>\n<div class=\"sc-a7166897-0 eoLsBE\" readability=\"6.5\">\n<section readability=\"3\"><picture><img alt=\"Horas cr\u00edticas: Williams mostr\u00f3 c\u00f3mo trabajaron para recuperar el auto de Colapinto post Brasil\" loading=\"lazy\" width=\"290\" height=\"290\" decoding=\"async\" data-nimg=\"1\" src=\"http:\/\/cordobadirecto.com\/wp-content\/uploads\/2024\/11\/otra-vez-urcera-habia-sido-excluido-en-el-tc-y-ahora-lo-fue-en-el-tn-3.jpg\"><\/picture>\n<p><span>Mir\u00e1 tambi\u00e9n<\/span><\/p>\n<hr>\n<h3>Horas cr\u00edticas: Williams mostr\u00f3 c\u00f3mo trabajaron para recuperar el auto de Colapinto post Brasil<\/h3>\n<\/p>\n<\/section>\n<\/div>\n<div class=\"sc-a7166897-0 eoLsBE\" readability=\"6\">\n<section readability=\"2\"><picture><img alt=\"Dibu fierrero: fue a ver su hermano piloto en el Turismo Nacional en Concordia\" loading=\"lazy\" width=\"290\" height=\"290\" decoding=\"async\" data-nimg=\"1\" src=\"http:\/\/cordobadirecto.com\/wp-content\/uploads\/2024\/11\/otra-vez-urcera-habia-sido-excluido-en-el-tc-y-ahora-lo-fue-en-el-tn-4.jpg\"><\/picture>\n<p><span>Mir\u00e1 tambi\u00e9n<\/span><\/p>\n<hr>\n<h3>Dibu fierrero: fue a ver su hermano piloto en el Turismo Nacional en Concordia<\/h3>\n<\/p>\n<\/section>\n<\/div>\n<div class=\"sc-a7166897-0 eoLsBE\" readability=\"6.5\">\n<section readability=\"3\"><picture><img alt=\"Lo echaron de la F1 para darle su lugar a Colapinto y recibi\u00f3 un duro rev\u00e9s para su futuro\" loading=\"lazy\" width=\"290\" height=\"290\" decoding=\"async\" data-nimg=\"1\" src=\"http:\/\/cordobadirecto.com\/wp-content\/uploads\/2024\/11\/otra-vez-urcera-habia-sido-excluido-en-el-tc-y-ahora-lo-fue-en-el-tn-5.jpg\"><\/picture>\n<p><span>Mir\u00e1 tambi\u00e9n<\/span><\/p>\n<hr>\n<h3>Lo echaron de la F1 para darle su lugar a Colapinto y recibi\u00f3 un duro rev\u00e9s para su futuro<\/h3>\n<\/p>\n<\/section>\n<\/div>\n<div class=\"sc-a7166897-0 eoLsBE\" readability=\"6\">\n<section readability=\"2\"><picture><img alt=\"\u00bfY Colapinto? Carlos Sainz se subir\u00e1 al Williams antes de fin de a\u00f1o\" loading=\"lazy\" width=\"290\" height=\"290\" decoding=\"async\" data-nimg=\"1\" src=\"http:\/\/cordobadirecto.com\/wp-content\/uploads\/2024\/11\/otra-vez-urcera-habia-sido-excluido-en-el-tc-y-ahora-lo-fue-en-el-tn-6.jpg\"><\/picture>\n<p><span>Mir\u00e1 tambi\u00e9n<\/span><\/p>\n<hr>\n<h3>\u00bfY Colapinto? Carlos Sainz se subir\u00e1 al Williams antes de fin de a\u00f1o<\/h3>\n<\/p>\n<\/section>\n<\/div>\n<\/div>\n","protected":false},"excerpt":{"rendered":"<p>17\/11\/2024 17:13hs. Al mediod\u00eda, el Turismo Nacional fue tendencia en las redes sociales por m\u00e9rito suyo: le gan\u00f3 un carrer\u00f3n a Juli\u00e1n Santero en Concordia, con una tijera ag\u00f3nica por la que fue elogiado por miles de fierreros. A la tarde, lo fue por otras razones. Jos\u00e9 Manuel Urcera, ganador y candidato al t\u00edtulo del [&hellip;]<\/p>\n","protected":false},"author":1,"featured_media":158360,"comment_status":"closed","ping_status":"closed","sticky":false,"template":"","format":"standard","meta":[],"categories":[21],"tags":[],"_links":{"self":[{"href":"http:\/\/cordobadirecto.com\/index.php\/wp-json\/wp\/v2\/posts\/158359"}],"collection":[{"href":"http:\/\/cordobadirecto.com\/index.php\/wp-json\/wp\/v2\/posts"}],"about":[{"href":"http:\/\/cordobadirecto.com\/index.php\/wp-json\/wp\/v2\/types\/post"}],"author":[{"embeddable":true,"href":"http:\/\/cordobadirecto.com\/index.php\/wp-json\/wp\/v2\/users\/1"}],"replies":[{"embeddable":true,"href":"http:\/\/cordobadirecto.com\/index.php\/wp-json\/wp\/v2\/comments?post=158359"}],"version-history":[{"count":0,"href":"http:\/\/cordobadirecto.com\/index.php\/wp-json\/wp\/v2\/posts\/158359\/revisions"}],"wp:featuredmedia":[{"embeddable":true,"href":"http:\/\/cordobadirecto.com\/index.php\/wp-json\/wp\/v2\/media\/158360"}],"wp:attachment":[{"href":"http:\/\/cordobadirecto.com\/index.php\/wp-json\/wp\/v2\/media?parent=158359"}],"wp:term":[{"taxonomy":"category","embeddable":true,"href":"http:\/\/cordobadirecto.com\/index.php\/wp-json\/wp\/v2\/categories?post=158359"},{"taxonomy":"post_tag","embeddable":true,"href":"http:\/\/cordobadirecto.com\/index.php\/wp-json\/wp\/v2\/tags?post=158359"}],"curies":[{"name":"wp","href":"https:\/\/api.w.org\/{rel}","templated":true}]}}