{"id":158411,"date":"2024-11-18T17:15:36","date_gmt":"2024-11-18T17:15:36","guid":{"rendered":"https:\/\/cordoba.gob.ar\/?p=64378"},"modified":"2024-11-18T17:15:36","modified_gmt":"2024-11-18T17:15:36","slug":"passerini-en-la-santex-week-nuestro-compromiso-es-construir-politicas-publicas-que-fortalezcan-la-articulacion-publico-privada","status":"publish","type":"post","link":"http:\/\/cordobadirecto.com\/index.php\/2024\/11\/18\/passerini-en-la-santex-week-nuestro-compromiso-es-construir-politicas-publicas-que-fortalezcan-la-articulacion-publico-privada\/","title":{"rendered":"Passerini en la Santex Week: \u201cNuestro compromiso es construir pol\u00edticas p\u00fablicas que fortalezcan la articulaci\u00f3n p\u00fablico-privada\u201d"},"content":{"rendered":"<div><img src=\"http:\/\/cordobadirecto.com\/wp-content\/uploads\/2024\/11\/passerini-en-la-santex-week-nuestro-compromiso-es-construir-politicas-publicas-que-fortalezcan-la-articulacion-publico-privada.jpg\" class=\"ff-og-image-inserted\"><\/div>\n<ul>\n<li><strong>Este evento internacional se centr\u00f3 en el intercambio de ideas y la b\u00fasqueda de soluciones con un impacto global.<\/strong><\/li>\n<li><strong>Se llev\u00f3 a cabo en el Hotel Quinto Centenario de C\u00f3rdoba.<\/strong><\/li>\n<\/ul>\n<hr>\n<p>El intendente Daniel Passerini particip\u00f3 de la \u00faltima jornada de la Santex Week, el evento internacional para intercambiar ideas y pensar soluciones con impacto global.<\/p>\n<p>El evento se realiz\u00f3 en el Hotel Quinto Centenario de C\u00f3rdoba y reuni\u00f3 a m\u00e1s de 3000 asistentes.<\/p>\n<p>Convoc\u00f3 a expertos en tecnolog\u00eda, negocios, sector p\u00fablico y actores clave de la sociedad para intercambiar ideas, abordar debates y pensar soluciones con impacto positivo.<\/p>\n<p>En ese marco, el intendente destac\u00f3: <em>\u201cNuestro compromiso es construir pol\u00edticas p\u00fablicas que fortalezcan la articulaci\u00f3n p\u00fablico-privada. C\u00f3rdoba Acelera es justamente una decisi\u00f3n pol\u00edtica para que el sector privado y el sector p\u00fablico confluyan y generen un c\u00edrculo virtuoso, y que el Estado deje de ser un ancla para ser parte del motor\u201d<\/em>.<\/p>\n<p>Por su parte, el director de Santex, Juan Santiago, expres\u00f3: <em>\u201cEs la ciudad que nosotros queremos, es de la ciudad de la que hablamos todo el tiempo en todos los lugares. Siento un tremendo orgullo con C\u00f3rdoba, porque el mundo habla de C\u00f3rdoba y la pone como ejemplo por su articulaci\u00f3n p\u00fablico-privada\u201d<\/em>.<\/p>\n<p>Durante tres jornadas, se realizaron charlas y paneles enfocados en resolver los grandes desaf\u00edos del presente y futuro.<\/p>\n<p>A su vez, cont\u00f3 con disertantes internacionales y estuvo dividido en tres jornadas tem\u00e1ticas, con contenidos que buscan inspirar la colaboraci\u00f3n entre distintos sectores.<\/p>\n<p>La conferencia central fue \u201cDesaf\u00edos globales\u201d, que permiti\u00f3 reflexionar sobre la importancia de la colaboraci\u00f3n entre la sociedad civil, el \u00e1mbito acad\u00e9mico y los sectores p\u00fablico y privado, para enfrentar los retos globales m\u00e1s urgentes.<\/p>\n<p>El jueves se abordaron temas como las innovaciones tecnol\u00f3gicas actuales y c\u00f3mo pueden co-crear soluciones que beneficien a las futuras generaciones.<\/p>\n<p>Finalmente, el viernes la jornada se centr\u00f3 en los desaf\u00edos humanos, y se discuti\u00f3 sobre c\u00f3mo la tecnolog\u00eda debe incluir a las minor\u00edas y respetar la diversidad, asegurando un desarrollo inclusivo para todos.<\/p>\n<p>El evento fue organizado por Santex, compa\u00f1\u00eda tecnol\u00f3gica con sede fundacional en C\u00f3rdoba, el movimiento intersectorial \u201cLa Liga del Bien de AI\u201d y la fundaci\u00f3n \u201cTecnolog\u00eda con Prop\u00f3sito\u201d.<\/p>\n<p><strong>Acerca de Santex<\/strong><\/p>\n<p>Se trata de una empresa de tecnolog\u00eda que prioriza a las personas y tiene impacto global. Durante 25 a\u00f1os, ha brindado soluciones disruptivas que dan forma directamente a las empresas y al mundo.<\/p>\n<p>Como socio elegido por personas visionarias ansiosas por dejar su huella, es reconocida por su profesionalismo en la entrega de soluciones con una excepcional puntuaci\u00f3n NPS de 86 (el doble del promedio de la industria).<\/p>\n<p>En 2024, ha sido reconocida como una de las empresas de mayor crecimiento en Estados Unidos, integrando el listado Inc. 5000, tras acreditar un crecimiento del 164% en los \u00faltimos 3 a\u00f1os.<\/p>\n<p>Adem\u00e1s, tiene un fuerte compromiso con las pr\u00e1cticas empresariales sostenibles y ha sido carbono neutral durante 3 a\u00f1os consecutivos.<\/p>\n<p>En 2022, Santex cre\u00f3 la Fundaci\u00f3n Tecnolog\u00eda con Prop\u00f3sito, una organizaci\u00f3n sin fines de lucro que busca mejorar la calidad de vida de las personas a trav\u00e9s de programas de educaci\u00f3n e inclusi\u00f3n tecnol\u00f3gica.<\/p>\n<p>En el a\u00f1o 2023, recibi\u00f3 el premio Nuevo Paradigma Empresario otorgado por AmCham en el marco de sus Premios Ciudadan\u00eda Empresaria, por su visi\u00f3n de marcar el camino en lo que respecta a innovaci\u00f3n y colaborar con otras empresas a transformar su realidad a trav\u00e9s de la tecnolog\u00eda.<\/p>\n","protected":false},"excerpt":{"rendered":"<p>Este evento internacional se centr\u00f3 en el intercambio de ideas y la b\u00fasqueda de soluciones con un impacto global. Se llev\u00f3 a cabo en el Hotel Quinto Centenario de C\u00f3rdoba. El intendente Daniel Passerini particip\u00f3 de la \u00faltima jornada de la Santex Week, el evento internacional para intercambiar ideas y pensar soluciones con impacto global. [&hellip;]<\/p>\n","protected":false},"author":1,"featured_media":158412,"comment_status":"closed","ping_status":"closed","sticky":false,"template":"","format":"standard","meta":[],"categories":[44],"tags":[],"_links":{"self":[{"href":"http:\/\/cordobadirecto.com\/index.php\/wp-json\/wp\/v2\/posts\/158411"}],"collection":[{"href":"http:\/\/cordobadirecto.com\/index.php\/wp-json\/wp\/v2\/posts"}],"about":[{"href":"http:\/\/cordobadirecto.com\/index.php\/wp-json\/wp\/v2\/types\/post"}],"author":[{"embeddable":true,"href":"http:\/\/cordobadirecto.com\/index.php\/wp-json\/wp\/v2\/users\/1"}],"replies":[{"embeddable":true,"href":"http:\/\/cordobadirecto.com\/index.php\/wp-json\/wp\/v2\/comments?post=158411"}],"version-history":[{"count":0,"href":"http:\/\/cordobadirecto.com\/index.php\/wp-json\/wp\/v2\/posts\/158411\/revisions"}],"wp:featuredmedia":[{"embeddable":true,"href":"http:\/\/cordobadirecto.com\/index.php\/wp-json\/wp\/v2\/media\/158412"}],"wp:attachment":[{"href":"http:\/\/cordobadirecto.com\/index.php\/wp-json\/wp\/v2\/media?parent=158411"}],"wp:term":[{"taxonomy":"category","embeddable":true,"href":"http:\/\/cordobadirecto.com\/index.php\/wp-json\/wp\/v2\/categories?post=158411"},{"taxonomy":"post_tag","embeddable":true,"href":"http:\/\/cordobadirecto.com\/index.php\/wp-json\/wp\/v2\/tags?post=158411"}],"curies":[{"name":"wp","href":"https:\/\/api.w.org\/{rel}","templated":true}]}}