{"id":158493,"date":"2024-11-20T23:43:37","date_gmt":"2024-11-20T23:43:37","guid":{"rendered":"https:\/\/www.ole.com.ar\/ascenso\/ascenso-primera-nacional-nueva-chicago-reducido-evelio-cardozo-adrian-martinez_0_sgdnDLyWnv.html"},"modified":"2024-11-20T23:43:37","modified_gmt":"2024-11-20T23:43:37","slug":"las-dos-bajas-de-chicago-para-las-semifinales-del-reducido","status":"publish","type":"post","link":"http:\/\/cordobadirecto.com\/index.php\/2024\/11\/20\/las-dos-bajas-de-chicago-para-las-semifinales-del-reducido\/","title":{"rendered":"Las dos bajas de Chicago para las semifinales del Reducido"},"content":{"rendered":"<p><time class=\"createDate\" datetime=\"2024-11-20T18:20:09-03:00\">20\/11\/2024 18:20hs.<\/time><\/p>\n<div id=\"storyBody\">\n<div class=\"custom-text \" readability=\"32.225806451613\">\n<p>Todo Mataderos est\u00e1 expectante esperando el duelo del domingo por la tarde en condici\u00f3n de local. Y la verdad es que no es para menos. Claro, porque luego de varias temporadas de no figurar en las primeras planas del <a href=\"https:\/\/www.ole.com.ar\/tema\/primera-nacional.html\" title=\"Primera Nacional\" alt=\"Primera Nacional\" class=\"slug\">Nacional<\/a>,<strong> <a href=\"https:\/\/www.ole.com.ar\/tema\/nueva-chicago.html\" title=\"Nueva Chicago\" alt=\"Nueva Chicago\" class=\"slug\">Nueva Chicago<\/a> jugar\u00e1 la ida de la semifinal del Reducido por el segundo ascenso contra <a href=\"https:\/\/www.ole.com.ar\/tema\/san-martin-de-san-juan.html\" title=\"San Mart\u00edn de San Juan\" alt=\"San Mart\u00edn de San Juan\" class=\"slug\">San Mart\u00edn de San Juan<\/a>. <\/strong><\/p>\n<\/div>\n<div class=\"custom-text \" readability=\"36\">\n<p>Sin embargo, pese a la gran ilusi\u00f3n que se respira en el pueblo verdinegro, hay una noticia que cay\u00f3 como un baldazo de agua fr\u00eda para todos: se confirm\u00f3 que<strong> Andr\u00e9s Montenegro pierde a dos piezas claves para el choque del fin de semana<\/strong> contra el conjunto sanjuanino. <\/p>\n<\/div>\n<div class=\"sc-e7b891c4-0 ifHnQL image-embed\"><img alt=\"Chicago tiene dos bajas para enfrentar a San Mart\u00edn (SJ)\" loading=\"lazy\" width=\"720\" height=\"100\" decoding=\"async\" data-nimg=\"1\" src=\"http:\/\/cordobadirecto.com\/wp-content\/uploads\/2024\/11\/las-dos-bajas-de-chicago-para-las-semifinales-del-reducido.jpg\"><span class=\"epigraphe\">Chicago tiene dos bajas para enfrentar a San Mart\u00edn (SJ)<\/span><\/div>\n<div class=\"custom-text \" readability=\"42\">\n<p>Si, porque tanto<strong> Evelio Cardozo, que fue expulsado de forma pol\u00e9mica en el duelo revancha ante Quilmes<\/strong> en los cuartos de final, y <strong>Adri\u00e1n Mart\u00ednez, que sufri\u00f3 la rotura del tend\u00f3n de Aquiles derecho <\/strong>(estar\u00e1 de baja durante, por lo menos, tres meses), no estar\u00e1n disponibles para enfrentar al equipo cuyano. <\/p>\n<\/div>\n<p><h2><strong>Los posibles reemplazantes de Evelio Cardozo y Adri\u00e1n Mart\u00ednez<\/strong><\/h2>\n<\/p>\n<div class=\"custom-text \" readability=\"42\">\n<p>De cara al match del domingo en el Rep\u00fablica de Mataderos, debido a las bajas obligadas mencionadas anteriormente, el Lobo est\u00e1 obligado a tocar el equipo que venci\u00f3 a Quilmes. As\u00ed, <strong>en el lateral derecho podr\u00eda ingresar Mauro Zurita<\/strong>, que ya lo hizo el finde pasado ante el Cervecero. La ausencia de Evelio Cardozo, en principio, no representa grandes problemas; estuvo varios partidos afuera por lesi\u00f3n y el s\u00e1bado fue al banco de suplentes. Por ende, <strong>el mediocampo se mantendr\u00eda igual.<\/strong><\/p>\n<\/div>\n<p><h2><strong>C\u00f3mo, cu\u00e1ndo y d\u00f3nde se juegan las semeifinales del Reducido<\/strong><\/h2>\n<\/p>\n<div class=\"custom-text \">\n<ul>\n<li><strong>Nueva Chicago vs. San Martin de San Juan, domingo 24 de noviembre a las 17:00 en el Re\u00fablica de Mataderos.<\/strong> La vuelta ser\u00e1 en el Estadio Hilario S\u00e1nchez. El conjunto dirigido por Ra\u00fal Antu\u00f1ez tiene ventaja deportiva (clasifica en caso de empate global). <\/li>\n<li><strong>Gimnasia de Mendoza vs. San Mart\u00edn de Tucum\u00e1n, lunes 25 de noviembre a las 21:10 en el Estadio Victor Antonio Legrotaglie<\/strong>. La vuelta ser\u00e1 en La Ciudadela. El equipo del Norte cuenta con ventaja deportiva en caso de haber igualdad en el global. <\/li>\n<\/ul>\n<\/div>\n<div class=\"sc-e7b891c4-0 ifHnQL image-embed\"><img alt=\"Nueva Chicago abre la serie de semifinales en Mataderos\" loading=\"lazy\" width=\"720\" height=\"100\" decoding=\"async\" data-nimg=\"1\" src=\"http:\/\/cordobadirecto.com\/wp-content\/uploads\/2024\/11\/las-dos-bajas-de-chicago-para-las-semifinales-del-reducido-1.jpg\"><span class=\"epigraphe\">Nueva Chicago abre la serie de semifinales en Mataderos<\/span><\/div>\n<div class=\"sc-a7166897-0 eoLsBE\" readability=\"6\">\n<section readability=\"2\"><picture><img alt=\"La banca de Enzo Fern\u00e1ndez a Gallardo: &quot;River lo extra\u00f1aba mucho...&quot;\" loading=\"lazy\" width=\"290\" height=\"290\" decoding=\"async\" data-nimg=\"1\" src=\"http:\/\/cordobadirecto.com\/wp-content\/uploads\/2024\/11\/las-dos-bajas-de-chicago-para-las-semifinales-del-reducido-2.jpg\"><\/picture>\n<p><span>Mir\u00e1 tambi\u00e9n<\/span><\/p>\n<hr>\n<h3>La banca de Enzo Fern\u00e1ndez a Gallardo: &#8220;River lo extra\u00f1aba mucho&#8230;&#8221;<\/h3>\n<\/p>\n<\/section>\n<\/div>\n<div class=\"sc-a7166897-0 eoLsBE\" readability=\"6\">\n<section readability=\"2\"><picture><img alt=\"Selecci\u00f3n: \u00bfPor qu\u00e9 la Finalissima con Espa\u00f1a no se podr\u00eda jugar en 2025?\" loading=\"lazy\" width=\"290\" height=\"290\" decoding=\"async\" data-nimg=\"1\" src=\"http:\/\/cordobadirecto.com\/wp-content\/uploads\/2024\/11\/las-dos-bajas-de-chicago-para-las-semifinales-del-reducido-3.jpg\"><\/picture>\n<p><span>Mir\u00e1 tambi\u00e9n<\/span><\/p>\n<hr>\n<h3>Selecci\u00f3n: \u00bfPor qu\u00e9 la Finalissima con Espa\u00f1a no se podr\u00eda jugar en 2025?<\/h3>\n<\/p>\n<\/section>\n<\/div>\n<div class=\"sc-a7166897-0 eoLsBE\" readability=\"6.5\">\n<section readability=\"3\"><picture><img alt=\"Paolo Guerrero, contra el arbitraje: &quot;A Messi lo tocabas y era falta&quot;\" loading=\"lazy\" width=\"290\" height=\"290\" decoding=\"async\" data-nimg=\"1\" src=\"http:\/\/cordobadirecto.com\/wp-content\/uploads\/2024\/11\/las-dos-bajas-de-chicago-para-las-semifinales-del-reducido-4.jpg\"><\/picture>\n<p><span>Mir\u00e1 tambi\u00e9n<\/span><\/p>\n<hr>\n<h3>Paolo Guerrero, contra el arbitraje: &#8220;A Messi lo tocabas y era falta&#8221;<\/h3>\n<\/p>\n<\/section>\n<\/div>\n<div class=\"sc-a7166897-0 eoLsBE\" readability=\"6\">\n<section readability=\"2\"><picture><img alt=\"Qu\u00e9 dijo Palermo sobre Gago y su deseo de dirigir a Boca en un futuro\" loading=\"lazy\" width=\"290\" height=\"290\" decoding=\"async\" data-nimg=\"1\" src=\"http:\/\/cordobadirecto.com\/wp-content\/uploads\/2024\/11\/las-dos-bajas-de-chicago-para-las-semifinales-del-reducido-5.jpg\"><\/picture>\n<p><span>Mir\u00e1 tambi\u00e9n<\/span><\/p>\n<hr>\n<h3>Qu\u00e9 dijo Palermo sobre Gago y su deseo de dirigir a Boca en un futuro<\/h3>\n<\/p>\n<\/section>\n<\/div>\n<\/div>\n","protected":false},"excerpt":{"rendered":"<p>20\/11\/2024 18:20hs. Todo Mataderos est\u00e1 expectante esperando el duelo del domingo por la tarde en condici\u00f3n de local. Y la verdad es que no es para menos. Claro, porque luego de varias temporadas de no figurar en las primeras planas del Nacional, Nueva Chicago jugar\u00e1 la ida de la semifinal del Reducido por el segundo [&hellip;]<\/p>\n","protected":false},"author":1,"featured_media":158494,"comment_status":"closed","ping_status":"closed","sticky":false,"template":"","format":"standard","meta":[],"categories":[21],"tags":[],"_links":{"self":[{"href":"http:\/\/cordobadirecto.com\/index.php\/wp-json\/wp\/v2\/posts\/158493"}],"collection":[{"href":"http:\/\/cordobadirecto.com\/index.php\/wp-json\/wp\/v2\/posts"}],"about":[{"href":"http:\/\/cordobadirecto.com\/index.php\/wp-json\/wp\/v2\/types\/post"}],"author":[{"embeddable":true,"href":"http:\/\/cordobadirecto.com\/index.php\/wp-json\/wp\/v2\/users\/1"}],"replies":[{"embeddable":true,"href":"http:\/\/cordobadirecto.com\/index.php\/wp-json\/wp\/v2\/comments?post=158493"}],"version-history":[{"count":0,"href":"http:\/\/cordobadirecto.com\/index.php\/wp-json\/wp\/v2\/posts\/158493\/revisions"}],"wp:featuredmedia":[{"embeddable":true,"href":"http:\/\/cordobadirecto.com\/index.php\/wp-json\/wp\/v2\/media\/158494"}],"wp:attachment":[{"href":"http:\/\/cordobadirecto.com\/index.php\/wp-json\/wp\/v2\/media?parent=158493"}],"wp:term":[{"taxonomy":"category","embeddable":true,"href":"http:\/\/cordobadirecto.com\/index.php\/wp-json\/wp\/v2\/categories?post=158493"},{"taxonomy":"post_tag","embeddable":true,"href":"http:\/\/cordobadirecto.com\/index.php\/wp-json\/wp\/v2\/tags?post=158493"}],"curies":[{"name":"wp","href":"https:\/\/api.w.org\/{rel}","templated":true}]}}