{"id":158500,"date":"2024-11-20T19:45:45","date_gmt":"2024-11-20T19:45:45","guid":{"rendered":"https:\/\/cordoba.gob.ar\/?p=64434"},"modified":"2024-11-20T19:45:45","modified_gmt":"2024-11-20T19:45:45","slug":"la-guardia-urbana-logro-encontrar-a-una-menor-perdida-en-san-vicente-y-frustro-dos-robos","status":"publish","type":"post","link":"http:\/\/cordobadirecto.com\/index.php\/2024\/11\/20\/la-guardia-urbana-logro-encontrar-a-una-menor-perdida-en-san-vicente-y-frustro-dos-robos\/","title":{"rendered":"La Guardia Urbana logr\u00f3 encontrar a una menor perdida en San Vicente y frustr\u00f3 dos robos"},"content":{"rendered":"<div><img src=\"http:\/\/cordobadirecto.com\/wp-content\/uploads\/2024\/11\/la-guardia-urbana-logro-encontrar-a-una-menor-perdida-en-san-vicente-y-frustro-dos-robos.jpg\" class=\"ff-og-image-inserted\"><\/div>\n<ul class=\"ak-ul\" data-pm-slice=\"3 1 []\">\n<li><strong>Los vecinos y vecinas pueden llamar al 911 o pedir ayuda directamente en la calle a los agentes.<\/strong><\/li>\n<\/ul>\n<hr>\n<p>Entre las m\u00faltiples intervenciones de la Guardia Urbana de la Municipalidad de C\u00f3rdoba, en los \u00faltimos d\u00edas los agentes colaboraron en la b\u00fasqueda y lograron encontrar a una menor de 11 a\u00f1os que sali\u00f3 de su casa en San Vicente sin notificar a su familia.<\/p>\n<p>El pedido de ayuda de la madre activ\u00f3 el operativo de b\u00fasqueda de la GUM, que tras un intenso rastrillaje en la zona logr\u00f3 encontrar a la ni\u00f1a en buen estado.<\/p>\n<p>Otra acci\u00f3n destacada ocurri\u00f3 en barrio Jard\u00edn, donde los agentes impidieron el robo de un veh\u00edculo estacionado en la v\u00eda p\u00fablica.<\/p>\n<p>Durante un patrullaje preventivo, los guardias detectaron a cuatro personas que rondaban una camioneta y llegaron al sitio junto al polic\u00eda que acompa\u00f1a a la fuerza municipal. En ese momento, las personas huyeron del lugar. Tras una breve persecuci\u00f3n, dos de ellos fueron aprehendidos y puestos a disposici\u00f3n de la justicia.<\/p>\n<p>En otro operativo, el personal de la guardia pudo recuperar la bater\u00eda de un veh\u00edculo y logr\u00f3 la aprehensi\u00f3n del ladr\u00f3n que actu\u00f3 en barrio Arg\u00fcello.<\/p>\n<p>Todo comenz\u00f3 con el aviso de un vecino en la zona del CPC, que hab\u00eda identificado al sujeto. El personal de la GUM recorri\u00f3 el sector y encontr\u00f3 a la persona con la bater\u00eda en su poder y lo retuvo mientras solicitaba apoyo policial. El sujeto qued\u00f3 detenido.<\/p>\n<p>La Guardia Urbana dispone de 400 agentes capacitados y 70 m\u00f3viles en la calle que patrullan en forma preventiva 36 corredores articulados con la Polic\u00eda, de acuerdo al mapa del delito en las zonas planteadas.<\/p>\n<p>Los vecinos y vecinas pueden llamar al 911 o pedir ayuda directamente en la calle a los agentes.<\/p>\n","protected":false},"excerpt":{"rendered":"<p>Los vecinos y vecinas pueden llamar al 911 o pedir ayuda directamente en la calle a los agentes. Entre las m\u00faltiples intervenciones de la Guardia Urbana de la Municipalidad de C\u00f3rdoba, en los \u00faltimos d\u00edas los agentes colaboraron en la b\u00fasqueda y lograron encontrar a una menor de 11 a\u00f1os que sali\u00f3 de su casa [&hellip;]<\/p>\n","protected":false},"author":1,"featured_media":158501,"comment_status":"closed","ping_status":"closed","sticky":false,"template":"","format":"standard","meta":[],"categories":[44],"tags":[],"_links":{"self":[{"href":"http:\/\/cordobadirecto.com\/index.php\/wp-json\/wp\/v2\/posts\/158500"}],"collection":[{"href":"http:\/\/cordobadirecto.com\/index.php\/wp-json\/wp\/v2\/posts"}],"about":[{"href":"http:\/\/cordobadirecto.com\/index.php\/wp-json\/wp\/v2\/types\/post"}],"author":[{"embeddable":true,"href":"http:\/\/cordobadirecto.com\/index.php\/wp-json\/wp\/v2\/users\/1"}],"replies":[{"embeddable":true,"href":"http:\/\/cordobadirecto.com\/index.php\/wp-json\/wp\/v2\/comments?post=158500"}],"version-history":[{"count":0,"href":"http:\/\/cordobadirecto.com\/index.php\/wp-json\/wp\/v2\/posts\/158500\/revisions"}],"wp:featuredmedia":[{"embeddable":true,"href":"http:\/\/cordobadirecto.com\/index.php\/wp-json\/wp\/v2\/media\/158501"}],"wp:attachment":[{"href":"http:\/\/cordobadirecto.com\/index.php\/wp-json\/wp\/v2\/media?parent=158500"}],"wp:term":[{"taxonomy":"category","embeddable":true,"href":"http:\/\/cordobadirecto.com\/index.php\/wp-json\/wp\/v2\/categories?post=158500"},{"taxonomy":"post_tag","embeddable":true,"href":"http:\/\/cordobadirecto.com\/index.php\/wp-json\/wp\/v2\/tags?post=158500"}],"curies":[{"name":"wp","href":"https:\/\/api.w.org\/{rel}","templated":true}]}}