{"id":158504,"date":"2024-11-20T15:00:03","date_gmt":"2024-11-20T15:00:03","guid":{"rendered":"https:\/\/cordoba.gob.ar\/?p=61322"},"modified":"2024-11-20T15:00:03","modified_gmt":"2024-11-20T15:00:03","slug":"passerini-participo-del-34-congreso-latinoamericano-de-arquitectura-e-ingenieria-hospitalaria","status":"publish","type":"post","link":"http:\/\/cordobadirecto.com\/index.php\/2024\/11\/20\/passerini-participo-del-34-congreso-latinoamericano-de-arquitectura-e-ingenieria-hospitalaria\/","title":{"rendered":"Passerini particip\u00f3 del 34\u00b0 Congreso Latinoamericano de Arquitectura e Ingenier\u00eda Hospitalaria"},"content":{"rendered":"<div><img src=\"http:\/\/cordobadirecto.com\/wp-content\/uploads\/2024\/11\/passerini-participo-del-34-congreso-latinoamericano-de-arquitectura-e-ingenieria-hospitalaria.jpg\" class=\"ff-og-image-inserted\"><\/div>\n<ul>\n<li><strong>Se desarrollar\u00e1 del 10 al 13 de septiembre en la sede del Colegio de Arquitectos.<\/strong><\/li>\n<\/ul>\n<hr>\n<p>Bajo el lema \u201cEspacios de Salud, sensibilidad y eficiencia\u201d, el intendente Daniel Passerini particip\u00f3 de la apertura del 34\u00b0 Congreso Latinoamericano de Arquitectura e Ingenier\u00eda Hospitalaria.<\/p>\n<p>El encuentro re\u00fane a profesionales y empresas de todo el pa\u00eds, del 10 al 13 de septiembre en la sede del Colegio de Arquitectos de la Provincia de C\u00f3rdoba.<\/p>\n<p>\u201cCuando los m\u00e9dicos somos intendentes o ministros de salud, tenemos las oportunidad de trabajar y construir mejores decisiones en materia de este tipo de intervenciones\u201d, mencion\u00f3 el intendente durante su discurso de bienvenida y record\u00f3 la construcci\u00f3n de los cuatro Hospitales de Pronta Atenci\u00f3n durante la gesti\u00f3n Llaryora-Passerini, que elev\u00f3 de tres a siete la infraestructura en ese nivel de atenci\u00f3n sanitaria.<\/p>\n<p>En ese sentido, el titular del ejecutivo municipal resalt\u00f3 la forma de construcci\u00f3n de los modernos HPA. \u201cLa pandemia fue quiz\u00e1s la oportunidad para comenzar con el dise\u00f1o de estructuras modulares, que no tienen camas de internaci\u00f3n pero s\u00ed de recuperaci\u00f3n\u201d, detall\u00f3.<\/p>\n<p>\u201cLos dise\u00f1os, las construcciones y los modelos tienen que ver con la decisi\u00f3n pol\u00edtica de mejorar la calidad de atenci\u00f3n en la salud, con los m\u00e1s modernos criterios de sustentabilidad\u201d, explic\u00f3 Passerini en relaci\u00f3n a la articulaci\u00f3n del sector p\u00fablico con el privado, en torno al pacto sanitario definido junto al gobernador Mart\u00edn Llaryora y que busca mejorar la cobertura m\u00e9dica de los vecinos.<\/p>\n<p>A su turno, el Ministro de Salud de la Provincia de C\u00f3rdoba, Ricardo Pickesteiner, valor\u00f3 la centralidad de la infraestructura hospitalaria en C\u00f3rdoba para atender una \u201ccifra r\u00e9cord de pacientes este a\u00f1o\u201d, influenciada por la crisis sanitaria que afecta a los prestadores privados.<\/p>\n<p>\u201cCon mucha imaginaci\u00f3n, innovaci\u00f3n y trabajo hemos logrado incrementar nuestra capacidad operativa interanual en un 37.8%\u201d, explic\u00f3 el ministro en relaci\u00f3n a la gesti\u00f3n eficiente de las instalaciones f\u00edsicas y los recursos humanos.<\/p>\n<p>En la apertura, el presidente del Colegio de Arquitectos de C\u00f3rdoba, Mariano Ambroggio, rescat\u00f3 la importancia de los edificios como \u201cinstrumento m\u00e9dico\u201d, creado como una ambiente para favorecer la recuperaci\u00f3n.<\/p>\n<p>\u201cCompartimos el desaf\u00edo de hacer de la arquitectura un instrumento sensible, eficiente y respetuoso del entorno\u201d, sintetiz\u00f3 Ambroggio.<\/p>\n<p>De los discursos de bienvenida al p\u00fablico asistente participaron a su vez el presidente de la Asociaci\u00f3n Argentina de Arquitectura e Ingenier\u00eda Hospitalaria, Miguel Sartori, el presidente del Congreso, Santiago Viale.<\/p>\n<p>Acompa\u00f1aron al intendente el secretario de Desarrollo Urbano, Diego Peralta y los concejales Nicol\u00e1s Piloni y Marcos V\u00e1zquez, quienes entregaron a las autoridades del congreso la declaraci\u00f3n de inter\u00e9s legislativo por parte del Concejo Deliberante.<\/p>\n<p><strong>El Congreso<\/strong><\/p>\n<p>El evento, organizado por la Asociaci\u00f3n Argentina de Arquitectura e Ingenier\u00eda Hospitalaria (AADAIH), contar\u00e1 con una amplia variedad de conferencias magistrales, mesas redondas y presentaciones interactivas.<\/p>\n<p>Tiene seis ejes tem\u00e1ticos: dise\u00f1o arquitect\u00f3nico; humanizaci\u00f3n del entorno habitable; tecnolog\u00eda, materialidad e infraestructura; eficiencia, sostenibilidad, sustentabilidad; bioingenier\u00eda y dise\u00f1o industrial; adultos mayores; gesti\u00f3n.<\/p>\n<p>Tambi\u00e9n habr\u00e1 exhibiciones de productos y servicios relacionados con la arquitectura e ingenier\u00eda hospitalaria, brindando la oportunidad de conocer las \u00faltimas tendencias y soluciones en el sector.<\/p>\n<p>Los estand cubren una amplia gama de servicios y productos tales como: equipamiento m\u00e9dico, mobiliario, sistemas de construcci\u00f3n sustentables y con eficiencia energ\u00e9tica, climatizaci\u00f3n con sistemas geot\u00e9rmicos, geot\u00e9rmicos y solares, tomas y llaves antibacteriales, as\u00ed como la realizaci\u00f3n de proyectos integrales para el armado total de quir\u00f3fanos y obra de infraestructura, entre muchos otros.<\/p>\n","protected":false},"excerpt":{"rendered":"<p>Se desarrollar\u00e1 del 10 al 13 de septiembre en la sede del Colegio de Arquitectos. Bajo el lema \u201cEspacios de Salud, sensibilidad y eficiencia\u201d, el intendente Daniel Passerini particip\u00f3 de la apertura del 34\u00b0 Congreso Latinoamericano de Arquitectura e Ingenier\u00eda Hospitalaria. El encuentro re\u00fane a profesionales y empresas de todo el pa\u00eds, del 10 al [&hellip;]<\/p>\n","protected":false},"author":1,"featured_media":158505,"comment_status":"closed","ping_status":"closed","sticky":false,"template":"","format":"standard","meta":[],"categories":[44],"tags":[],"_links":{"self":[{"href":"http:\/\/cordobadirecto.com\/index.php\/wp-json\/wp\/v2\/posts\/158504"}],"collection":[{"href":"http:\/\/cordobadirecto.com\/index.php\/wp-json\/wp\/v2\/posts"}],"about":[{"href":"http:\/\/cordobadirecto.com\/index.php\/wp-json\/wp\/v2\/types\/post"}],"author":[{"embeddable":true,"href":"http:\/\/cordobadirecto.com\/index.php\/wp-json\/wp\/v2\/users\/1"}],"replies":[{"embeddable":true,"href":"http:\/\/cordobadirecto.com\/index.php\/wp-json\/wp\/v2\/comments?post=158504"}],"version-history":[{"count":0,"href":"http:\/\/cordobadirecto.com\/index.php\/wp-json\/wp\/v2\/posts\/158504\/revisions"}],"wp:featuredmedia":[{"embeddable":true,"href":"http:\/\/cordobadirecto.com\/index.php\/wp-json\/wp\/v2\/media\/158505"}],"wp:attachment":[{"href":"http:\/\/cordobadirecto.com\/index.php\/wp-json\/wp\/v2\/media?parent=158504"}],"wp:term":[{"taxonomy":"category","embeddable":true,"href":"http:\/\/cordobadirecto.com\/index.php\/wp-json\/wp\/v2\/categories?post=158504"},{"taxonomy":"post_tag","embeddable":true,"href":"http:\/\/cordobadirecto.com\/index.php\/wp-json\/wp\/v2\/tags?post=158504"}],"curies":[{"name":"wp","href":"https:\/\/api.w.org\/{rel}","templated":true}]}}