{"id":158508,"date":"2024-11-21T08:36:22","date_gmt":"2024-11-21T08:36:22","guid":{"rendered":"https:\/\/puntoapunto.com.ar\/?p=367472"},"modified":"2024-11-21T08:36:22","modified_gmt":"2024-11-21T08:36:22","slug":"edicion-semanal-primavera-economica-llego-el-repunte","status":"publish","type":"post","link":"http:\/\/cordobadirecto.com\/index.php\/2024\/11\/21\/edicion-semanal-primavera-economica-llego-el-repunte\/","title":{"rendered":"Edici\u00f3n semanal: Primavera econ\u00f3mica, \u00bflleg\u00f3 el repunte?"},"content":{"rendered":"<div class=\"g g-36\">\n<div class=\"g-dyn a-29 c-1\"><a class=\"gofollow\" data-track=\"MjksMzYsMSw2MA==\" href=\"https:\/\/www.harmoniechateau.com.ar\/\" target=\"_blank\" rel=\"noopener\"><img src=\"http:\/\/cordobadirecto.com\/wp-content\/uploads\/2024\/11\/edicion-semanal-primavera-economica-llego-el-repunte.gif\" loading=\"lazy\"><\/a><\/div>\n<\/div>\n<p>&nbsp;\n<\/p>\n<p>Sectores de la macro ya muestran un fuerte rebote,<strong> casi en \u201cV\u201d, con crecimientos anuales del 7% hasta agosto<\/strong>. Para el economista<strong> Gast\u00f3n Utrera<\/strong> el repunte es alentador, pero enfrenta desaf\u00edos complejos. Alertas por la<strong> apertura del cepo y por la falta de inversiones<\/strong> para hacer sostenible el crecimiento econ\u00f3mico.\n<\/p>\n<p><strong>Le\u00e9 la revista en tu dispositivo favorito<\/strong>\n<\/p>\n<p><a href=\"https:\/\/indd.adobe.com\/view\/fec40528-6946-416f-b2ee-ec555d34fba2\" target=\"_blank\" rel=\"noopener\"><img decoding=\"async\" class=\"alignleft wp-image-341569 size-full\" src=\"http:\/\/cordobadirecto.com\/wp-content\/uploads\/2024\/11\/edicion-semanal-primavera-economica-llego-el-repunte.jpg\" alt width=\"300\" height=\"80\" loading=\"lazy\"><\/a><!-- \u00a1O bien no hay banners, estan desactivados o no estan programados para esta ubicaci\u00f3n! -->\n<\/p>\n<p>&nbsp;\n<\/p>\n<p>&nbsp;\n<\/p>\n<p><img decoding=\"async\" class=\"size-full wp-image-341570 alignleft\" src=\"http:\/\/cordobadirecto.com\/wp-content\/uploads\/2024\/11\/edicion-semanal-primavera-economica-llego-el-repunte-1.jpg\" alt width=\"300\" height=\"80\" loading=\"lazy\">\n<\/p>\n<p>&nbsp;\n<\/p>\n<p>&nbsp;\n<\/p>\n<p>&nbsp;\n<\/p>\n<p><strong>Adem\u00e1s:<\/strong>\n<\/p>\n<ul>\n<li><strong>Santex y la apuesta por el dise\u00f1o de un mapa \u00e9tico para la IA: \u201cel dato es la nueva moneda\u201d<\/strong><\/li>\n<\/ul>\n<p>En el marco de la Santex Week, Juan Santiago, director de la tecnol\u00f3gica, destaca la necesidad de un enfoque \u00e9tico en un mundo donde los datos son el nuevo oro.\n<\/p>\n<ul>\n<li><strong>Prodeman, nuevo Bayer ForwardFarming de Argentina para impulsar la agricultura regenerativa con pr\u00e1cticas sustentables de vanguardia<\/strong><\/li>\n<\/ul>\n<p>Cropmix-Prodeman ubicado en General Cabrera, C\u00f3rdoba, es el segundo establecimiento de Argentina que integra la red Bayer Foward Farming (BBF).\n<\/p>\n<ul>\n<li><strong>Los n\u00fameros de la alianza Familia Parra con Citro\u00ebn que cumpli\u00f3 20 a\u00f1os<\/strong><\/li>\n<\/ul>\n<p>La compa\u00f1\u00eda cordobesa celebr\u00f3 dos d\u00e9cadas como concesionario oficial de la marca francesa, en los que comercializ\u00f3 m\u00e1s de 19.500 unidades y se consolid\u00f3 como l\u00edder en C\u00f3rdoba.\n<\/p>\n<ul>\n<li><strong>Pymes: el rol del due\u00f1o en la definici\u00f3n del porvenir de la empresa<\/strong><\/li>\n<\/ul>\n<p>Para toda empresa la continuidad de la operaci\u00f3n es el tema recurrente, que debe ser afrontado. \u00bfQu\u00e9 papel deben ocupar los directorios? \u00bfCu\u00e1les son las habilidades necesarias en los due\u00f1os, que adem\u00e1s son fundadores y que velan por la sostenibilidad de su empresa?\n<\/p>\n<p>&nbsp;\n<\/p>\n<div class=\"g g-38\">\n<div class=\"g-dyn a-12 c-1\"><a class=\"gofollow\" data-track=\"MTIsMzgsMSw2MA==\" href=\"https:\/\/hospitalprivado.com.ar\/blog\/institucional\/somos-la-primera-institucion-del-interior-del-pais-en-acreditar-joint-commission-international.html\" target=\"_blank\" rel=\"noopener\"><img src=\"http:\/\/cordobadirecto.com\/wp-content\/uploads\/2024\/11\/edicion-semanal-primavera-economica-llego-el-repunte-1.gif\" loading=\"lazy\"><\/a><\/div>\n<\/div>\n","protected":false},"excerpt":{"rendered":"<p>&nbsp; Sectores de la macro ya muestran un fuerte rebote, casi en \u201cV\u201d, con crecimientos anuales del 7% hasta agosto. Para el economista Gast\u00f3n Utrera el repunte es alentador, pero enfrenta desaf\u00edos complejos. Alertas por la apertura del cepo y por la falta de inversiones para hacer sostenible el crecimiento econ\u00f3mico. Le\u00e9 la revista en [&hellip;]<\/p>\n","protected":false},"author":1,"featured_media":158509,"comment_status":"closed","ping_status":"closed","sticky":false,"template":"","format":"standard","meta":[],"categories":[25],"tags":[],"_links":{"self":[{"href":"http:\/\/cordobadirecto.com\/index.php\/wp-json\/wp\/v2\/posts\/158508"}],"collection":[{"href":"http:\/\/cordobadirecto.com\/index.php\/wp-json\/wp\/v2\/posts"}],"about":[{"href":"http:\/\/cordobadirecto.com\/index.php\/wp-json\/wp\/v2\/types\/post"}],"author":[{"embeddable":true,"href":"http:\/\/cordobadirecto.com\/index.php\/wp-json\/wp\/v2\/users\/1"}],"replies":[{"embeddable":true,"href":"http:\/\/cordobadirecto.com\/index.php\/wp-json\/wp\/v2\/comments?post=158508"}],"version-history":[{"count":0,"href":"http:\/\/cordobadirecto.com\/index.php\/wp-json\/wp\/v2\/posts\/158508\/revisions"}],"wp:featuredmedia":[{"embeddable":true,"href":"http:\/\/cordobadirecto.com\/index.php\/wp-json\/wp\/v2\/media\/158509"}],"wp:attachment":[{"href":"http:\/\/cordobadirecto.com\/index.php\/wp-json\/wp\/v2\/media?parent=158508"}],"wp:term":[{"taxonomy":"category","embeddable":true,"href":"http:\/\/cordobadirecto.com\/index.php\/wp-json\/wp\/v2\/categories?post=158508"},{"taxonomy":"post_tag","embeddable":true,"href":"http:\/\/cordobadirecto.com\/index.php\/wp-json\/wp\/v2\/tags?post=158508"}],"curies":[{"name":"wp","href":"https:\/\/api.w.org\/{rel}","templated":true}]}}