{"id":158513,"date":"2024-11-21T14:56:50","date_gmt":"2024-11-21T14:56:50","guid":{"rendered":"https:\/\/cordoba.gob.ar\/?p=64471"},"modified":"2024-11-21T14:56:50","modified_gmt":"2024-11-21T14:56:50","slug":"casa-de-pepino-celebra-el-dia-mundial-de-la-filosofia-con-la-presencia-de-buda-platon-marco-aurelio-hipatia-y-helena-blavatsky","status":"publish","type":"post","link":"http:\/\/cordobadirecto.com\/index.php\/2024\/11\/21\/casa-de-pepino-celebra-el-dia-mundial-de-la-filosofia-con-la-presencia-de-buda-platon-marco-aurelio-hipatia-y-helena-blavatsky\/","title":{"rendered":"Casa de Pepino celebra el D\u00eda Mundial de la Filosof\u00eda con la presencia de Buda, Plat\u00f3n, Marco Aurelio, Hipatia y Helena Blavatsky"},"content":{"rendered":"<div><img src=\"http:\/\/cordobadirecto.com\/wp-content\/uploads\/2024\/11\/casa-de-pepino-celebra-el-dia-mundial-de-la-filosofia-con-la-presencia-de-buda-platon-marco-aurelio-hipatia-y-helena-blavatsky.jpg\" class=\"ff-og-image-inserted\"><\/div>\n<ul>\n<li><strong>\u201cMerendando con fil\u00f3sofos y fil\u00f3sofas\u201d ser\u00e1 este jueves a las 18:00 horas en Fructuoso Rivera 287. Los protagonistas responder\u00e1n preguntas del p\u00fablico.<\/strong><\/li>\n<li><strong><strong>La entrada es libre y gratuita, pero con cupos.<\/strong><\/strong><br \/>\n<hr>\n<\/li>\n<\/ul>\n<p>El D\u00eda Mundial de la Filosof\u00eda se celebra cada tercer jueves de noviembre desde 2006. En conmemoraci\u00f3n de la jornada, este jueves en Casa de Pepino estar\u00e1n presentes hist\u00f3ricos fil\u00f3sofos y fil\u00f3sofas para debatir sus ideas con el p\u00fablico.<\/p>\n<p>Al mejor estilo \u201cMirtha Legrand\u201d, a las 18:00 horas iniciar\u00e1 \u201cMerendando con Fil\u00f3sofos y Filosofas\u201d. Buda, Plat\u00f3n, Marco Aurelio, Hipatia y Helena Blavatsky se har\u00e1n presentes en Fructuoso Rivera 287 para responder preguntas e indagar sobre los pensamientos que influenciaron al presente y la actualidad.<\/p>\n<p>En esta merienda filos\u00f3fica, se presentar\u00e1n las visiones de cada uno de estos personajes, tratando de encontrar los puntos en com\u00fan, m\u00e1s all\u00e1 de las diferencias.<\/p>\n<p>La actividad es coordinada por la Direcci\u00f3n General de Cultura y articulada junto con el Escuela de Filosof\u00eda \u201cNueva Acr\u00f3polis\u201d fundada hace 67 a\u00f1os en Buenos Aires y que actualmente se encuentra en 53 pa\u00edses de los cinco continentes.<\/p>\n<p>El ingreso es libre y gratuito. Las inscripciones se realizan a trav\u00e9s de WhatsApp \u00f3 mensaje privado al 351-2393218.<\/p>\n<p><strong>Los protagonistas de una merienda compartida<\/strong><\/p>\n<ul class=\"ak-ul\">\n<li>Buda (siglo VI a.C.): Desde el actual Nepal, Siddhartha Gautama, como era su nombre, dedic\u00f3 su vida a entender las causas del sufrimiento humano. Su ense\u00f1anza principal propone una v\u00eda para superar el dolor.<\/li>\n<\/ul>\n<ul class=\"ak-ul\">\n<li>Plat\u00f3n (siglo V a.C.): fue disc\u00edpulo de S\u00f3crates y maestro de Arist\u00f3teles, busc\u00f3 las verdades universales en su teor\u00eda del Mundo de las Ideas. Fund\u00f3 la Academia, el primer centro de educaci\u00f3n superior en el mundo occidental, sentando las bases de la filosof\u00eda cl\u00e1sica.<\/li>\n<\/ul>\n<ul class=\"ak-ul\">\n<li>Marco Aurelio (siglo II d.C.): el \u201cemperador fil\u00f3sofo\u201d de Roma, aplic\u00f3 el estoicismo en su vida y gobierno. En su obra Meditaciones, reflexion\u00f3 sobre c\u00f3mo vivir siendo coherente con nosotros mismos y teniendo resiliencia frente a las adversidades.<\/li>\n<\/ul>\n<ul class=\"ak-ul\">\n<li>Hipatia (siglo IV d.C.): Matem\u00e1tica, astr\u00f3noma y fil\u00f3sofa de Alejandr\u00eda, defendi\u00f3 el conocimiento racional, la ciencia y la b\u00fasqueda de valores atemporales en un contexto marcado por tensiones pol\u00edticas y religiosas. Su vida fue un s\u00edmbolo de la lucha por la raz\u00f3n y la verdad.<\/li>\n<\/ul>\n<ul class=\"ak-ul\">\n<li>Helena Blavatsky (siglo XIX): Fil\u00f3sofa y Escritora rusa, dedic\u00f3 su vida a integrar las nociones filos\u00f3ficas-espirituales de oriente y occidente. Su obra destac\u00f3 la unidad espiritual de la humanidad, m\u00e1s all\u00e1 de las diferencias culturales.<\/li>\n<\/ul>\n<p>\u00bfQu\u00e9 tienen en com\u00fan un sabio de la India, un fil\u00f3sofo ateniense, un emperador romano, una cient\u00edfica alejandrina y una fil\u00f3sofa m\u00edstica rusa?<\/p>\n<p>Mientras Buda y Blavatsky valoran la intuici\u00f3n espiritual y las vivencias interiores, Plat\u00f3n e Hipatia har\u00e1n mayor hincapi\u00e9 en el razonamiento l\u00f3gico y la observaci\u00f3n cient\u00edfica.<\/p>\n<p>Para Buda, el prop\u00f3sito de la vida ser\u00e1 superar el dolor a trav\u00e9s del desapego del mundo material, mientras que Marco Aurelio propondr\u00e1 como modelo una vida basada en el deber hacia los dem\u00e1s.<\/p>\n","protected":false},"excerpt":{"rendered":"<p>\u201cMerendando con fil\u00f3sofos y fil\u00f3sofas\u201d ser\u00e1 este jueves a las 18:00 horas en Fructuoso Rivera 287. Los protagonistas responder\u00e1n preguntas del p\u00fablico. La entrada es libre y gratuita, pero con cupos. El D\u00eda Mundial de la Filosof\u00eda se celebra cada tercer jueves de noviembre desde 2006. En conmemoraci\u00f3n de la jornada, este jueves en Casa [&hellip;]<\/p>\n","protected":false},"author":1,"featured_media":158514,"comment_status":"closed","ping_status":"closed","sticky":false,"template":"","format":"standard","meta":[],"categories":[44],"tags":[],"_links":{"self":[{"href":"http:\/\/cordobadirecto.com\/index.php\/wp-json\/wp\/v2\/posts\/158513"}],"collection":[{"href":"http:\/\/cordobadirecto.com\/index.php\/wp-json\/wp\/v2\/posts"}],"about":[{"href":"http:\/\/cordobadirecto.com\/index.php\/wp-json\/wp\/v2\/types\/post"}],"author":[{"embeddable":true,"href":"http:\/\/cordobadirecto.com\/index.php\/wp-json\/wp\/v2\/users\/1"}],"replies":[{"embeddable":true,"href":"http:\/\/cordobadirecto.com\/index.php\/wp-json\/wp\/v2\/comments?post=158513"}],"version-history":[{"count":0,"href":"http:\/\/cordobadirecto.com\/index.php\/wp-json\/wp\/v2\/posts\/158513\/revisions"}],"wp:featuredmedia":[{"embeddable":true,"href":"http:\/\/cordobadirecto.com\/index.php\/wp-json\/wp\/v2\/media\/158514"}],"wp:attachment":[{"href":"http:\/\/cordobadirecto.com\/index.php\/wp-json\/wp\/v2\/media?parent=158513"}],"wp:term":[{"taxonomy":"category","embeddable":true,"href":"http:\/\/cordobadirecto.com\/index.php\/wp-json\/wp\/v2\/categories?post=158513"},{"taxonomy":"post_tag","embeddable":true,"href":"http:\/\/cordobadirecto.com\/index.php\/wp-json\/wp\/v2\/tags?post=158513"}],"curies":[{"name":"wp","href":"https:\/\/api.w.org\/{rel}","templated":true}]}}