{"id":158515,"date":"2024-11-21T14:32:17","date_gmt":"2024-11-21T14:32:17","guid":{"rendered":"https:\/\/cordoba.gob.ar\/?p=59710"},"modified":"2024-11-21T14:32:17","modified_gmt":"2024-11-21T14:32:17","slug":"passerini-recorrio-el-polo-cultural-de-teatro-independiente-del-pasaje-agustin-perez-y-dialogo-con-referentes-y-referentas-del-sector","status":"publish","type":"post","link":"http:\/\/cordobadirecto.com\/index.php\/2024\/11\/21\/passerini-recorrio-el-polo-cultural-de-teatro-independiente-del-pasaje-agustin-perez-y-dialogo-con-referentes-y-referentas-del-sector\/","title":{"rendered":"Passerini recorri\u00f3 el Polo Cultural de Teatro Independiente del pasaje Agust\u00edn P\u00e9rez y dialog\u00f3 con referentes y referentas del sector"},"content":{"rendered":"<div><img src=\"http:\/\/cordobadirecto.com\/wp-content\/uploads\/2024\/11\/passerini-recorrio-el-polo-cultural-de-teatro-independiente-del-pasaje-agustin-perez-y-dialogo-con-referentes-y-referentas-del-sector.jpg\" class=\"ff-og-image-inserted\"><\/div>\n<p>El intendente de la ciudad de C\u00f3rdoba, Daniel Passerini, dialog\u00f3 con los due\u00f1os y due\u00f1as de espacios de teatro independiente que a diario impulsan el rubro con obras esc\u00e9nicas y art\u00edsticas en el pasaje Agust\u00edn P\u00e9rez, a metros del parque Las Heras-Elisa.<\/p>\n<p>Durante el encuentro, pusieron en com\u00fan la realidad del Polo Cultural de Teatro que acumula numerosos a\u00f1os afianzado entre el Bv. Los Andes y el Bv. Las Heras.<\/p>\n<p>El intendente manifest\u00f3 la intenci\u00f3n de potenciar la zona como un espacio de arte y vanguardia.<\/p>\n<p>Passerini se mostr\u00f3 optimista por los tiempos venideros para este sector que, luego de a\u00f1os de abandono, cuenta con espacios revalorizados y nuevas obras que realzan el valor del territorio: el Parque Las Heras-Elisa, el flamante Concejo Deliberante y el Bv. Maip\u00fa que tendr\u00e1 continuidad hasta el R\u00edo Suqu\u00eda.<\/p>\n<p>Al mismo tiempo, estableci\u00f3 la generaci\u00f3n de una mesa de trabajo para afirmar al Polo Cultural de Teatro como un pilar central en el futuro crecimiento urbano de este punto de la ciudad.<\/p>\n<p>Formaron parte referentes y referentas de la sala Quinto Deva, Espacio Blick, Cirulaxia Teatro, entre otros.<\/p>\n<p>El intendente estuvo acompa\u00f1ado por las concejalas Valeria Bustamante y Rozana P\u00e9rez; y la directora general de coordinaci\u00f3n del IPLAMU, Fabiana P\u00e9rez.<\/p>\n","protected":false},"excerpt":{"rendered":"<p>El intendente de la ciudad de C\u00f3rdoba, Daniel Passerini, dialog\u00f3 con los due\u00f1os y due\u00f1as de espacios de teatro independiente que a diario impulsan el rubro con obras esc\u00e9nicas y art\u00edsticas en el pasaje Agust\u00edn P\u00e9rez, a metros del parque Las Heras-Elisa. Durante el encuentro, pusieron en com\u00fan la realidad del Polo Cultural de Teatro [&hellip;]<\/p>\n","protected":false},"author":1,"featured_media":158516,"comment_status":"closed","ping_status":"closed","sticky":false,"template":"","format":"standard","meta":[],"categories":[44],"tags":[],"_links":{"self":[{"href":"http:\/\/cordobadirecto.com\/index.php\/wp-json\/wp\/v2\/posts\/158515"}],"collection":[{"href":"http:\/\/cordobadirecto.com\/index.php\/wp-json\/wp\/v2\/posts"}],"about":[{"href":"http:\/\/cordobadirecto.com\/index.php\/wp-json\/wp\/v2\/types\/post"}],"author":[{"embeddable":true,"href":"http:\/\/cordobadirecto.com\/index.php\/wp-json\/wp\/v2\/users\/1"}],"replies":[{"embeddable":true,"href":"http:\/\/cordobadirecto.com\/index.php\/wp-json\/wp\/v2\/comments?post=158515"}],"version-history":[{"count":0,"href":"http:\/\/cordobadirecto.com\/index.php\/wp-json\/wp\/v2\/posts\/158515\/revisions"}],"wp:featuredmedia":[{"embeddable":true,"href":"http:\/\/cordobadirecto.com\/index.php\/wp-json\/wp\/v2\/media\/158516"}],"wp:attachment":[{"href":"http:\/\/cordobadirecto.com\/index.php\/wp-json\/wp\/v2\/media?parent=158515"}],"wp:term":[{"taxonomy":"category","embeddable":true,"href":"http:\/\/cordobadirecto.com\/index.php\/wp-json\/wp\/v2\/categories?post=158515"},{"taxonomy":"post_tag","embeddable":true,"href":"http:\/\/cordobadirecto.com\/index.php\/wp-json\/wp\/v2\/tags?post=158515"}],"curies":[{"name":"wp","href":"https:\/\/api.w.org\/{rel}","templated":true}]}}