{"id":158517,"date":"2024-11-21T20:13:59","date_gmt":"2024-11-21T20:13:59","guid":{"rendered":"http:\/\/cordobadirecto.com\/index.php\/2024\/11\/21\/los-gobernadores-que-mas-crecen-y-las-dos-provincias-que-dibujan-la-nueva-grieta\/"},"modified":"2024-11-21T20:13:59","modified_gmt":"2024-11-21T20:13:59","slug":"los-gobernadores-que-mas-crecen-y-las-dos-provincias-que-dibujan-la-nueva-grieta","status":"publish","type":"post","link":"http:\/\/cordobadirecto.com\/index.php\/2024\/11\/21\/los-gobernadores-que-mas-crecen-y-las-dos-provincias-que-dibujan-la-nueva-grieta\/","title":{"rendered":"Los gobernadores que m\u00e1s crecen y las dos provincias que dibujan la <b>nueva<\/b> grieta"},"content":{"rendered":"<p><b>Econom\u00eda<\/b> y Pol\u00edtica &middot; Provincias &#8230; Por \u00faltimo, otro dato llamativo del trabajo de CB Consultora Opini\u00f3n P\u00fablica es la segmentaci\u00f3n por provincia&nbsp;&#8230; <\/p>\n","protected":false},"excerpt":{"rendered":"<p>Econom\u00eda y Pol\u00edtica &middot; Provincias &#8230; Por \u00faltimo, otro dato llamativo del trabajo de CB Consultora Opini\u00f3n P\u00fablica es la segmentaci\u00f3n por provincia&nbsp;&#8230;<\/p>\n","protected":false},"author":1,"featured_media":0,"comment_status":"closed","ping_status":"closed","sticky":false,"template":"","format":"standard","meta":[],"categories":[40],"tags":[],"_links":{"self":[{"href":"http:\/\/cordobadirecto.com\/index.php\/wp-json\/wp\/v2\/posts\/158517"}],"collection":[{"href":"http:\/\/cordobadirecto.com\/index.php\/wp-json\/wp\/v2\/posts"}],"about":[{"href":"http:\/\/cordobadirecto.com\/index.php\/wp-json\/wp\/v2\/types\/post"}],"author":[{"embeddable":true,"href":"http:\/\/cordobadirecto.com\/index.php\/wp-json\/wp\/v2\/users\/1"}],"replies":[{"embeddable":true,"href":"http:\/\/cordobadirecto.com\/index.php\/wp-json\/wp\/v2\/comments?post=158517"}],"version-history":[{"count":0,"href":"http:\/\/cordobadirecto.com\/index.php\/wp-json\/wp\/v2\/posts\/158517\/revisions"}],"wp:attachment":[{"href":"http:\/\/cordobadirecto.com\/index.php\/wp-json\/wp\/v2\/media?parent=158517"}],"wp:term":[{"taxonomy":"category","embeddable":true,"href":"http:\/\/cordobadirecto.com\/index.php\/wp-json\/wp\/v2\/categories?post=158517"},{"taxonomy":"post_tag","embeddable":true,"href":"http:\/\/cordobadirecto.com\/index.php\/wp-json\/wp\/v2\/tags?post=158517"}],"curies":[{"name":"wp","href":"https:\/\/api.w.org\/{rel}","templated":true}]}}