{"id":158536,"date":"2024-11-22T00:01:56","date_gmt":"2024-11-22T00:01:56","guid":{"rendered":"https:\/\/www.ole.com.ar\/ascenso\/ascenso-primera-nacional-equipos-alfredo-grelak_0_HLAo0Ej21v.html"},"modified":"2024-11-22T00:01:56","modified_gmt":"2024-11-22T00:01:56","slug":"los-tres-grandes-del-nacional-que-se-pelean-por-alfredo-grelak","status":"publish","type":"post","link":"http:\/\/cordobadirecto.com\/index.php\/2024\/11\/22\/los-tres-grandes-del-nacional-que-se-pelean-por-alfredo-grelak\/","title":{"rendered":"Los tres grandes del Nacional que se pelean por Alfredo Grelak"},"content":{"rendered":"<p><time class=\"createDate\" datetime=\"2024-11-21T18:21:39-03:00\">21\/11\/2024 18:21hs.<\/time><\/p>\n<div id=\"storyBody\">\n<div class=\"custom-text \" readability=\"33.108108108108\">\n<p>Solo cuatro equipos contin\u00faan con acci\u00f3n en este 2024. El Reducido por el segundo ascenso a la <a href=\"https:\/\/www.ole.com.ar\/tema\/liga-profesional.html\" title=\"Liga Profesional\" alt=\"Liga Profesional\" class=\"slug\">Liga Profesional<\/a> est\u00e1 en instancias de semifinales, y el resto de los clubes <strong>ya diagraman sus objetivos para encarar el pr\u00f3ximo a\u00f1o<\/strong> de mejor manera de lo que lo hicieron en la corriente temporada.<\/p>\n<\/div>\n<div class=\"custom-text \" readability=\"36.244224422442\">\n<p>Dentro de esos preparativos, hay algunos que est\u00e1n en busca de un entrenador. Y <strong>uno de los nombres que aparecen con fuerza en muchas instituciones, es el de <a href=\"https:\/\/www.ole.com.ar\/tema\/alfredo-grelak.html\" title=\"Alfredo Grelak\" alt=\"Alfredo Grelak\" class=\"slug\">Alfredo Grelak<\/a><\/strong>. Es pr\u00e1cticamente un hecho que el actual det\u00e9 de San Telmo -que realiz\u00f3 una campa\u00f1a fant\u00e1stica-, no seguir\u00eda en Isla Maciel.<\/p>\n<\/div>\n<div class=\"custom-text \" readability=\"35.812949640288\">\n<p>En este contexto, tres equipos importantes de la <a href=\"https:\/\/www.ole.com.ar\/tema\/primera-nacional.html\" title=\"Primera Nacional\" alt=\"Primera Nacional\" class=\"slug\">Primera Nacional<\/a> posaron sus ojos en \u00e9l: <strong>Col\u00f3n, Chacarita y Ferro<\/strong>. El Sabalero y el Funebrero ya tuvieron mantuvieron reuniones -informales, sin propuestas concretas a\u00fan-, mientras que el Verde lo har\u00e1 en los pr\u00f3ximos d\u00edas. <\/p>\n<\/div>\n<div class=\"sc-e7b891c4-0 ifHnQL image-embed\"><img alt=\"Col\u00f3n, Chacarita y Ferro quieren a Grelak (Foto:DYN\/SALVADOR SANTIAGO).\" loading=\"lazy\" width=\"720\" height=\"100\" decoding=\"async\" data-nimg=\"1\" src=\"http:\/\/cordobadirecto.com\/wp-content\/uploads\/2024\/11\/los-tres-grandes-del-nacional-que-se-pelean-por-alfredo-grelak.jpg\"><span class=\"epigraphe\">Col\u00f3n, Chacarita y Ferro quieren a Grelak (Foto:DYN\/SALVADOR SANTIAGO).<\/span><\/div>\n<div class=\"custom-text \" readability=\"36\">\n<p>A\u00fan as\u00ed, no es la \u00fanica opci\u00f3n que se baraja en dichos clubes. <strong>Otro nombre que tambi\u00e9n asoma es el de Gustavo Coleoni<\/strong>, recientemente desvinculado de San Miguel. El Sapito dej\u00f3 su cargo en el conjunto de Los Polvorines y es seguido de cerca por varias instituciones.<\/p>\n<\/div>\n<p><h2><strong>La campa\u00f1a de Alfredo Grelak en San Telmo<\/strong><\/h2>\n<\/p>\n<div class=\"custom-text \" readability=\"39\">\n<p>Fue uno de los equipos revelaci\u00f3n del Nacional. En una Zona B con equipos importantes como Col\u00f3n, Aldosivi o Nueva Chicago -y con tres puntos menos tras la sanci\u00f3n por los incidentes ante el Tibur\u00f3n-,<strong> el Candombero pele\u00f3 por la final del primer ascenso hasta la \u00faltima fecha<\/strong>: incluso, si venc\u00eda al conjunto marplatense, ganaba la zona. <\/p>\n<\/div>\n<div class=\"sc-e7b891c4-0 ifHnQL image-embed\"><img alt=\"Gran campa\u00f1a de Telmo en la Primera Nacional.\" loading=\"lazy\" width=\"720\" height=\"100\" decoding=\"async\" data-nimg=\"1\" src=\"http:\/\/cordobadirecto.com\/wp-content\/uploads\/2024\/11\/los-tres-grandes-del-nacional-que-se-pelean-por-alfredo-grelak-1.jpg\"><span class=\"epigraphe\">Gran campa\u00f1a de Telmo en la Primera Nacional.<\/span><\/div>\n<div class=\"custom-text \" readability=\"40\">\n<p>San Telmo se qued\u00f3 en 62 puntos, producto de 18 victorias, 11 empates y nueve derrotas. Adem\u00e1s,<strong> fue el equipo que m\u00e1s goles convirti\u00f3 en su zona<\/strong> y uno de los que menos goles recibi\u00f3. Y de yapa, sufri\u00f3 la baja de Adri\u00e1n Fern\u00e1ndez, su mejor jugador, en medio del torneo. Implacable.<\/p>\n<\/div>\n<p><h2><strong>En busca de un proyecto<\/strong><\/h2>\n<\/p>\n<div class=\"custom-text \" readability=\"38\">\n<p>Hay una condici\u00f3n que comparten los tres equipos en cuesti\u00f3n: <strong>tanto Col\u00f3n como Chacarita y Ferro cambiaron de det\u00e9 en medio de la temporada<\/strong>. El Sabalero tuvo a Iv\u00e1n Delfino, Rodolfo De Paoli y Diego Osella; el Funebrero, a An\u00edbal Biggeri y Manuel Fern\u00e1ndez; y el Verde, a Jorge Cordon y al propio Biggeri.<\/p>\n<\/div>\n<div class=\"custom-text \" readability=\"36\">\n<p>Teniendo en cuenta el antecedente m\u00e1s fresco de Grelak en Telmo, y <strong>la necesidad de establecer un proyecto que permita conseguir mejores resultados<\/strong>, los tres equipos ven con buenos ojos incorporar al det\u00e9 en sus filas. Se definir\u00e1 en las pr\u00f3ximas semanas.<\/p>\n<\/div>\n<div class=\"sc-a7166897-0 eoLsBE\" readability=\"7\">\n<section readability=\"4\"><picture><img alt=\"El equipo de Tevez qued\u00f3 afuera de la Copa Potrero: ahora, a Las Vegas y con regalo para Colapinto\" loading=\"lazy\" width=\"290\" height=\"290\" decoding=\"async\" data-nimg=\"1\" src=\"http:\/\/cordobadirecto.com\/wp-content\/uploads\/2024\/11\/los-tres-grandes-del-nacional-que-se-pelean-por-alfredo-grelak-2.jpg\"><\/picture>\n<p><span>Mir\u00e1 tambi\u00e9n<\/span><\/p>\n<hr>\n<h3>El equipo de Tevez qued\u00f3 afuera de la Copa Potrero: ahora, a Las Vegas y con regalo para Colapinto<\/h3>\n<\/p>\n<\/section>\n<\/div>\n<div class=\"sc-a7166897-0 eoLsBE\" readability=\"6\">\n<section readability=\"2\"><picture><img alt=\"Barracas lleg\u00f3 al empate ante Belgrano\" loading=\"lazy\" width=\"290\" height=\"290\" decoding=\"async\" data-nimg=\"1\" src=\"http:\/\/cordobadirecto.com\/wp-content\/uploads\/2024\/11\/los-tres-grandes-del-nacional-que-se-pelean-por-alfredo-grelak-3.jpg\"><\/picture>\n<p><span>Mir\u00e1 tambi\u00e9n<\/span><\/p>\n<hr>\n<h3>Barracas lleg\u00f3 al empate ante Belgrano<\/h3>\n<\/p>\n<\/section>\n<\/div>\n<div class=\"sc-a7166897-0 eoLsBE\" readability=\"6.5\">\n<section readability=\"3\"><picture><img alt=\"Cer\u00fandolo, tras ganarle a Musetti: &quot;Jugu\u00e9 uno de los mejores partidos del a\u00f1o&quot;\" loading=\"lazy\" width=\"290\" height=\"290\" decoding=\"async\" data-nimg=\"1\" src=\"http:\/\/cordobadirecto.com\/wp-content\/uploads\/2024\/11\/los-tres-grandes-del-nacional-que-se-pelean-por-alfredo-grelak-4.jpg\"><\/picture>\n<p><span>Mir\u00e1 tambi\u00e9n<\/span><\/p>\n<hr>\n<h3>Cer\u00fandolo, tras ganarle a Musetti: &#8220;Jugu\u00e9 uno de los mejores partidos del a\u00f1o&#8221;<\/h3>\n<\/p>\n<\/section>\n<\/div>\n<div class=\"sc-a7166897-0 eoLsBE\" readability=\"6\">\n<section readability=\"2\"><picture><img alt=\"Los otros dos jugadores que Gago castig\u00f3 por motivos extrafutbol\u00edsticos\" loading=\"lazy\" width=\"290\" height=\"290\" decoding=\"async\" data-nimg=\"1\" src=\"http:\/\/cordobadirecto.com\/wp-content\/uploads\/2024\/11\/los-tres-grandes-del-nacional-que-se-pelean-por-alfredo-grelak-5.jpg\"><\/picture>\n<p><span>Mir\u00e1 tambi\u00e9n<\/span><\/p>\n<hr>\n<h3>Los otros dos jugadores que Gago castig\u00f3 por motivos extrafutbol\u00edsticos<\/h3>\n<\/p>\n<\/section>\n<\/div>\n<\/div>\n","protected":false},"excerpt":{"rendered":"<p>21\/11\/2024 18:21hs. Solo cuatro equipos contin\u00faan con acci\u00f3n en este 2024. El Reducido por el segundo ascenso a la Liga Profesional est\u00e1 en instancias de semifinales, y el resto de los clubes ya diagraman sus objetivos para encarar el pr\u00f3ximo a\u00f1o de mejor manera de lo que lo hicieron en la corriente temporada. Dentro de [&hellip;]<\/p>\n","protected":false},"author":1,"featured_media":158537,"comment_status":"closed","ping_status":"closed","sticky":false,"template":"","format":"standard","meta":[],"categories":[21],"tags":[],"_links":{"self":[{"href":"http:\/\/cordobadirecto.com\/index.php\/wp-json\/wp\/v2\/posts\/158536"}],"collection":[{"href":"http:\/\/cordobadirecto.com\/index.php\/wp-json\/wp\/v2\/posts"}],"about":[{"href":"http:\/\/cordobadirecto.com\/index.php\/wp-json\/wp\/v2\/types\/post"}],"author":[{"embeddable":true,"href":"http:\/\/cordobadirecto.com\/index.php\/wp-json\/wp\/v2\/users\/1"}],"replies":[{"embeddable":true,"href":"http:\/\/cordobadirecto.com\/index.php\/wp-json\/wp\/v2\/comments?post=158536"}],"version-history":[{"count":0,"href":"http:\/\/cordobadirecto.com\/index.php\/wp-json\/wp\/v2\/posts\/158536\/revisions"}],"wp:featuredmedia":[{"embeddable":true,"href":"http:\/\/cordobadirecto.com\/index.php\/wp-json\/wp\/v2\/media\/158537"}],"wp:attachment":[{"href":"http:\/\/cordobadirecto.com\/index.php\/wp-json\/wp\/v2\/media?parent=158536"}],"wp:term":[{"taxonomy":"category","embeddable":true,"href":"http:\/\/cordobadirecto.com\/index.php\/wp-json\/wp\/v2\/categories?post=158536"},{"taxonomy":"post_tag","embeddable":true,"href":"http:\/\/cordobadirecto.com\/index.php\/wp-json\/wp\/v2\/tags?post=158536"}],"curies":[{"name":"wp","href":"https:\/\/api.w.org\/{rel}","templated":true}]}}