{"id":158562,"date":"2024-11-22T20:30:05","date_gmt":"2024-11-22T20:30:05","guid":{"rendered":"https:\/\/cordoba.gob.ar\/?p=64521"},"modified":"2024-11-22T20:30:05","modified_gmt":"2024-11-22T20:30:05","slug":"mas-de-30-coros-una-sola-voz-llega-el-griego-coral-al-teatro-griego","status":"publish","type":"post","link":"http:\/\/cordobadirecto.com\/index.php\/2024\/11\/22\/mas-de-30-coros-una-sola-voz-llega-el-griego-coral-al-teatro-griego\/","title":{"rendered":"M\u00e1s de 30 coros, una sola voz: llega el Griego Coral al Teatro Griego"},"content":{"rendered":"<div><img src=\"http:\/\/cordobadirecto.com\/wp-content\/uploads\/2024\/11\/mas-de-30-coros-una-sola-voz-llega-el-griego-coral-al-teatro-griego.jpg\" class=\"ff-og-image-inserted\"><\/div>\n<ul>\n<li><strong>El evento ser\u00e1 este s\u00e1bado 23 de noviembre de 17:00 a 20:00.<\/strong><\/li>\n<li><strong>Bajo el lema \u00abCompartiendo la voz\u00bb, el evento incluir\u00e1 un variado repertorio coral y el estreno de la obra \u00abPasos\u00bb.<\/strong><\/li>\n<li><strong><strong>La entrada libre y gratuita.<\/strong><\/strong><br \/>\n<hr>\n<\/li>\n<\/ul>\n<p>Este s\u00e1bado, en el el emblem\u00e1tico Teatro Griego se llevar\u00e1 a cabo la cuarta edici\u00f3n del Griego Coral.<\/p>\n<p>El evento, organizado por la Secretar\u00eda de Comunicaci\u00f3n y Cultura de la Municipalidad de C\u00f3rdoba, en colaboraci\u00f3n con ADICORA (Asociaci\u00f3n de Directores de Coros de Argentina), reunir\u00e1 a m\u00e1s de 30 coros de la regi\u00f3n, quienes compartir\u00e1n su m\u00fasica en un encuentro \u00fanico de conmemoraci\u00f3n y celebraci\u00f3n.<\/p>\n<p>Bajo el lema \u00abCompartiendo la voz\u00bb, el festival, que se desarrollar\u00e1 de17:00 a 20:00 horas, ser\u00e1 una oportunidad para disfrutar de un variado repertorio coral, con entrada libre y gratuita.<\/p>\n<p>El evento se realizar\u00e1 en el coraz\u00f3n del Parque Sarmiento. Comenzar\u00e1 con una primera parte en la que los coros, organizados en grupos de 5 o 6, ofrecer\u00e1n una canci\u00f3n cada uno, brindando un acercamiento a la diversidad coral que caracteriza al festival. Luego, todos los grupos se reunir\u00e1n en una masiva pieza.<\/p>\n<p>Uno de los momentos m\u00e1s destacados ser\u00e1 el estreno de la obra <em>\u00ab<\/em>Pasos<em>\u00ab<\/em>, compuesta especialmente para esta edici\u00f3n en homenaje a las cuatro d\u00e9cadas de democracia. Esta pieza promete ser un s\u00edmbolo de uni\u00f3n y compromiso, celebrando lo mejor de la m\u00fasica coral y la memoria hist\u00f3rica.<\/p>\n<p>Los coros participantes incluyen agrupaciones de toda la regi\u00f3n, entre los que se destacan el Coro Juvenil Femenino del ISEAM Domingo Zipoli, el Coro Municipal de Malague\u00f1o, el Coro de la Facultad de Ciencias M\u00e9dicas UNC, el Coro de la Asociaci\u00f3n Civil Duarte y Quir\u00f3s, y muchos m\u00e1s.<\/p>\n<p>La grilla fue resultado de una convocatoria abierta y p\u00fablica organizada por la Secretar\u00eda de Comunicaci\u00f3n y Cultura y ADICORA a trav\u00e9s de la cual se inscribieron m\u00e1s de 30 agrupaciones corales.<\/p>\n<p><strong>Estos son los coros participantes<\/strong><\/p>\n<ul class=\"ak-ul\">\n<li>Coro Juvenil Femenino del ISEAM Domingo Zipoli<\/li>\n<li>Coro Municipal de Malag\u00fce\u00f1o<\/li>\n<li>Zarzamoras<\/li>\n<li>Celtic Voice<\/li>\n<li>Coro de la Facultad de Ciencias M\u00e9dicas UNC<\/li>\n<li>Jazz Coral<\/li>\n<li>Coro Vor\u00e1gine<\/li>\n<li>Coral Surcanta<\/li>\n<li>Coral de los Patios<\/li>\n<li>Escuela Mantovani<\/li>\n<li>Las voces del nogal<\/li>\n<li>Coro Feminista Luna Verde<\/li>\n<li>Coro de Ni\u00f1os Cantores de la Ciudad<\/li>\n<li>R\u00edo Canta<\/li>\n<li>Coro de la Asociaci\u00f3n Civil Duarte y Quir\u00f3s<\/li>\n<li>Coro de la escuela Mantovani<\/li>\n<li>CANTOR\u00cdA DE LA MERCED<\/li>\n<li>Coro A Viva Voz<\/li>\n<li>Coro vecinal de la municipalidad de Carlos paz<\/li>\n<li>Coral del Poeta<\/li>\n<li>Coral Mala Junta<\/li>\n<li>Coro jubinar<\/li>\n<li>Coro ACIC<\/li>\n<li>VOCES 21 (Universidad Siglo 21)<\/li>\n<li>Estudio Coral Matices<\/li>\n<li>Coro Municipal de Unquillo<\/li>\n<li>Coro Un\u00edsono<\/li>\n<li>Coro de la Iglesia de Jesucristo<\/li>\n<li>Honrar la Vida \u2013 AGEC<\/li>\n<li>Coro Para la Libertad<\/li>\n<li>Coro LIBRE VUELO \u2013 del Centro Vasco de C\u00f3rdoba<\/li>\n<li>Coro ROSARITO VERA, Maestra. De la Asociaci\u00f3n Mutualista del Docente<\/li>\n<li>Coral Don Bosco<\/li>\n<li>Vocal Montecristo<\/li>\n<li>Coro Juvenil Municipal<\/li>\n<\/ul>\n","protected":false},"excerpt":{"rendered":"<p>El evento ser\u00e1 este s\u00e1bado 23 de noviembre de 17:00 a 20:00. Bajo el lema \u00abCompartiendo la voz\u00bb, el evento incluir\u00e1 un variado repertorio coral y el estreno de la obra \u00abPasos\u00bb. La entrada libre y gratuita. Este s\u00e1bado, en el el emblem\u00e1tico Teatro Griego se llevar\u00e1 a cabo la cuarta edici\u00f3n del Griego Coral. [&hellip;]<\/p>\n","protected":false},"author":1,"featured_media":158563,"comment_status":"closed","ping_status":"closed","sticky":false,"template":"","format":"standard","meta":[],"categories":[44],"tags":[],"_links":{"self":[{"href":"http:\/\/cordobadirecto.com\/index.php\/wp-json\/wp\/v2\/posts\/158562"}],"collection":[{"href":"http:\/\/cordobadirecto.com\/index.php\/wp-json\/wp\/v2\/posts"}],"about":[{"href":"http:\/\/cordobadirecto.com\/index.php\/wp-json\/wp\/v2\/types\/post"}],"author":[{"embeddable":true,"href":"http:\/\/cordobadirecto.com\/index.php\/wp-json\/wp\/v2\/users\/1"}],"replies":[{"embeddable":true,"href":"http:\/\/cordobadirecto.com\/index.php\/wp-json\/wp\/v2\/comments?post=158562"}],"version-history":[{"count":0,"href":"http:\/\/cordobadirecto.com\/index.php\/wp-json\/wp\/v2\/posts\/158562\/revisions"}],"wp:featuredmedia":[{"embeddable":true,"href":"http:\/\/cordobadirecto.com\/index.php\/wp-json\/wp\/v2\/media\/158563"}],"wp:attachment":[{"href":"http:\/\/cordobadirecto.com\/index.php\/wp-json\/wp\/v2\/media?parent=158562"}],"wp:term":[{"taxonomy":"category","embeddable":true,"href":"http:\/\/cordobadirecto.com\/index.php\/wp-json\/wp\/v2\/categories?post=158562"},{"taxonomy":"post_tag","embeddable":true,"href":"http:\/\/cordobadirecto.com\/index.php\/wp-json\/wp\/v2\/tags?post=158562"}],"curies":[{"name":"wp","href":"https:\/\/api.w.org\/{rel}","templated":true}]}}