{"id":158597,"date":"2024-11-22T17:22:35","date_gmt":"2024-11-22T17:22:35","guid":{"rendered":"https:\/\/cordoba.gob.ar\/?p=64504"},"modified":"2024-11-22T17:22:35","modified_gmt":"2024-11-22T17:22:35","slug":"passerini-firmo-convenios-de-cooperacion-con-18-municipios-y-comunas-los-gobiernos-locales-vamos-a-ser-el-puntal-de-recuperacion-de-argentina","status":"publish","type":"post","link":"http:\/\/cordobadirecto.com\/index.php\/2024\/11\/22\/passerini-firmo-convenios-de-cooperacion-con-18-municipios-y-comunas-los-gobiernos-locales-vamos-a-ser-el-puntal-de-recuperacion-de-argentina\/","title":{"rendered":"Passerini firm\u00f3 convenios de cooperaci\u00f3n con 18 municipios y comunas: \u201cLos gobiernos locales vamos a ser el puntal de recuperaci\u00f3n de Argentina\u201d"},"content":{"rendered":"<div><img src=\"http:\/\/cordobadirecto.com\/wp-content\/uploads\/2024\/11\/passerini-firmo-convenios-de-cooperacion-con-18-municipios-y-comunas-los-gobiernos-locales-vamos-a-ser-el-puntal-de-recuperacion-de-argentina.jpg\" class=\"ff-og-image-inserted\"><\/div>\n<ul>\n<li><strong><strong>Ya son 42 los Municipios y comunas que deciden trabajar junto a la Capital para brindarle a los vecinos y vecinas las mejores soluciones a sus necesidades.<\/strong><\/strong><br \/>\n<hr>\n<\/li>\n<\/ul>\n<p>En pos de seguir afianzando el trabajo conjunto centrado en los vecinos y vecinas, el intendente Daniel Passerini firm\u00f3 un acuerdo marco con 18 intendentes de municipios y comunas del territorio provincial.<\/p>\n<p>La firme decisi\u00f3n del primer mandatario de C\u00f3rdoba Capital de conectar, integrar y humanizar, configura el eje de esta r\u00fabrica de sumar comunas y municipios para intercambiar experiencias de pol\u00edticas p\u00fablicas y ejecutarlas en cada localidad.<\/p>\n<p>En ese marco, Passerini destac\u00f3: \u201cEstoy absolutamente convencido que vamos a ser muchos m\u00e1s. C\u00f3rdoba tiene una enorme fortaleza en su sistema municipal. Desde hace 25 a\u00f1os funciona un \u00e1mbito democr\u00e1tico que es la Mesa Provincia de Municipios y estos convenios son un paso m\u00e1s en esa evoluci\u00f3n\u201d.<\/p>\n<p>\u201cEstoy absolutamente convencido que es el momento en el cual los gobiernos locales vamos a ser el puntal de la recuperaci\u00f3n de la Argentina, porque tenemos sensibilidad. Podemos tener ideas diferentes, pero sostenemos un mismo objetivo que es sacar nuestros pueblos y ciudades adelante\u201d, puntualiz\u00f3 el intendente de la ciudad capital.<\/p>\n<p>En este sentido, Passerini destac\u00f3 que el Estado Nacional \u201cse ha retirado de sus obligaciones\u201d y que hay una \u201cindignaci\u00f3n selectiva\u201d que busca los problemas en los municipios: \u201cReclaman que cobramos una tasa para brindar un servicio, pero no reparan que el 27% de esa boleta tiene IVA. El Gobierno Nacional es muy federal para retener los fondos y muy unitario para no repartirla\u201d.<\/p>\n<p>Del evento, que se realiz\u00f3 en el Museo Metropolitano de Arte Urbano, participaron los intendentes Ana Paola Nanini, de Colonia Caroya; Guillermo Cavigliaso, de General Cabrera; Valeria Soledad Chicco, de Guatimoz\u00edn; Ricardo Bianchini, de Hernando; Mabel Godoy, de Quilino; Dar\u00edo Jos\u00e9 Chesta, de Rio Segundo; Edgar Yordan, de Saira; Juan Emiliano Guevara, por San Esteban; Guillermo Moyano, de Sarmiento; Carlos Oviedo, por Villa Cura Brochero; Cecilia Garay, de Villa del Totoral y Maximiliano Rivarola, de Villa Dolores.<\/p>\n<p>Tambi\u00e9n fueron parte de la r\u00fabrica los jefes comunales Mariel S\u00e1nchez, de Charbonier; N\u00e9stor Gonz\u00e1lez, de Las Caleras; Claudio Boretto, de Las Isletillas; Daniela Grosso, por Pampayasta Norte; Mar\u00eda Emilia Rodr\u00edguez por Punta del Agua; y Diego Ruiz, de Villa Ciudad Parque Los Reartes.<\/p>\n<p>En la jornada tambi\u00e9n estuvo presente Alberto Ambrosio, secretario de Integraci\u00f3n Regional y Vinculaci\u00f3n Institucional, quien expres\u00f3: \u00abAs\u00ed como fue un enorme placer visitarlos en cada comuna, en cada pueblo y ciudad, hoy es una gran alegr\u00eda recibirlos, porque se fortalecen los v\u00ednculos y sentimos que cumplimos con nuestra obligaci\u00f3n de integrar a la Capital con todos los municipios, tal como nos pidi\u00f3 el intendente Passerini al comienzo de la gesti\u00f3n\u00bb.<\/p>\n<p>Por su parte, la intendenta de Colonia Caroya, Ana Paola Nanini, expres\u00f3 \u00abEs una satisfacci\u00f3n muy grande, para nosotros que vivimos en el interior provincial, poder compartir experiencias, recabar informaci\u00f3n, ver c\u00f3mo trabajan en cuestiones que son muy importantes y que la Capital ya pudo resolver. Vamos a tomar lo que vemos y aplicar en nuestras comunidades. Sumamos para crecer\u00bb.<\/p>\n<p>En la actividad tambi\u00e9n se encontraba presente una comitiva de alcaldes provenientes de Chile, en misi\u00f3n para observar el trabajo que se realiza desde la Municipalidad de C\u00f3rdoba en materia ambiental.<\/p>\n<p>\u201cCelebro esta iniciativa del Municipio de C\u00f3rdoba. Es importante ver lo que hacen las grandes ciudades, ya que generalmente tenemos las mismas necesidades, nada m\u00e1s que a escalas muy diferentes. Para nosotros es importante salir, intercambiar experiencias, generar y tender redes\u201d, fueron las palabras expresadas por el intendente de General Cabrera, Guillermo Cavigliaso.<\/p>\n<p>Los 18 intendentes y jefes comunales firmantes, m\u00e1s los 24 que ya lo hab\u00edan realizado a lo largo del a\u00f1o, participaron de un taller en donde pudieron compartir experiencias adquiridas e interactuar con los funcionarios locales: H\u00e9ctor Campana, secretario de Fortalecimiento Vecinal y Deportes; Jorge Folloni, secretario de Ambiente Sustentable y Econom\u00eda Circular; Ariel Aleksandroff, secretario de Salud; Juan Domingo Viola, secretario de Participaci\u00f3n Ciudadana y Juventud; Juan Manuel Araoz, Administrador General de la Justicia Administrativa Municipal de Faltas; y Marcelo Valdomero, subsecretario de Turismo.<\/p>\n<p>Tambi\u00e9n mostraron el trabajo que se realiza desde el Municipio el secretario de Seguridad y Prevenci\u00f3n Comunitaria, Claudio Vignetta; el secretario de Desarrollo Urbano, Diego Peralta; el secretario de Comunicaci\u00f3n y Cultura, Mariano Almada; el director del Instituto de Planificaci\u00f3n Municipal (IPLAMU), Juan Carlos Mansilla; la subsecretaria de Derechos Humanos, Mujeres G\u00e9neros y Diversidades, Miriam Londero; la presidenta de Cormecor, Constanza Mias; la subsecretaria de Empleo, Geraldina Pero; y la presidenta de C\u00f3rdoba Acelera, Mariela Bercovich.<\/p>\n","protected":false},"excerpt":{"rendered":"<p>Ya son 42 los Municipios y comunas que deciden trabajar junto a la Capital para brindarle a los vecinos y vecinas las mejores soluciones a sus necesidades. En pos de seguir afianzando el trabajo conjunto centrado en los vecinos y vecinas, el intendente Daniel Passerini firm\u00f3 un acuerdo marco con 18 intendentes de municipios y [&hellip;]<\/p>\n","protected":false},"author":1,"featured_media":158598,"comment_status":"closed","ping_status":"closed","sticky":false,"template":"","format":"standard","meta":[],"categories":[44],"tags":[],"_links":{"self":[{"href":"http:\/\/cordobadirecto.com\/index.php\/wp-json\/wp\/v2\/posts\/158597"}],"collection":[{"href":"http:\/\/cordobadirecto.com\/index.php\/wp-json\/wp\/v2\/posts"}],"about":[{"href":"http:\/\/cordobadirecto.com\/index.php\/wp-json\/wp\/v2\/types\/post"}],"author":[{"embeddable":true,"href":"http:\/\/cordobadirecto.com\/index.php\/wp-json\/wp\/v2\/users\/1"}],"replies":[{"embeddable":true,"href":"http:\/\/cordobadirecto.com\/index.php\/wp-json\/wp\/v2\/comments?post=158597"}],"version-history":[{"count":0,"href":"http:\/\/cordobadirecto.com\/index.php\/wp-json\/wp\/v2\/posts\/158597\/revisions"}],"wp:featuredmedia":[{"embeddable":true,"href":"http:\/\/cordobadirecto.com\/index.php\/wp-json\/wp\/v2\/media\/158598"}],"wp:attachment":[{"href":"http:\/\/cordobadirecto.com\/index.php\/wp-json\/wp\/v2\/media?parent=158597"}],"wp:term":[{"taxonomy":"category","embeddable":true,"href":"http:\/\/cordobadirecto.com\/index.php\/wp-json\/wp\/v2\/categories?post=158597"},{"taxonomy":"post_tag","embeddable":true,"href":"http:\/\/cordobadirecto.com\/index.php\/wp-json\/wp\/v2\/tags?post=158597"}],"curies":[{"name":"wp","href":"https:\/\/api.w.org\/{rel}","templated":true}]}}