{"id":158601,"date":"2024-11-22T13:12:41","date_gmt":"2024-11-22T13:12:41","guid":{"rendered":"https:\/\/cordoba.gob.ar\/?p=64495"},"modified":"2024-11-22T13:12:41","modified_gmt":"2024-11-22T13:12:41","slug":"passerini-recibio-a-delegacion-de-concejales-de-chile-en-mision-para-conocer-las-politicas-ambientales-de-la-municipalidad-de-cordoba","status":"publish","type":"post","link":"http:\/\/cordobadirecto.com\/index.php\/2024\/11\/22\/passerini-recibio-a-delegacion-de-concejales-de-chile-en-mision-para-conocer-las-politicas-ambientales-de-la-municipalidad-de-cordoba\/","title":{"rendered":"Passerini recibi\u00f3 a delegaci\u00f3n de concejales de Chile, en misi\u00f3n para conocer las pol\u00edticas ambientales de la Municipalidad de C\u00f3rdoba"},"content":{"rendered":"<div><img src=\"http:\/\/cordobadirecto.com\/wp-content\/uploads\/2024\/11\/passerini-recibio-a-delegacion-de-concejales-de-chile-en-mision-para-conocer-las-politicas-ambientales-de-la-municipalidad-de-cordoba.jpg\" class=\"ff-og-image-inserted\"><\/div>\n<ul class=\"ak-ul\">\n<li><strong>\u201cEl faro en materia de Econom\u00eda Circular en Latinoam\u00e9rica est\u00e1 ac\u00e1\u201d, afirm\u00f3 el el asesor de la Asociaci\u00f3n Chilena de Municipalidades.<\/strong><\/li>\n<li><strong>En su visita recorrieron m\u00faltiples espacios de la ciudad que tienen como foco el cuidado de la casa com\u00fan y la promoci\u00f3n de empleos verdes.<\/strong><\/li>\n<\/ul>\n<hr>\n<p>El intendente Daniel Passerini recibi\u00f3 a un comit\u00e9 chileno con 13 autoridades del pa\u00eds vecino, que incluy\u00f3 mayormente a concejales de distintos municipios y miembros de la Asociaci\u00f3n Chilena de Municipalidades (AChM).<\/p>\n<p>La comitiva pas\u00f3 por C\u00f3rdoba para conocer las pol\u00edticas p\u00fablicas en materia ambiental que impulsa la Municipalidad de C\u00f3rdoba.<\/p>\n<p>\u201cNosotros siempre vamos a apostar y a decidir esta forma de trabajar en conjunto y recopilar experiencias. Un buen intendente es el que ve, copia bien y adapta mejor. Sabemos que las ciudades son distintas pero que tenemos problemas parecidos. Y el desaf\u00edo de la pol\u00edtica es construir soluciones\u201d, afirm\u00f3 Passerini.<\/p>\n<p>El grupo estuvo compuesto por ediles de los municipios de La Cisterna, Melipilla, Castro y Pe\u00f1alol\u00e9n, as\u00ed como tambi\u00e9n por \u00c1lvaro Ortiz, exalcalde de Concepci\u00f3n y autoridades de la Asociaci\u00f3n Chilena de Municipalidades (AChM).<\/p>\n<p>\u201cNuestra bandera es la econom\u00eda circular y el desarrollo sostenible, con empleos verdes y un modelo econ\u00f3mico inclusivo y ambiental\u201d, asegur\u00f3 el secretario de Ambiente Sustentable y Econom\u00eda Circular, Jorge Folloni.<\/p>\n<p>La Municipalidad de C\u00f3rdoba lleva adelante un importante trabajo en t\u00e9rminos de impulso de la Econom\u00eda Circular, optimizaci\u00f3n de los recursos y puesta en valor y mantenimiento de los espacios p\u00fablicos, entre otras propuestas de valor ambiental.<\/p>\n<p>En los \u00faltimos d\u00edas, la delegaci\u00f3n recorri\u00f3 el Polo Ambiental Rub\u00e9n Am\u00e9rico Mart\u00ed (compuesto por la Universidad Libre del Ambiente, el Jard\u00edn Bot\u00e1nico y la sede del Instituto de Protecci\u00f3n Ambiental y Animal), el Parque de Econom\u00eda Circular, la Escuela de Econom\u00eda Circular, el Parque de la Biodiversidad y las sedes de Cormecor y de la empresa Terra.<\/p>\n<p>\u201cEl faro en materia de Econom\u00eda Circular en Latinoam\u00e9rica est\u00e1 ac\u00e1, no s\u00f3lo por la cumbre de Econom\u00eda Circular, sino por todo lo que hemos logrado ver\u201d, asegur\u00f3 el asesor de la AChM, Cristian Guti\u00e9rrez.<\/p>\n<p>Tambi\u00e9n estuvieron presentes el secretario de Integraci\u00f3n Regional y Vinculaci\u00f3n Institucional, Alberto Ambrosio; el director del IPA, Daniel Cardozo; y el coordinador de la AChM, Juan Salinas.<\/p>\n<p>El trabajo conjunto con autoridades de otras ciudades y personas que ejercen o ejercieron cargos p\u00fablicos promueve el intercambio de conocimiento y experiencias para mejorar los servicios.<\/p>\n","protected":false},"excerpt":{"rendered":"<p>\u201cEl faro en materia de Econom\u00eda Circular en Latinoam\u00e9rica est\u00e1 ac\u00e1\u201d, afirm\u00f3 el el asesor de la Asociaci\u00f3n Chilena de Municipalidades. En su visita recorrieron m\u00faltiples espacios de la ciudad que tienen como foco el cuidado de la casa com\u00fan y la promoci\u00f3n de empleos verdes. El intendente Daniel Passerini recibi\u00f3 a un comit\u00e9 chileno [&hellip;]<\/p>\n","protected":false},"author":1,"featured_media":158602,"comment_status":"closed","ping_status":"closed","sticky":false,"template":"","format":"standard","meta":[],"categories":[44],"tags":[],"_links":{"self":[{"href":"http:\/\/cordobadirecto.com\/index.php\/wp-json\/wp\/v2\/posts\/158601"}],"collection":[{"href":"http:\/\/cordobadirecto.com\/index.php\/wp-json\/wp\/v2\/posts"}],"about":[{"href":"http:\/\/cordobadirecto.com\/index.php\/wp-json\/wp\/v2\/types\/post"}],"author":[{"embeddable":true,"href":"http:\/\/cordobadirecto.com\/index.php\/wp-json\/wp\/v2\/users\/1"}],"replies":[{"embeddable":true,"href":"http:\/\/cordobadirecto.com\/index.php\/wp-json\/wp\/v2\/comments?post=158601"}],"version-history":[{"count":0,"href":"http:\/\/cordobadirecto.com\/index.php\/wp-json\/wp\/v2\/posts\/158601\/revisions"}],"wp:featuredmedia":[{"embeddable":true,"href":"http:\/\/cordobadirecto.com\/index.php\/wp-json\/wp\/v2\/media\/158602"}],"wp:attachment":[{"href":"http:\/\/cordobadirecto.com\/index.php\/wp-json\/wp\/v2\/media?parent=158601"}],"wp:term":[{"taxonomy":"category","embeddable":true,"href":"http:\/\/cordobadirecto.com\/index.php\/wp-json\/wp\/v2\/categories?post=158601"},{"taxonomy":"post_tag","embeddable":true,"href":"http:\/\/cordobadirecto.com\/index.php\/wp-json\/wp\/v2\/tags?post=158601"}],"curies":[{"name":"wp","href":"https:\/\/api.w.org\/{rel}","templated":true}]}}