{"id":158603,"date":"2024-11-23T15:51:43","date_gmt":"2024-11-23T15:51:43","guid":{"rendered":"https:\/\/puntoapunto.com.ar\/?p=367631"},"modified":"2024-11-23T15:51:43","modified_gmt":"2024-11-23T15:51:43","slug":"bausili-en-cordoba-al-cepo-lo-mantenemos-por-una-cuestion-de-flujos","status":"publish","type":"post","link":"http:\/\/cordobadirecto.com\/index.php\/2024\/11\/23\/bausili-en-cordoba-al-cepo-lo-mantenemos-por-una-cuestion-de-flujos\/","title":{"rendered":"Bausili en C\u00f3rdoba: \u00abal cepo lo mantenemos por una cuesti\u00f3n de flujos\u00bb"},"content":{"rendered":"<div class=\"g g-36\">\n<div class=\"g-dyn a-29 c-1\"><a class=\"gofollow\" data-track=\"MjksMzYsMSw2MA==\" href=\"https:\/\/www.harmoniechateau.com.ar\/\" target=\"_blank\" rel=\"noopener\"><img src=\"http:\/\/cordobadirecto.com\/wp-content\/uploads\/2024\/11\/bausili-en-cordoba-al-cepo-lo-mantenemos-por-una-cuestion-de-flujos.gif\" loading=\"lazy\"><\/a><\/div>\n<\/div>\n<p>&nbsp;\n<\/p>\n<p>El presidente del Banco Central de la Rep\u00fablica Argentina (BCRA), Santiago Bausili, encabez\u00f3 una destacada jornada de an\u00e1lisis en la Bolsa de Comercio de C\u00f3rdoba (BCC). El encuentro fue parte del ciclo de coyuntura de la instituci\u00f3n y cont\u00f3 con la participaci\u00f3n de Guido Sandleris, presidente de la Fundaci\u00f3n Ecosur y profesor de la Universidad Torcuato Di Tella, quien ofici\u00f3 de entrevistador.\n<\/p>\n<p>La apertura del evento estuvo a cargo de Manuel Tagle, presidente de la Bolsa de Comercio de C\u00f3rdoba, quien ofreci\u00f3 una reflexi\u00f3n sobre el panorama econ\u00f3mico actual. \u00abMilei est\u00e1 rompiendo con todos los relojes. Es admirable c\u00f3mo ha mantenido firmeza y coherencia en la implementaci\u00f3n de las ideas que planteaba antes de asumir\u00bb, afirm\u00f3 Tagle. Tambi\u00e9n destac\u00f3 la importancia de apoyar el rumbo actual: \u00abEstamos en el camino correcto. Es crucial respaldar a este gobierno en su tarea de ordenar la econom\u00eda de manera urgente\u00bb.\n<\/p>\n<p>Tagle subray\u00f3 la continuidad entre las gestiones de Mauricio Macri y Javier Milei: \u00abMacri inici\u00f3 un proceso que Milei est\u00e1 completando. Esto garantiza una l\u00ednea de trabajo clara hacia la libertad econ\u00f3mica\u00bb. Adem\u00e1s, destac\u00f3 la baja de la inflaci\u00f3n como un hecho in\u00e9dito: \u00abEstamos creciendo en un contexto de ajuste fiscal y monetario fuerte, algo que no hab\u00edamos visto antes\u00bb.<!-- \u00a1O bien no hay banners, estan desactivados o no estan programados para esta ubicaci\u00f3n! -->\n<\/p>\n<p>El presidente de la BCC tambi\u00e9n abog\u00f3 por la apertura econ\u00f3mica como un paso necesario para consolidar el orden macroecon\u00f3mico: \u00abEl pa\u00eds necesita superar su resistencia a abrir la econom\u00eda. Esto no solo reducir\u00e1 la inflaci\u00f3n, sino que har\u00e1 m\u00e1s atractivo al pa\u00eds para nuevas inversiones\u00bb.<\/p>\n<p><strong>Bausili dixit.<\/strong> Durante su intervenci\u00f3n, Santiago Bausili resalt\u00f3 avances significativos en materia econ\u00f3mica y comparti\u00f3 una perspectiva optimista para 2024. \u00abHace 60 d\u00edas comenzamos a respirar un aire diferente en Argentina. El riesgo pa\u00eds cay\u00f3 a la mitad, un cambio notable considerando el fortalecimiento del d\u00f3lar y la devaluaci\u00f3n de monedas vecinas como el real brasile\u00f1o\u00bb, destac\u00f3.\n<\/p>\n<p>El titular del BCRA enfatiz\u00f3 que la estabilidad econ\u00f3mica comienza a reflejarse en las expectativas del mercado: \u00abDesde agosto, entramos en una nueva etapa. Para 2024, las proyecciones apuntan a una inflaci\u00f3n del 19,5%\u00bb.\n<\/p>\n<p>Bausili tambi\u00e9n abord\u00f3 cuestiones clave:\n<\/p>\n<p><strong>Oferta monetaria:<\/strong>&nbsp;\u00abEl Banco Central ya no tiene pasivos remunerados ni financia el d\u00e9ficit fiscal con emisi\u00f3n monetaria\u00bb.\n<\/p>\n<p><strong>Demanda de pesos:<\/strong>&nbsp;\u00abEl peso argentino se ha vuelto m\u00e1s escaso y valioso, lo que genera mayor estabilidad en el sistema\u00bb.\n<\/p>\n<p><strong>Disponibilidad de d\u00f3lares:<\/strong>&nbsp;\u00abGracias al super\u00e1vit comercial y al blanqueo, contamos con 21.000 millones de d\u00f3lares adicionales\u00bb.\n<\/p>\n<p><strong>Cepo cambiario:<\/strong>&nbsp;\u00abLo mantenemos por razones de flujos, pero seguimos desarm\u00e1ndolo gradualmente\u00bb.\n<\/p>\n<p><strong>Tipo de cambio:<\/strong>&nbsp;\u00abEs una variable crucial para garantizar la competitividad del pa\u00eds\u00bb.\n<\/p>\n<p>Respecto a la baja de la inflaci\u00f3n, Bausili reconoci\u00f3 que los avances han sido m\u00e1s r\u00e1pidos de lo esperado: \u00abLa escasez de pesos y la eliminaci\u00f3n de capas regulatorias est\u00e1n ayudando a reducir costos y fomentar la confianza en el sistema\u00bb.\n<\/p>\n<p>El evento cont\u00f3 con la presencia de figuras pol\u00edticas y empresariales, entre ellas el senador Luis Juez, el diputado Luis Picat y el ministro de Econom\u00eda y Gesti\u00f3n P\u00fablica de C\u00f3rdoba, Guillermo Acosta.\n<\/p>\n<p>Este encuentro reflej\u00f3 la confluencia de perspectivas p\u00fablicas y privadas en un momento clave para la econom\u00eda argentina, con miras a consolidar las transformaciones en marcha\n<\/p>\n<div class=\"g g-38\">\n<div class=\"g-dyn a-12 c-1\"><a class=\"gofollow\" data-track=\"MTIsMzgsMSw2MA==\" href=\"https:\/\/hospitalprivado.com.ar\/blog\/institucional\/somos-la-primera-institucion-del-interior-del-pais-en-acreditar-joint-commission-international.html\" target=\"_blank\" rel=\"noopener\"><img src=\"http:\/\/cordobadirecto.com\/wp-content\/uploads\/2024\/11\/bausili-en-cordoba-al-cepo-lo-mantenemos-por-una-cuestion-de-flujos-1.gif\" loading=\"lazy\"><\/a><\/div>\n<\/div>\n","protected":false},"excerpt":{"rendered":"<p>&nbsp; El presidente del Banco Central de la Rep\u00fablica Argentina (BCRA), Santiago Bausili, encabez\u00f3 una destacada jornada de an\u00e1lisis en la Bolsa de Comercio de C\u00f3rdoba (BCC). El encuentro fue parte del ciclo de coyuntura de la instituci\u00f3n y cont\u00f3 con la participaci\u00f3n de Guido Sandleris, presidente de la Fundaci\u00f3n Ecosur y profesor de la [&hellip;]<\/p>\n","protected":false},"author":1,"featured_media":158604,"comment_status":"closed","ping_status":"closed","sticky":false,"template":"","format":"standard","meta":[],"categories":[25],"tags":[],"_links":{"self":[{"href":"http:\/\/cordobadirecto.com\/index.php\/wp-json\/wp\/v2\/posts\/158603"}],"collection":[{"href":"http:\/\/cordobadirecto.com\/index.php\/wp-json\/wp\/v2\/posts"}],"about":[{"href":"http:\/\/cordobadirecto.com\/index.php\/wp-json\/wp\/v2\/types\/post"}],"author":[{"embeddable":true,"href":"http:\/\/cordobadirecto.com\/index.php\/wp-json\/wp\/v2\/users\/1"}],"replies":[{"embeddable":true,"href":"http:\/\/cordobadirecto.com\/index.php\/wp-json\/wp\/v2\/comments?post=158603"}],"version-history":[{"count":0,"href":"http:\/\/cordobadirecto.com\/index.php\/wp-json\/wp\/v2\/posts\/158603\/revisions"}],"wp:featuredmedia":[{"embeddable":true,"href":"http:\/\/cordobadirecto.com\/index.php\/wp-json\/wp\/v2\/media\/158604"}],"wp:attachment":[{"href":"http:\/\/cordobadirecto.com\/index.php\/wp-json\/wp\/v2\/media?parent=158603"}],"wp:term":[{"taxonomy":"category","embeddable":true,"href":"http:\/\/cordobadirecto.com\/index.php\/wp-json\/wp\/v2\/categories?post=158603"},{"taxonomy":"post_tag","embeddable":true,"href":"http:\/\/cordobadirecto.com\/index.php\/wp-json\/wp\/v2\/tags?post=158603"}],"curies":[{"name":"wp","href":"https:\/\/api.w.org\/{rel}","templated":true}]}}