{"id":158756,"date":"2024-11-26T13:13:17","date_gmt":"2024-11-26T13:13:17","guid":{"rendered":"https:\/\/cordoba.gob.ar\/?p=64451"},"modified":"2024-11-26T13:13:17","modified_gmt":"2024-11-26T13:13:17","slug":"la-cordoba-de-ayer-y-de-hoy-un-dialogo-con-las-personas-mayores","status":"publish","type":"post","link":"http:\/\/cordobadirecto.com\/index.php\/2024\/11\/26\/la-cordoba-de-ayer-y-de-hoy-un-dialogo-con-las-personas-mayores\/","title":{"rendered":"La C\u00f3rdoba de ayer y de hoy: un di\u00e1logo con las personas mayores"},"content":{"rendered":"<div><img src=\"http:\/\/cordobadirecto.com\/wp-content\/uploads\/2024\/11\/la-cordoba-de-ayer-y-de-hoy-un-dialogo-con-las-personas-mayores.jpg\" class=\"ff-og-image-inserted\"><\/div>\n<ul>\n<li><strong>El evento, que tiene como objetivo de profundizar sobre la tem\u00e1tica del espacio p\u00fablico y las personas mayores, ser\u00e1 el mi\u00e9rcoles 27, a las 18 horas.<\/strong><\/li>\n<li><strong><strong>La entrada es libre y gratuita.<\/strong><\/strong><br \/>\n<hr>\n<\/li>\n<\/ul>\n<p>En el marco del programa \u201cQu\u00e9 sabemos de C\u00f3rdoba\u201d, el mi\u00e9rcoles 27 de noviembre tendr\u00e1 lugar el encuentro \u201cEspacio p\u00fablico, Memoria y presente. En la vivencia de las personas mayores\u201d.<\/p>\n<p>El evento que se desarrollar\u00e1 en el Cabildo hist\u00f3rico de la ciudad a las 18:00 horas, abordar\u00e1 la tem\u00e1tica del espacio p\u00fablico de la ciudad, su evoluci\u00f3n en el tiempo y su v\u00ednculo con las vivencias de las personas mayores.<\/p>\n<p>La actividad pretende, adem\u00e1s, profundizar el conocimiento de la identidad cordobesa y est\u00e1 dirigida a vecinos y vecinas de la ciudad de C\u00f3rdoba, sin l\u00edmite de edad.<\/p>\n<p>En esta oportunidad expondr\u00e1n el historiador Esteban \u201cTito\u201d D\u00f3mina y el arquitecto Roberto Ferraris.<\/p>\n<p>Cabe destacar que no se requiere inscripci\u00f3n previa y los interesados deber\u00e1n concurrir al Cabildo de la Ciudad, Independencia 30.<\/p>\n<p>El evento es organizado por las Secretar\u00edas de Desarrollo Urbano Integral; Comunicaci\u00f3n y Cultura y la de Pol\u00edticas Sociales y Desarrollo Humano de la Municipalidad de C\u00f3rdoba; el IPLAMU (Instituto de Planificaci\u00f3n Municipal); Facultad de Arquitectura de la UNC, Extensi\u00f3n UNC; y Personas Mayores.<\/p>\n<p>Es importante resaltar que la actividad se suspender\u00e1 en caso de lluvia.<\/p>\n","protected":false},"excerpt":{"rendered":"<p>El evento, que tiene como objetivo de profundizar sobre la tem\u00e1tica del espacio p\u00fablico y las personas mayores, ser\u00e1 el mi\u00e9rcoles 27, a las 18 horas. La entrada es libre y gratuita. En el marco del programa \u201cQu\u00e9 sabemos de C\u00f3rdoba\u201d, el mi\u00e9rcoles 27 de noviembre tendr\u00e1 lugar el encuentro \u201cEspacio p\u00fablico, Memoria y presente. [&hellip;]<\/p>\n","protected":false},"author":1,"featured_media":158757,"comment_status":"closed","ping_status":"closed","sticky":false,"template":"","format":"standard","meta":[],"categories":[44],"tags":[],"_links":{"self":[{"href":"http:\/\/cordobadirecto.com\/index.php\/wp-json\/wp\/v2\/posts\/158756"}],"collection":[{"href":"http:\/\/cordobadirecto.com\/index.php\/wp-json\/wp\/v2\/posts"}],"about":[{"href":"http:\/\/cordobadirecto.com\/index.php\/wp-json\/wp\/v2\/types\/post"}],"author":[{"embeddable":true,"href":"http:\/\/cordobadirecto.com\/index.php\/wp-json\/wp\/v2\/users\/1"}],"replies":[{"embeddable":true,"href":"http:\/\/cordobadirecto.com\/index.php\/wp-json\/wp\/v2\/comments?post=158756"}],"version-history":[{"count":0,"href":"http:\/\/cordobadirecto.com\/index.php\/wp-json\/wp\/v2\/posts\/158756\/revisions"}],"wp:featuredmedia":[{"embeddable":true,"href":"http:\/\/cordobadirecto.com\/index.php\/wp-json\/wp\/v2\/media\/158757"}],"wp:attachment":[{"href":"http:\/\/cordobadirecto.com\/index.php\/wp-json\/wp\/v2\/media?parent=158756"}],"wp:term":[{"taxonomy":"category","embeddable":true,"href":"http:\/\/cordobadirecto.com\/index.php\/wp-json\/wp\/v2\/categories?post=158756"},{"taxonomy":"post_tag","embeddable":true,"href":"http:\/\/cordobadirecto.com\/index.php\/wp-json\/wp\/v2\/tags?post=158756"}],"curies":[{"name":"wp","href":"https:\/\/api.w.org\/{rel}","templated":true}]}}