{"id":158760,"date":"2024-11-26T17:46:47","date_gmt":"2024-11-26T17:46:47","guid":{"rendered":"https:\/\/puntoapunto.com.ar\/?p=367683"},"modified":"2024-11-26T17:46:47","modified_gmt":"2024-11-26T17:46:47","slug":"falabella-no-regresa-a-argentina-hable-con-los-duenos-y-dijeron-que-no-hay-planes-de-volver","status":"publish","type":"post","link":"http:\/\/cordobadirecto.com\/index.php\/2024\/11\/26\/falabella-no-regresa-a-argentina-hable-con-los-duenos-y-dijeron-que-no-hay-planes-de-volver\/","title":{"rendered":"Falabella no regresa a Argentina: \u00abhabl\u00e9 con los due\u00f1os y dijeron que no hay planes de volver\u00bb"},"content":{"rendered":"<div class=\"g g-36\">\n<div class=\"g-dyn a-29 c-1\"><a class=\"gofollow\" data-track=\"MjksMzYsMSw2MA==\" href=\"https:\/\/www.harmoniechateau.com.ar\/\" target=\"_blank\" rel=\"noopener\"><img src=\"http:\/\/cordobadirecto.com\/wp-content\/uploads\/2024\/11\/falabella-no-regresa-a-argentina-hable-con-los-duenos-y-dijeron-que-no-hay-planes-de-volver.gif\" loading=\"lazy\"><\/a><\/div>\n<\/div>\n<p>&nbsp;\n<\/p>\n<p>Tres a\u00f1os despu\u00e9s de su salida de Argentina, <strong>Falabella desminti\u00f3 los rumores sobre un posible regreso al pa\u00eds<\/strong>. La informaci\u00f3n fue confirmada por <strong>Tony Heinz<\/strong>, gerente de Nuevocentro Shopping, quien asegur\u00f3 haberse comunicado directamente con los responsables de la empresa.<!-- \u00a1O bien no hay banners, estan desactivados o no estan programados para esta ubicaci\u00f3n! -->\n<\/p>\n<p>\u00ab<strong>He hablado con los due\u00f1os y me confirmaron que no tienen planes de regresar a Argentina<\/strong>\u00ab, afirm\u00f3 Heinz en dialogo con <strong>Punto a Punto,<\/strong> quien a\u00f1adi\u00f3: \u00ab<strong>Escuch\u00e9 los rumores sobre el regreso y me comuniqu\u00e9 directamente con ellos, pero negaron esa informaci\u00f3n. Dijeron que no hay planes de volver<\/strong>\u00ab.\n<\/p>\n<p>La salida de <a href=\"https:\/\/puntoapunto.com.ar\/nuevocentro-invirtio-us-2-m-para-remodelar-el-espacio-que-dejo-falabella-sumo-10-000-mt2-y-mas-30-nuevos-espacios\/\">Falabella<\/a> en 2021 se dio en el contexto de un complejo panorama econ\u00f3mico y de consumo en el pa\u00eds, sumado a los desaf\u00edos globales que enfrent\u00f3 el retail durante la pandemia. Aunque en las \u00faltimas semanas surgieron especulaciones acerca de su posible retorno, <strong>la empresa dej\u00f3 en claro que esa posibilidad no est\u00e1 en su agenda inmediata.<\/strong><!-- \u00a1O bien no hay banners, estan desactivados o no estan programados para esta ubicaci\u00f3n! -->\n<\/p>\n<p>La confirmaci\u00f3n de que Falabella no regresar\u00e1 al pa\u00eds por ahora pone fin a las expectativas de muchos consumidores que esperaban la vuelta de la ic\u00f3nica tienda. Por el momento, su foco seguir\u00e1 estando en otros mercados de la regi\u00f3n.<\/p>\n<div class=\"g g-38\">\n<div class=\"g-dyn a-12 c-1\"><a class=\"gofollow\" data-track=\"MTIsMzgsMSw2MA==\" href=\"https:\/\/hospitalprivado.com.ar\/blog\/institucional\/somos-la-primera-institucion-del-interior-del-pais-en-acreditar-joint-commission-international.html\" target=\"_blank\" rel=\"noopener\"><img src=\"http:\/\/cordobadirecto.com\/wp-content\/uploads\/2024\/11\/falabella-no-regresa-a-argentina-hable-con-los-duenos-y-dijeron-que-no-hay-planes-de-volver-1.gif\" loading=\"lazy\"><\/a><\/div>\n<\/div>\n","protected":false},"excerpt":{"rendered":"<p>&nbsp; Tres a\u00f1os despu\u00e9s de su salida de Argentina, Falabella desminti\u00f3 los rumores sobre un posible regreso al pa\u00eds. La informaci\u00f3n fue confirmada por Tony Heinz, gerente de Nuevocentro Shopping, quien asegur\u00f3 haberse comunicado directamente con los responsables de la empresa. \u00abHe hablado con los due\u00f1os y me confirmaron que no tienen planes de regresar [&hellip;]<\/p>\n","protected":false},"author":1,"featured_media":158761,"comment_status":"closed","ping_status":"closed","sticky":false,"template":"","format":"standard","meta":[],"categories":[25],"tags":[],"_links":{"self":[{"href":"http:\/\/cordobadirecto.com\/index.php\/wp-json\/wp\/v2\/posts\/158760"}],"collection":[{"href":"http:\/\/cordobadirecto.com\/index.php\/wp-json\/wp\/v2\/posts"}],"about":[{"href":"http:\/\/cordobadirecto.com\/index.php\/wp-json\/wp\/v2\/types\/post"}],"author":[{"embeddable":true,"href":"http:\/\/cordobadirecto.com\/index.php\/wp-json\/wp\/v2\/users\/1"}],"replies":[{"embeddable":true,"href":"http:\/\/cordobadirecto.com\/index.php\/wp-json\/wp\/v2\/comments?post=158760"}],"version-history":[{"count":0,"href":"http:\/\/cordobadirecto.com\/index.php\/wp-json\/wp\/v2\/posts\/158760\/revisions"}],"wp:featuredmedia":[{"embeddable":true,"href":"http:\/\/cordobadirecto.com\/index.php\/wp-json\/wp\/v2\/media\/158761"}],"wp:attachment":[{"href":"http:\/\/cordobadirecto.com\/index.php\/wp-json\/wp\/v2\/media?parent=158760"}],"wp:term":[{"taxonomy":"category","embeddable":true,"href":"http:\/\/cordobadirecto.com\/index.php\/wp-json\/wp\/v2\/categories?post=158760"},{"taxonomy":"post_tag","embeddable":true,"href":"http:\/\/cordobadirecto.com\/index.php\/wp-json\/wp\/v2\/tags?post=158760"}],"curies":[{"name":"wp","href":"https:\/\/api.w.org\/{rel}","templated":true}]}}