{"id":158762,"date":"2024-11-26T21:13:39","date_gmt":"2024-11-26T21:13:39","guid":{"rendered":"http:\/\/cordobadirecto.com\/index.php\/2024\/11\/26\/llaryora-advirtio-que-se-necesita-una-politica-industrial-inteligente-hoy-dia-cordoba\/"},"modified":"2024-11-26T21:13:39","modified_gmt":"2024-11-26T21:13:39","slug":"llaryora-advirtio-que-se-necesita-una-politica-industrial-inteligente-hoy-dia-cordoba","status":"publish","type":"post","link":"http:\/\/cordobadirecto.com\/index.php\/2024\/11\/26\/llaryora-advirtio-que-se-necesita-una-politica-industrial-inteligente-hoy-dia-cordoba\/","title":{"rendered":"Llaryora advirti\u00f3 que se necesita una \u00abpol\u00edtica industrial inteligente &#8211; Hoy D\u00eda C\u00f3rdoba"},"content":{"rendered":"<p>El gobernador disert\u00f3 en la 30 Conferencia Industrial de la Uni\u00f3n Industrial Argentina. <\/p>\n","protected":false},"excerpt":{"rendered":"<p>El gobernador disert\u00f3 en la 30 Conferencia Industrial de la Uni\u00f3n Industrial Argentina.<\/p>\n","protected":false},"author":1,"featured_media":0,"comment_status":"closed","ping_status":"closed","sticky":false,"template":"","format":"standard","meta":[],"categories":[40],"tags":[],"_links":{"self":[{"href":"http:\/\/cordobadirecto.com\/index.php\/wp-json\/wp\/v2\/posts\/158762"}],"collection":[{"href":"http:\/\/cordobadirecto.com\/index.php\/wp-json\/wp\/v2\/posts"}],"about":[{"href":"http:\/\/cordobadirecto.com\/index.php\/wp-json\/wp\/v2\/types\/post"}],"author":[{"embeddable":true,"href":"http:\/\/cordobadirecto.com\/index.php\/wp-json\/wp\/v2\/users\/1"}],"replies":[{"embeddable":true,"href":"http:\/\/cordobadirecto.com\/index.php\/wp-json\/wp\/v2\/comments?post=158762"}],"version-history":[{"count":0,"href":"http:\/\/cordobadirecto.com\/index.php\/wp-json\/wp\/v2\/posts\/158762\/revisions"}],"wp:attachment":[{"href":"http:\/\/cordobadirecto.com\/index.php\/wp-json\/wp\/v2\/media?parent=158762"}],"wp:term":[{"taxonomy":"category","embeddable":true,"href":"http:\/\/cordobadirecto.com\/index.php\/wp-json\/wp\/v2\/categories?post=158762"},{"taxonomy":"post_tag","embeddable":true,"href":"http:\/\/cordobadirecto.com\/index.php\/wp-json\/wp\/v2\/tags?post=158762"}],"curies":[{"name":"wp","href":"https:\/\/api.w.org\/{rel}","templated":true}]}}