{"id":158779,"date":"2024-11-26T23:13:22","date_gmt":"2024-11-26T23:13:22","guid":{"rendered":"https:\/\/www.ole.com.ar\/autos\/gigantografia-franco-colapinto-fangio-reutemann-automovil-club-argentino-aca_0_lYv9jKZdXy.html"},"modified":"2024-11-26T23:13:22","modified_gmt":"2024-11-26T23:13:22","slug":"colapinto-fangio-y-reutemann-unidos-en-una-tremenda-gigantografia","status":"publish","type":"post","link":"http:\/\/cordobadirecto.com\/index.php\/2024\/11\/26\/colapinto-fangio-y-reutemann-unidos-en-una-tremenda-gigantografia\/","title":{"rendered":"Colapinto, Fangio y Reutemann, unidos en una tremenda gigantograf\u00eda"},"content":{"rendered":"<p><time class=\"createDate\" datetime=\"2024-11-26T20:13:22-03:00\">26\/11\/2024 20:13hs.<\/time><\/p>\n<div id=\"storyBody\">\n<div class=\"custom-text \" readability=\"46\">\n<p>Si se le ped\u00eda a un argentino que dijera lo primero que se le ven\u00eda a la cabeza al escuchar &#8220;F\u00f3rmula 1&#8221;, lo m\u00e1s probable era que respondiera <strong>&#8220;Fangio&#8221; o &#8220;Reutemann&#8221;<\/strong>. Uno, el Chueco, puso al pa\u00eds en el mapa al ganar cinco t\u00edtulos en la M\u00e1xima. El otro, el Lole, caus\u00f3 que la gente volviera a levantarse temprano y so\u00f1ara con victorias. <strong>Pero en la actualidad hay un tercero<\/strong>, \u00eddolo de pibitos que confiesan que alg\u00fan d\u00eda quieren ser como \u00e9l, y es <strong>Franco Colapinto<\/strong>, el primer albiceleste en la categor\u00eda en 23 a\u00f1os. Desde este martes, en el edificio del ACA, en plena Avenida Libertador, <strong>una gigantograf\u00eda une a estas tres figuras fierreras.<\/strong><\/p>\n<\/div>\n<div class=\"custom-text \" readability=\"41\">\n<p>Como parte de las celebraciones por el <strong>120 aniversario de la fundaci\u00f3n del Autom\u00f3vil Club Argentino (ACA)<\/strong>, y bajo el lema \u201cM\u00e1s de un siglo impulsando tu camino\u201d, la instituci\u00f3n se uni\u00f3 a <strong>YPF <\/strong>para colgar un cartel gigante en homenaje a los tres emblemas, unos del ayer y otros del hoy. En total, la imagen mide <strong>36,5 metros de base x 20 metros de altura<\/strong>, y es la m\u00e1s grande en su tipo en homenajear a pilotos argentinos que hayan corrido en la F\u00f3rmula 1.<\/p>\n<\/div>\n<div class=\"sc-e7b891c4-0 ifHnQL image-embed\"><img alt=\"As\u00ed se ve la gigantograf\u00eda ubicada en la Avenida Libertador.\" loading=\"lazy\" width=\"720\" height=\"100\" decoding=\"async\" data-nimg=\"1\" src=\"http:\/\/cordobadirecto.com\/wp-content\/uploads\/2024\/11\/colapinto-fangio-y-reutemann-unidos-en-una-tremenda-gigantografia.jpg\"><span class=\"epigraphe\">As\u00ed se ve la gigantograf\u00eda ubicada en la Avenida Libertador.<\/span><\/div>\n<div class=\"custom-text \" readability=\"41\">\n<p>Vale destacar que el ACA se sum\u00f3 a la FIA, la entidad responsable por la organizaci\u00f3n de las carreras de F\u00f3rmula 1, en 1926. Junto a ella, la asociaci\u00f3n organiz\u00f3 una innumerable cantidad de eventos automovil\u00edsticos en Argentina, <strong>incluyendo el Gran Premio que, desde 1953 y en diferentes etapas, fue parte del calendario de la categor\u00eda.<\/strong><\/p>\n<\/div>\n<p><h2><strong>Colapinto, Fangio y Reutemann, tres figuras de distintas generaciones<\/strong><\/h2>\n<\/p>\n<div class=\"custom-text \" readability=\"40\">\n<p>En torno al homenaje, el presidente de la Comisi\u00f3n Directiva del ACA, C\u00e9sar Carman, asegur\u00f3: \u201cRepresentar a la Argentina en el automovilismo mundial es para el Club una tarea fundamental y<strong> los logros de conductores como Fangio, Reutemann, y ahora Colapinto nos llenan de orgullo y son el resultado de ese esfuerzo<\/strong>\u201d.<\/p>\n<\/div>\n<div class=\"custom-text \" readability=\"39\">\n<p>Acerca de la promoci\u00f3n del automovilismo, y de que m\u00e1s argentinos lleguen lejos en esta actividad, el directivo expuso: &#8220;<strong>Luchar por verlos en lo m\u00e1s alto del podio es para esta instituci\u00f3n una misi\u00f3n permanente<\/strong>, y, m\u00e1s a\u00fan, que alg\u00fan d\u00eda vuelvan a hacerlo en suelo argentino&#8221;.<\/p>\n<\/div>\n<div class=\"sc-e7b891c4-0 ifHnQL image-embed\"><img alt=\"Franco Colapinto volver\u00e1 a correr el pr\u00f3ximo fin de semana en Qatar. (Williams Racing)\" loading=\"lazy\" width=\"720\" height=\"100\" decoding=\"async\" data-nimg=\"1\" src=\"http:\/\/cordobadirecto.com\/wp-content\/uploads\/2024\/11\/colapinto-fangio-y-reutemann-unidos-en-una-tremenda-gigantografia-1.jpg\"><span class=\"epigraphe\">Franco Colapinto volver\u00e1 a correr el pr\u00f3ximo fin de semana en Qatar. (Williams Racing)<\/span><\/div>\n<div class=\"sc-a7166897-0 eoLsBE\" readability=\"6\">\n<section readability=\"2\"><picture><img alt=\"\u00a1No te pierdas el poster de Colapinto con tu Ol\u00e9!\" loading=\"lazy\" width=\"290\" height=\"290\" decoding=\"async\" data-nimg=\"1\" src=\"http:\/\/cordobadirecto.com\/wp-content\/uploads\/2024\/11\/colapinto-fangio-y-reutemann-unidos-en-una-tremenda-gigantografia-2.jpg\"><\/picture>\n<p><span>Mir\u00e1 tambi\u00e9n<\/span><\/p>\n<hr>\n<h3>\u00a1No te pierdas el poster de Colapinto con tu Ol\u00e9!<\/h3>\n<\/p>\n<\/section>\n<\/div>\n<div class=\"sc-a7166897-0 eoLsBE\" readability=\"6\">\n<section readability=\"2\"><picture><img alt=\"La reacci\u00f3n de la jefa de prensa que acompa\u00f1a a Colapinto a todos lados\" loading=\"lazy\" width=\"290\" height=\"290\" decoding=\"async\" data-nimg=\"1\" src=\"http:\/\/cordobadirecto.com\/wp-content\/uploads\/2024\/11\/colapinto-fangio-y-reutemann-unidos-en-una-tremenda-gigantografia-3.jpg\"><\/picture>\n<p><span>Mir\u00e1 tambi\u00e9n<\/span><\/p>\n<hr>\n<h3>La reacci\u00f3n de la jefa de prensa que acompa\u00f1a a Colapinto a todos lados<\/h3>\n<\/p>\n<\/section>\n<\/div>\n<div class=\"sc-a7166897-0 eoLsBE\" readability=\"6\">\n<section readability=\"2\"><picture><img alt=\"La banca de Hamilton para Colapinto y el piber\u00edo de la F\u00f3rmula 1\" loading=\"lazy\" width=\"290\" height=\"290\" decoding=\"async\" data-nimg=\"1\" src=\"http:\/\/cordobadirecto.com\/wp-content\/uploads\/2024\/11\/colapinto-fangio-y-reutemann-unidos-en-una-tremenda-gigantografia-4.jpg\"><\/picture>\n<p><span>Mir\u00e1 tambi\u00e9n<\/span><\/p>\n<hr>\n<h3>La banca de Hamilton para Colapinto y el piber\u00edo de la F\u00f3rmula 1<\/h3>\n<\/p>\n<\/section>\n<\/div>\n<div class=\"sc-a7166897-0 eoLsBE\" readability=\"7\">\n<section readability=\"4\"><picture><img alt=\"Qui\u00e9n es Nicol\u00e1s Varrone, el otro piloto argentino que se ilusiona con llegar a la F\u00f3rmula 1\" loading=\"lazy\" width=\"290\" height=\"290\" decoding=\"async\" data-nimg=\"1\" src=\"http:\/\/cordobadirecto.com\/wp-content\/uploads\/2024\/11\/colapinto-fangio-y-reutemann-unidos-en-una-tremenda-gigantografia-5.jpg\"><\/picture>\n<p><span>Mir\u00e1 tambi\u00e9n<\/span><\/p>\n<hr>\n<h3>Qui\u00e9n es Nicol\u00e1s Varrone, el otro piloto argentino que se ilusiona con llegar a la F\u00f3rmula 1<\/h3>\n<\/p>\n<\/section>\n<\/div>\n<div class=\"sc-a7166897-0 eoLsBE\" readability=\"6.5\">\n<section readability=\"3\"><picture><img alt=\"El contundente aviso a Colapinto del piloto reserva de Red Bull: &quot;Soy el siguiente en la fila&quot;\" loading=\"lazy\" width=\"290\" height=\"290\" decoding=\"async\" data-nimg=\"1\" src=\"http:\/\/cordobadirecto.com\/wp-content\/uploads\/2024\/11\/colapinto-fangio-y-reutemann-unidos-en-una-tremenda-gigantografia-6.jpg\"><\/picture>\n<p><span>Mir\u00e1 tambi\u00e9n<\/span><\/p>\n<hr>\n<h3>El contundente aviso a Colapinto del piloto reserva de Red Bull: &#8220;Soy el siguiente en la fila&#8221;<\/h3>\n<\/p>\n<\/section>\n<\/div>\n<div class=\"sc-a7166897-0 eoLsBE\" readability=\"6\">\n<section readability=\"2\"><picture><img alt=\"Verstappen afirm\u00f3 que con McLaren y Ferrari tambi\u00e9n hubiese sido campe\u00f3n de la F1\" loading=\"lazy\" width=\"290\" height=\"290\" decoding=\"async\" data-nimg=\"1\" src=\"http:\/\/cordobadirecto.com\/wp-content\/uploads\/2024\/11\/colapinto-fangio-y-reutemann-unidos-en-una-tremenda-gigantografia-7.jpg\"><\/picture>\n<p><span>Mir\u00e1 tambi\u00e9n<\/span><\/p>\n<hr>\n<h3>Verstappen afirm\u00f3 que con McLaren y Ferrari tambi\u00e9n hubiese sido campe\u00f3n de la F1<\/h3>\n<\/p>\n<\/section>\n<\/div>\n<\/div>\n","protected":false},"excerpt":{"rendered":"<p>26\/11\/2024 20:13hs. Si se le ped\u00eda a un argentino que dijera lo primero que se le ven\u00eda a la cabeza al escuchar &#8220;F\u00f3rmula 1&#8221;, lo m\u00e1s probable era que respondiera &#8220;Fangio&#8221; o &#8220;Reutemann&#8221;. Uno, el Chueco, puso al pa\u00eds en el mapa al ganar cinco t\u00edtulos en la M\u00e1xima. El otro, el Lole, caus\u00f3 que [&hellip;]<\/p>\n","protected":false},"author":1,"featured_media":158780,"comment_status":"closed","ping_status":"closed","sticky":false,"template":"","format":"standard","meta":[],"categories":[21],"tags":[],"_links":{"self":[{"href":"http:\/\/cordobadirecto.com\/index.php\/wp-json\/wp\/v2\/posts\/158779"}],"collection":[{"href":"http:\/\/cordobadirecto.com\/index.php\/wp-json\/wp\/v2\/posts"}],"about":[{"href":"http:\/\/cordobadirecto.com\/index.php\/wp-json\/wp\/v2\/types\/post"}],"author":[{"embeddable":true,"href":"http:\/\/cordobadirecto.com\/index.php\/wp-json\/wp\/v2\/users\/1"}],"replies":[{"embeddable":true,"href":"http:\/\/cordobadirecto.com\/index.php\/wp-json\/wp\/v2\/comments?post=158779"}],"version-history":[{"count":0,"href":"http:\/\/cordobadirecto.com\/index.php\/wp-json\/wp\/v2\/posts\/158779\/revisions"}],"wp:featuredmedia":[{"embeddable":true,"href":"http:\/\/cordobadirecto.com\/index.php\/wp-json\/wp\/v2\/media\/158780"}],"wp:attachment":[{"href":"http:\/\/cordobadirecto.com\/index.php\/wp-json\/wp\/v2\/media?parent=158779"}],"wp:term":[{"taxonomy":"category","embeddable":true,"href":"http:\/\/cordobadirecto.com\/index.php\/wp-json\/wp\/v2\/categories?post=158779"},{"taxonomy":"post_tag","embeddable":true,"href":"http:\/\/cordobadirecto.com\/index.php\/wp-json\/wp\/v2\/tags?post=158779"}],"curies":[{"name":"wp","href":"https:\/\/api.w.org\/{rel}","templated":true}]}}