{"id":158783,"date":"2024-11-27T00:36:27","date_gmt":"2024-11-27T00:36:27","guid":{"rendered":"https:\/\/www.ole.com.ar\/ascenso\/ascenso-primera-nacional-gimnasia-tiro-salta-ruben-forestello_0_LgfuwCeeNn.html"},"modified":"2024-11-27T00:36:27","modified_gmt":"2024-11-27T00:36:27","slug":"bombazo-en-el-nacional-forestello-dejo-de-ser-el-dt-de-gimnasia-y-tiro-de-salta","status":"publish","type":"post","link":"http:\/\/cordobadirecto.com\/index.php\/2024\/11\/27\/bombazo-en-el-nacional-forestello-dejo-de-ser-el-dt-de-gimnasia-y-tiro-de-salta\/","title":{"rendered":"Bombazo en el Nacional: Forestello dej\u00f3 de ser el DT de Gimnasia y Tiro de Salta"},"content":{"rendered":"<p><time class=\"createDate\" datetime=\"2024-11-26T20:41:54-03:00\">26\/11\/2024 20:41hs.<\/time><\/p>\n<div id=\"storyBody\">\n<div class=\"custom-text \" readability=\"31.444444444444\">\n<p>Con la temporada finalizada para la mayor\u00eda de los equipos de la Primera Nacional, los focos comienzan a ponerse en lo que ser\u00e1 el 2025. Para ello se trabaja en la continuidad o salida de entrenadores y jugadores. Y en este aspecto es que hay novedades: <strong><a href=\"https:\/\/www.ole.com.ar\/tema\/ruben-forestello.html\" title=\"Rub\u00e9n Forestello\" alt=\"Rub\u00e9n Forestello\" class=\"slug\">Rub\u00e9n Forestello <\/a>dej\u00f3 de ser el det\u00e9 de <a href=\"https:\/\/www.ole.com.ar\/tema\/gimnasia-y-tiro-de-salta.html\" title=\"Gimnasia y Tiro de Salta\" alt=\"Gimnasia y Tiro de Salta\" class=\"slug\">Gimnasia y Tiro de Salta<\/a>. <\/strong><\/p>\n<\/div>\n<div class=\"sc-e7b891c4-0 ifHnQL image-embed\"><img alt=\"Forestello se fue de Gimnasia y Tiro de Salta\" loading=\"lazy\" width=\"720\" height=\"100\" decoding=\"async\" data-nimg=\"1\" src=\"http:\/\/cordobadirecto.com\/wp-content\/uploads\/2024\/11\/bombazo-en-el-nacional-forestello-dejo-de-ser-el-dt-de-gimnasia-y-tiro-de-salta.jpg\"><span class=\"epigraphe\">Forestello se fue de Gimnasia y Tiro de Salta<\/span><\/div>\n<div class=\"custom-text \" readability=\"34.975088967972\">\n<p>Sin dudas que la decisi\u00f3n sorprendi\u00f3 a propios y extra\u00f1os. El Yagui, muy querido en el Albo, <strong>determin\u00f3 ponerle fin a su ciclo en Salta luego de haber clasificado al Reducido<\/strong> por el segundo ascenso en la primera temporada luego de haber logrado regresar al<a href=\"https:\/\/www.ole.com.ar\/tema\/primera-nacional.html\" title=\"Primera Nacional\" alt=\"Primera Nacional\" class=\"slug\"> Nacional<\/a>. Campa\u00f1\u00f3n.<\/p>\n<\/div>\n<div class=\"custom-text \" readability=\"36\">\n<p>Seg\u00fan explican fuentes oficiales del club,<strong> la decisi\u00f3n se dio de forma unilateral y por motivos personales del det\u00e9.<\/strong> As\u00ed, le pone fin a un ciclo de dos temporadas (ascendi\u00f3 desde el Federal A en 2023). <\/p>\n<\/div>\n<p><h2><strong>El comunicado oficial de Gimnasia y Tiro de Salta<\/strong><\/h2>\n<\/p>\n<div class=\"custom-text \" readability=\"36\">\n<p><strong>&#8220;El Club de Gimnasia y Tiro de Salta comunica que Ruben Forestello dej\u00f3 de ser el entrenador del primer equipo<\/strong>. Su alejamiento obedece a <strong>motivos de indole personal.<\/strong> Desde la instituci\u00f3n agradecemos su profesionalismo y su sentido de pertenencia. Esta etapa llega a su fin pero el cari\u00f1o y el reconocimiento siguen intactos. GRACIAS YAGUI Y HASTA PRONTO&#8221;, comunic\u00f3 la instituci\u00f3n salte\u00f1a mediante sus canales oficiales. <\/p>\n<\/div>\n<div class=\"custom-embedhtml\" readability=\"6.6212534059946\">\n<blockquote class=\"twitter-tweet\" readability=\"7.0626702997275\">\n<p lang=\"es\" dir=\"ltr\">El Club de Gimnasia y Tiro comunica que Ruben Forestello dej\u00f3 de ser el entrenador del primer equipo. Su alejamiento obedece a motivos de indole personal. Desde la instituci\u00f3n agradecemos su profesionalismo y su sentido de pertenencia. Esta etapa llega a su fin pero el cari\u00f1o y\u2026 <a href=\"https:\/\/t.co\/iY4xfB5FRz\">pic.twitter.com\/iY4xfB5FRz<\/a><\/p>\n<p>\u2014 Club Gimnasia y Tiro (@gytoficial) <a href=\"https:\/\/twitter.com\/gytoficial\/status\/1861533960758583575?ref_src=twsrc%5Etfw\">November 26, 2024<\/a><\/p><\/blockquote><\/div>\n<p><h2><strong>Los n\u00fameros de Forestello en Gimnasia y Tiro<\/strong><\/h2>\n<\/p>\n<div class=\"custom-text \" readability=\"39\">\n<p>En su segundo ciclo al mando del Albo, <strong>el Yagui dirigi\u00f3 77 encuentros. En ese lapso, gan\u00f3 33, empat\u00f3 29 y perdi\u00f3 los 15 restante<\/strong>s. 55% de efectividad. En el Federal A 2023 logr\u00f3 el ascenso, mientras que en la Primera Nacional 2024 clasific\u00f3 al Reducido y cay\u00f3 en primera ronda ante San Mart\u00edn de San Juan. <\/p>\n<\/div>\n<div class=\"sc-e7b891c4-0 ifHnQL image-embed\"><img alt=\"Forestello cosech\u00f3 un 55% de efectividad\" loading=\"lazy\" width=\"720\" height=\"100\" decoding=\"async\" data-nimg=\"1\" src=\"http:\/\/cordobadirecto.com\/wp-content\/uploads\/2024\/11\/bombazo-en-el-nacional-forestello-dejo-de-ser-el-dt-de-gimnasia-y-tiro-de-salta-1.jpg\"><span class=\"epigraphe\">Forestello cosech\u00f3 un 55% de efectividad<\/span><\/div>\n<div class=\"sc-a7166897-0 eoLsBE\" readability=\"6\">\n<section readability=\"2\"><picture><img alt=\"Armenio le gan\u00f3 a Los Andes con un penal ins\u00f3lito y se acerca a la final\" loading=\"lazy\" width=\"290\" height=\"290\" decoding=\"async\" data-nimg=\"1\" src=\"http:\/\/cordobadirecto.com\/wp-content\/uploads\/2024\/11\/bombazo-en-el-nacional-forestello-dejo-de-ser-el-dt-de-gimnasia-y-tiro-de-salta-2.jpg\"><\/picture>\n<p><span>Mir\u00e1 tambi\u00e9n<\/span><\/p>\n<hr>\n<h3>Armenio le gan\u00f3 a Los Andes con un penal ins\u00f3lito y se acerca a la final<\/h3>\n<\/p>\n<\/section>\n<\/div>\n<div class=\"sc-a7166897-0 eoLsBE\" readability=\"6\">\n<section readability=\"2\"><picture><img alt=\"Atlanta confirm\u00f3 a su entrenador para el 2025\" loading=\"lazy\" width=\"290\" height=\"290\" decoding=\"async\" data-nimg=\"1\" src=\"http:\/\/cordobadirecto.com\/wp-content\/uploads\/2024\/11\/bombazo-en-el-nacional-forestello-dejo-de-ser-el-dt-de-gimnasia-y-tiro-de-salta-3.jpg\"><\/picture>\n<p><span>Mir\u00e1 tambi\u00e9n<\/span><\/p>\n<hr>\n<h3>Atlanta confirm\u00f3 a su entrenador para el 2025<\/h3>\n<\/p>\n<\/section>\n<\/div>\n<div class=\"sc-a7166897-0 eoLsBE\" readability=\"6.5\">\n<section readability=\"3\"><picture><img alt=\"Fue subcampe\u00f3n del mundo con Maradona, dirigi\u00f3 Independiente y suena en Chacarita\" loading=\"lazy\" width=\"290\" height=\"290\" decoding=\"async\" data-nimg=\"1\" src=\"http:\/\/cordobadirecto.com\/wp-content\/uploads\/2024\/11\/bombazo-en-el-nacional-forestello-dejo-de-ser-el-dt-de-gimnasia-y-tiro-de-salta-4.jpg\"><\/picture>\n<p><span>Mir\u00e1 tambi\u00e9n<\/span><\/p>\n<hr>\n<h3>Fue subcampe\u00f3n del mundo con Maradona, dirigi\u00f3 Independiente y suena en Chacarita<\/h3>\n<\/p>\n<\/section>\n<\/div>\n<\/div>\n","protected":false},"excerpt":{"rendered":"<p>26\/11\/2024 20:41hs. Con la temporada finalizada para la mayor\u00eda de los equipos de la Primera Nacional, los focos comienzan a ponerse en lo que ser\u00e1 el 2025. Para ello se trabaja en la continuidad o salida de entrenadores y jugadores. Y en este aspecto es que hay novedades: Rub\u00e9n Forestello dej\u00f3 de ser el det\u00e9 [&hellip;]<\/p>\n","protected":false},"author":1,"featured_media":158784,"comment_status":"closed","ping_status":"closed","sticky":false,"template":"","format":"standard","meta":[],"categories":[21],"tags":[],"_links":{"self":[{"href":"http:\/\/cordobadirecto.com\/index.php\/wp-json\/wp\/v2\/posts\/158783"}],"collection":[{"href":"http:\/\/cordobadirecto.com\/index.php\/wp-json\/wp\/v2\/posts"}],"about":[{"href":"http:\/\/cordobadirecto.com\/index.php\/wp-json\/wp\/v2\/types\/post"}],"author":[{"embeddable":true,"href":"http:\/\/cordobadirecto.com\/index.php\/wp-json\/wp\/v2\/users\/1"}],"replies":[{"embeddable":true,"href":"http:\/\/cordobadirecto.com\/index.php\/wp-json\/wp\/v2\/comments?post=158783"}],"version-history":[{"count":0,"href":"http:\/\/cordobadirecto.com\/index.php\/wp-json\/wp\/v2\/posts\/158783\/revisions"}],"wp:featuredmedia":[{"embeddable":true,"href":"http:\/\/cordobadirecto.com\/index.php\/wp-json\/wp\/v2\/media\/158784"}],"wp:attachment":[{"href":"http:\/\/cordobadirecto.com\/index.php\/wp-json\/wp\/v2\/media?parent=158783"}],"wp:term":[{"taxonomy":"category","embeddable":true,"href":"http:\/\/cordobadirecto.com\/index.php\/wp-json\/wp\/v2\/categories?post=158783"},{"taxonomy":"post_tag","embeddable":true,"href":"http:\/\/cordobadirecto.com\/index.php\/wp-json\/wp\/v2\/tags?post=158783"}],"curies":[{"name":"wp","href":"https:\/\/api.w.org\/{rel}","templated":true}]}}