{"id":158894,"date":"2024-11-27T18:14:04","date_gmt":"2024-11-27T18:14:04","guid":{"rendered":"https:\/\/cordoba.gob.ar\/?p=64630"},"modified":"2024-11-27T18:14:04","modified_gmt":"2024-11-27T18:14:04","slug":"lorenzatti-presento-el-presupuesto-2025-en-la-comision-de-economia-y-finanzas-del-concejo-deliberante","status":"publish","type":"post","link":"http:\/\/cordobadirecto.com\/index.php\/2024\/11\/27\/lorenzatti-presento-el-presupuesto-2025-en-la-comision-de-economia-y-finanzas-del-concejo-deliberante\/","title":{"rendered":"Lorenzatti present\u00f3 el Presupuesto 2025 en la comisi\u00f3n de Econom\u00eda y Finanzas del Concejo Deliberante"},"content":{"rendered":"<div><img src=\"http:\/\/cordobadirecto.com\/wp-content\/uploads\/2024\/11\/lorenzatti-presento-el-presupuesto-2025-en-la-comision-de-economia-y-finanzas-del-concejo-deliberante.jpg\" class=\"ff-og-image-inserted\"><\/div>\n<p>El secretario de Administraci\u00f3n P\u00fablica y Capital Humano del Municipio, Sergio Lorenzatti, explic\u00f3 los detalles del Presupuesto 2025 en la comisi\u00f3n de Econom\u00eda y Finanzas del Concejo Deliberante, donde expuso los ejes centrales del proyecto: mayor desarrollo econ\u00f3mico, incentivos para inversiones, agilizaci\u00f3n de tr\u00e1mites, modernizaci\u00f3n del Estado y obra p\u00fablica.<\/p>\n<p><em>\u201cTenemos como gu\u00eda el Plan de Metas, que establece nuestros objetivos e indicadores\u201d<\/em>, afirm\u00f3.<\/p>\n<p>En este contexto de crisis econ\u00f3mica y abandono de responsabilidades del Gobierno Nacional, Lorenzatti asegur\u00f3 que la autonom\u00eda y gobernabilidad de los municipios se fundamenta en sus recursos para afrontar gastos y brindar servicios a vecinos y vecinas.<\/p>\n<p>En ese sentido, la apuesta del intendente Daniel Passerini es la de <em>\u201catraer inversiones que generen puestos de trabajo y muevan la econom\u00eda\u201d<\/em>. Un factor clave para lograr este objetivo es la la reducci\u00f3n de al\u00edcuotas a pagar por la industria manufacturera: un promedio de 14% de rebaja para m\u00e1s de 200 actividades. Tambi\u00e9n habr\u00e1 reducciones para el desarrollo inmobiliario.<\/p>\n<p>La adhesi\u00f3n al Rigi provincial el pasado mes persigue los mismos objetivos.<\/p>\n<p>Paralelamente, se adoptar\u00e1n medidas para la eficientizaci\u00f3n de recursos econ\u00f3micos. El esquema financiero continuar\u00e1 la l\u00ednea desarrollada desde el a\u00f1o 2019: los gastos corrientes no superar\u00e1n los ingresos corrientes.<\/p>\n<p>Entre las medidas, se trabaja junto con el Gobierno de la Provincia en un transporte de alcance metropolitano que subsidie a la demanda, con la inclusi\u00f3n e inversi\u00f3n del sector privado para que sea m\u00e1s eficiente.<\/p>\n<p>En pos de aliviar el bolsillo de los vecinos y vecinas, se eliminar\u00e1n m\u00e1s de 100 tasas.<\/p>\n<p>Acceso al agua potable en asentamientos, m\u00e1s calles con pavimento, alumbrado, plan de bacheo, cloacas, desag\u00fces, la continuidad del Bv. Maip\u00fa y el Mercado de Alberdi son los ejes principales en materia de obra p\u00fablica. Abarcar\u00e1 aproximadamente el 20% del presupuesto.<\/p>\n<p>Las obras incluyen infraestructuras en \u00e1mbitos de la atenci\u00f3n primaria de la salud, centros de acompa\u00f1amiento en salud mental y adicciones, y educaci\u00f3n.<\/p>\n<p>En materia de modernizaci\u00f3n del Estado, se prev\u00e9 la incorporaci\u00f3n de Inteligencia Artificial para la agilizaci\u00f3n de la administraci\u00f3n p\u00fablica, la digitalizaci\u00f3n y eliminaci\u00f3n de expedientes en papel.<\/p>\n<p>Entre los principales desaf\u00edos se encuentra el pago de 56 millones de d\u00f3lares del pr\u00e9stamo solicitado por Ram\u00f3n Mestre en el a\u00f1o 2016, la baja en la recaudaci\u00f3n, compensar la quita de fondos nacionales para el transporte y el sostenimiento del tejido social en estado de vulnerabilidad.<\/p>\n<p>El secretario estuvo acompa\u00f1ado por el subsecretario de Coordinaci\u00f3n Econ\u00f3mica, Ismael Pagnucco; la subsecretaria de Ingresos P\u00fablicos, Magal\u00ed D\u00edaz; y el subsecretario de Finanzas y Presupuesto, Guillermo Pizarro.<\/p>\n","protected":false},"excerpt":{"rendered":"<p>El secretario de Administraci\u00f3n P\u00fablica y Capital Humano del Municipio, Sergio Lorenzatti, explic\u00f3 los detalles del Presupuesto 2025 en la comisi\u00f3n de Econom\u00eda y Finanzas del Concejo Deliberante, donde expuso los ejes centrales del proyecto: mayor desarrollo econ\u00f3mico, incentivos para inversiones, agilizaci\u00f3n de tr\u00e1mites, modernizaci\u00f3n del Estado y obra p\u00fablica. \u201cTenemos como gu\u00eda el Plan [&hellip;]<\/p>\n","protected":false},"author":1,"featured_media":158895,"comment_status":"closed","ping_status":"closed","sticky":false,"template":"","format":"standard","meta":[],"categories":[44],"tags":[],"_links":{"self":[{"href":"http:\/\/cordobadirecto.com\/index.php\/wp-json\/wp\/v2\/posts\/158894"}],"collection":[{"href":"http:\/\/cordobadirecto.com\/index.php\/wp-json\/wp\/v2\/posts"}],"about":[{"href":"http:\/\/cordobadirecto.com\/index.php\/wp-json\/wp\/v2\/types\/post"}],"author":[{"embeddable":true,"href":"http:\/\/cordobadirecto.com\/index.php\/wp-json\/wp\/v2\/users\/1"}],"replies":[{"embeddable":true,"href":"http:\/\/cordobadirecto.com\/index.php\/wp-json\/wp\/v2\/comments?post=158894"}],"version-history":[{"count":0,"href":"http:\/\/cordobadirecto.com\/index.php\/wp-json\/wp\/v2\/posts\/158894\/revisions"}],"wp:featuredmedia":[{"embeddable":true,"href":"http:\/\/cordobadirecto.com\/index.php\/wp-json\/wp\/v2\/media\/158895"}],"wp:attachment":[{"href":"http:\/\/cordobadirecto.com\/index.php\/wp-json\/wp\/v2\/media?parent=158894"}],"wp:term":[{"taxonomy":"category","embeddable":true,"href":"http:\/\/cordobadirecto.com\/index.php\/wp-json\/wp\/v2\/categories?post=158894"},{"taxonomy":"post_tag","embeddable":true,"href":"http:\/\/cordobadirecto.com\/index.php\/wp-json\/wp\/v2\/tags?post=158894"}],"curies":[{"name":"wp","href":"https:\/\/api.w.org\/{rel}","templated":true}]}}