{"id":158896,"date":"2024-11-27T16:53:21","date_gmt":"2024-11-27T16:53:21","guid":{"rendered":"https:\/\/cordoba.gob.ar\/?p=64559"},"modified":"2024-11-27T16:53:21","modified_gmt":"2024-11-27T16:53:21","slug":"mas-de-500-estudiantes-de-los-centros-educativos-jovenes-y-adultos-concluyeron-su-ano-escolar-con-una-muestra-de-fin-de-ano","status":"publish","type":"post","link":"http:\/\/cordobadirecto.com\/index.php\/2024\/11\/27\/mas-de-500-estudiantes-de-los-centros-educativos-jovenes-y-adultos-concluyeron-su-ano-escolar-con-una-muestra-de-fin-de-ano\/","title":{"rendered":"M\u00e1s de 500 estudiantes de los Centros Educativos J\u00f3venes y Adultos concluyeron su a\u00f1o escolar con una muestra de fin de a\u00f1o"},"content":{"rendered":"<div><img src=\"http:\/\/cordobadirecto.com\/wp-content\/uploads\/2024\/11\/mas-de-500-estudiantes-de-los-centros-educativos-jovenes-y-adultos-concluyeron-su-ano-escolar-con-una-muestra-de-fin-de-ano.jpg\" class=\"ff-og-image-inserted\"><\/div>\n<ul>\n<li><strong>Son 28 los Centros Vecinales, CPC, escuelas y Parques Educativos de acceso p\u00fablico en la ciudad, dispuestos para finalizar los estudios primarios.<\/strong><\/li>\n<li><strong>Las inscripciones para el pr\u00f3ximo a\u00f1o ya se encuentran abiertas.<\/strong><\/li>\n<\/ul>\n<hr>\n<p>Estudiantes de los Centros Educativos J\u00f3venes y Adultos (CEJA) participaron de una Muestra Pedag\u00f3gica en el Parque Educativo Sur, donde exhibieron los proyectos y trabajos realizados durante el ciclo lectivo 2024.<\/p>\n<p>El acto fue un espacio de encuentro en el que se presentaron diversas iniciativas educativas y proyectos vinculados a la promoci\u00f3n de derechos.<\/p>\n<p>Entre ellos, se destac\u00f3 el trabajo realizado junto a la organizaci\u00f3n H.I.J.O.S., que abord\u00f3 las consignas de \u201cMemoria, Verdad y Justicia\u201d, permitiendo a los estudiantes reflexionar desde una perspectiva local.<\/p>\n<p>Este evento marc\u00f3 el cierre de a\u00f1o para los 500 estudiantes del programa CEJA, enfocado en el aprendizaje y la formaci\u00f3n integral.<\/p>\n<p>Raquel, quien cursa en la Escuela Municipal Dr. Carlos Ordo\u00f1ez en barrio Santa Isabel, expres\u00f3: <em>\u201cEste espacio nos contiene y nos dio la oportunidad de aprender lo que no pudimos en nuestra juventud. Las docentes nos apoyan en todo sentido. Estoy muy agradecida por esta posibilidad enorme que me permite salir de casa, divertirme, aprender y hacer amistades\u201d<\/em>.<\/p>\n<p>Los Centros Educativos de J\u00f3venes y Adultos (CEJA) de la Municipalidad de C\u00f3rdoba permite finalizar la educaci\u00f3n primaria en tres niveles: alfabetizaci\u00f3n, primer nivel y segundo nivel.<\/p>\n<p>Los estudiantes pueden completar sus estudios en un tiempo flexible, adaptado a sus circunstancias, con opciones de finalizaci\u00f3n en tres a\u00f1os o incluso menos.<\/p>\n<p>Las inscripciones para el pr\u00f3ximo ciclo lectivo ya se encuentran abiertas. Para ello, simplemente deben acercarse a cualquier instituci\u00f3n municipal cercana a su domicilio con su DNI y proporcionar informaci\u00f3n sobre su nivel educativo.<\/p>\n<p>Los establecimientos disponibles se encuentran en el siguiente <a href=\"https:\/\/www.google.com\/maps\/d\/edit?mid=1WKpvBFCKDLuNyWB4SJ_AhebXT3aRdMg&amp;usp=drive_link\">link<\/a>.<\/p>\n","protected":false},"excerpt":{"rendered":"<p>Son 28 los Centros Vecinales, CPC, escuelas y Parques Educativos de acceso p\u00fablico en la ciudad, dispuestos para finalizar los estudios primarios. Las inscripciones para el pr\u00f3ximo a\u00f1o ya se encuentran abiertas. Estudiantes de los Centros Educativos J\u00f3venes y Adultos (CEJA) participaron de una Muestra Pedag\u00f3gica en el Parque Educativo Sur, donde exhibieron los proyectos [&hellip;]<\/p>\n","protected":false},"author":1,"featured_media":158897,"comment_status":"closed","ping_status":"closed","sticky":false,"template":"","format":"standard","meta":[],"categories":[44],"tags":[],"_links":{"self":[{"href":"http:\/\/cordobadirecto.com\/index.php\/wp-json\/wp\/v2\/posts\/158896"}],"collection":[{"href":"http:\/\/cordobadirecto.com\/index.php\/wp-json\/wp\/v2\/posts"}],"about":[{"href":"http:\/\/cordobadirecto.com\/index.php\/wp-json\/wp\/v2\/types\/post"}],"author":[{"embeddable":true,"href":"http:\/\/cordobadirecto.com\/index.php\/wp-json\/wp\/v2\/users\/1"}],"replies":[{"embeddable":true,"href":"http:\/\/cordobadirecto.com\/index.php\/wp-json\/wp\/v2\/comments?post=158896"}],"version-history":[{"count":0,"href":"http:\/\/cordobadirecto.com\/index.php\/wp-json\/wp\/v2\/posts\/158896\/revisions"}],"wp:featuredmedia":[{"embeddable":true,"href":"http:\/\/cordobadirecto.com\/index.php\/wp-json\/wp\/v2\/media\/158897"}],"wp:attachment":[{"href":"http:\/\/cordobadirecto.com\/index.php\/wp-json\/wp\/v2\/media?parent=158896"}],"wp:term":[{"taxonomy":"category","embeddable":true,"href":"http:\/\/cordobadirecto.com\/index.php\/wp-json\/wp\/v2\/categories?post=158896"},{"taxonomy":"post_tag","embeddable":true,"href":"http:\/\/cordobadirecto.com\/index.php\/wp-json\/wp\/v2\/tags?post=158896"}],"curies":[{"name":"wp","href":"https:\/\/api.w.org\/{rel}","templated":true}]}}