{"id":158905,"date":"2024-11-29T19:36:17","date_gmt":"2024-11-29T19:36:17","guid":{"rendered":"https:\/\/cordoba.gob.ar\/?p=64697"},"modified":"2024-11-29T19:36:17","modified_gmt":"2024-11-29T19:36:17","slug":"clausuraron-una-fiesta-clandestina-que-puso-en-riesgo-de-electrocucion-a-mas-de-1500-menores-de-edad-en-villa-esquiu","status":"publish","type":"post","link":"http:\/\/cordobadirecto.com\/index.php\/2024\/11\/29\/clausuraron-una-fiesta-clandestina-que-puso-en-riesgo-de-electrocucion-a-mas-de-1500-menores-de-edad-en-villa-esquiu\/","title":{"rendered":"Clausuraron una fiesta clandestina que puso en riesgo de electrocuci\u00f3n a m\u00e1s de 1500 menores de edad en Villa Esqui\u00fa"},"content":{"rendered":"<div><img src=\"http:\/\/cordobadirecto.com\/wp-content\/uploads\/2024\/11\/clausuraron-una-fiesta-clandestina-que-puso-en-riesgo-de-electrocucion-a-mas-de-1500-menores-de-edad-en-villa-esquiu.jpg\" class=\"ff-og-image-inserted\"><\/div>\n<ul>\n<li><strong><strong>La carpa ten\u00eda precarias instalaciones el\u00e9ctricas que se inundaron durante las intensas lluvias de la madrugada del viernes.<\/strong><\/strong><br \/>\n<hr>\n<\/li>\n<\/ul>\n<p>La Municipalidad de C\u00f3rdoba clausur\u00f3 y desaloj\u00f3 en la madrugada del viernes una fiesta clandestina en Villa Esqui\u00fa, que hab\u00eda convocado a m\u00e1s de 1500 menores de edad, de seis colegios.<\/p>\n<p>El procedimiento culmin\u00f3 con el labrado de las actas correspondientes junto al secuestro de los equipos de sonido y bebidas por un valor aproximado de $20 millones.<\/p>\n<p>Participaron equipos de la Polic\u00eda de C\u00f3rdoba, la Guardia Urbana e inspectores de Fiscalizaci\u00f3n y Control.<\/p>\n<p>El operativo fue encabezado por el secretario de Gobierno, Fiscalizaci\u00f3n y Control, Rodrigo Fern\u00e1ndez.<\/p>\n<p>Entre las m\u00faltiples irregularidades, la m\u00e1s seria se constat\u00f3 en las precarias instalaciones el\u00e9ctricas, que pusieron en riesgo a los chicos y chicas que bailaban en una carpa, inundada con las intensas precipitaciones.<\/p>\n<p>Asimismo, se detectaron menores en estado de intoxicaci\u00f3n que debieron recibir asistencia m\u00e9dica.<\/p>\n<p>Adem\u00e1s de la evidente falta de habilitaci\u00f3n, se corrobor\u00f3 tambi\u00e9n la venta de alcohol<\/p>\n","protected":false},"excerpt":{"rendered":"<p>La carpa ten\u00eda precarias instalaciones el\u00e9ctricas que se inundaron durante las intensas lluvias de la madrugada del viernes. La Municipalidad de C\u00f3rdoba clausur\u00f3 y desaloj\u00f3 en la madrugada del viernes una fiesta clandestina en Villa Esqui\u00fa, que hab\u00eda convocado a m\u00e1s de 1500 menores de edad, de seis colegios. El procedimiento culmin\u00f3 con el labrado [&hellip;]<\/p>\n","protected":false},"author":1,"featured_media":158906,"comment_status":"closed","ping_status":"closed","sticky":false,"template":"","format":"standard","meta":[],"categories":[44],"tags":[],"_links":{"self":[{"href":"http:\/\/cordobadirecto.com\/index.php\/wp-json\/wp\/v2\/posts\/158905"}],"collection":[{"href":"http:\/\/cordobadirecto.com\/index.php\/wp-json\/wp\/v2\/posts"}],"about":[{"href":"http:\/\/cordobadirecto.com\/index.php\/wp-json\/wp\/v2\/types\/post"}],"author":[{"embeddable":true,"href":"http:\/\/cordobadirecto.com\/index.php\/wp-json\/wp\/v2\/users\/1"}],"replies":[{"embeddable":true,"href":"http:\/\/cordobadirecto.com\/index.php\/wp-json\/wp\/v2\/comments?post=158905"}],"version-history":[{"count":0,"href":"http:\/\/cordobadirecto.com\/index.php\/wp-json\/wp\/v2\/posts\/158905\/revisions"}],"wp:featuredmedia":[{"embeddable":true,"href":"http:\/\/cordobadirecto.com\/index.php\/wp-json\/wp\/v2\/media\/158906"}],"wp:attachment":[{"href":"http:\/\/cordobadirecto.com\/index.php\/wp-json\/wp\/v2\/media?parent=158905"}],"wp:term":[{"taxonomy":"category","embeddable":true,"href":"http:\/\/cordobadirecto.com\/index.php\/wp-json\/wp\/v2\/categories?post=158905"},{"taxonomy":"post_tag","embeddable":true,"href":"http:\/\/cordobadirecto.com\/index.php\/wp-json\/wp\/v2\/tags?post=158905"}],"curies":[{"name":"wp","href":"https:\/\/api.w.org\/{rel}","templated":true}]}}