{"id":158940,"date":"2024-11-29T21:28:50","date_gmt":"2024-11-29T21:28:50","guid":{"rendered":"https:\/\/www.ole.com.ar\/autos\/dijo-director-deportivo-williams-colapinto-gp-qatar-sven-smeets-piloto-formula1_0_aCGSPUzRGi.html"},"modified":"2024-11-29T21:28:50","modified_gmt":"2024-11-29T21:28:50","slug":"la-explicacion-del-director-deportivo-de-williams-sobre-el-mal-rendimiento-de-colapinto-en-qatar","status":"publish","type":"post","link":"http:\/\/cordobadirecto.com\/index.php\/2024\/11\/29\/la-explicacion-del-director-deportivo-de-williams-sobre-el-mal-rendimiento-de-colapinto-en-qatar\/","title":{"rendered":"La explicaci\u00f3n del director deportivo de Williams sobre el mal rendimiento de Colapinto en Qatar"},"content":{"rendered":"<p><time class=\"createDate\" datetime=\"2024-11-29T18:28:50-03:00\">29\/11\/2024 18:28hs.<\/time><\/p>\n<div id=\"storyBody\">\n<div class=\"custom-text \" readability=\"46\">\n<p>El <strong>Gran Premio de Qatar<\/strong> de la <strong>F\u00f3rmula 1<\/strong> comenz\u00f3 con un viernes cargado de actividad, donde se disputaron tanto la primera pr\u00e1ctica libre (FP1) como la clasificaci\u00f3n para la carrera sprint. All\u00ed, en el Circuito Internacional de Lusail, <strong>Franco Colapinto<\/strong> tuvo una jornada complicada, con rendimientos bajos en ambas sesiones: <strong>finaliz\u00f3 en la P19 del entrenamiento y en la P20 de la qualy. <\/strong>En tanto, <strong>Alex Albon<\/strong>, su compa\u00f1ero de equipo en Williams, termin\u00f3 en los puestos 9 y 12, respectivamente. Tras ello, <strong>Sven Smeets<\/strong>, el director deportivo del equipo brit\u00e1nico, analiz\u00f3 lo sucedido desde boxes y explic\u00f3 las dificultades que enfrent\u00f3 el piloto argentino durante el d\u00eda.<\/p>\n<\/div>\n<div class=\"custom-text \" readability=\"35\">\n<p>&#8220;Tener solo una pr\u00e1ctica libre antes de comenzar la clasificaci\u00f3n siempre trae algunos desaf\u00edos. <strong>Est\u00e1bamos teniendo algunos problemas para conseguir que los neum\u00e1ticos estuvieran en la ventana correcta en la FP1<\/strong>&#8220;, declar\u00f3 Smeets sobre lo sucedido en el primer ensayo. <\/p>\n<\/div>\n<div class=\"custom-text \" readability=\"37\">\n<p>En cuanto a la qualy para la sprint, el director se\u00f1al\u00f3 las diferencias de rendimiento entre sus pilotos: \u201cLa clasificaci\u00f3n de esta noche fue complicada y desafortunadamente Franco no logr\u00f3 pasar a la Q2. Puede aprovechar la carrera de ma\u00f1ana para encontrar un mejor equilibrio, ya que <strong>est\u00e1 teniendo dificultades en las curvas de baja y media velocidad<\/strong>\u201d.<\/p>\n<\/div>\n<div class=\"sc-e7b891c4-0 ifHnQL image-embed\"><img alt=\"Sven Smeets, el director deportivo de Williams.\" loading=\"lazy\" width=\"720\" height=\"100\" decoding=\"async\" data-nimg=\"1\" src=\"http:\/\/cordobadirecto.com\/wp-content\/uploads\/2024\/11\/la-explicacion-del-director-deportivo-de-williams-sobre-el-mal-rendimiento-de-colapinto-en-qatar.jpg\"><span class=\"epigraphe\">Sven Smeets, el director deportivo de Williams.<\/span><\/div>\n<div class=\"custom-text \" readability=\"38\">\n<p>Por \u00faltimo, y a pesar de un inicio dif\u00edcil, Smeets mostr\u00f3 confianza en el potencial del equipo y destac\u00f3: &#8220;Nuestras carreras se vieron competitivas esta ma\u00f1ana, por lo que esperamos con ansias la sprint. <strong>Trabajaremos duro durante la noche para intentar encontrar una mejor preparaci\u00f3n de neum\u00e1ticos para la segunda clasificaci\u00f3n<\/strong>\u201d.<\/p>\n<\/div>\n<div class=\"sc-e7b891c4-0 ifHnQL image-embed\"><img alt=\"Colapinto largar\u00e1 desde atr\u00e1s en la sprint del s\u00e1bado.\" loading=\"lazy\" width=\"720\" height=\"100\" decoding=\"async\" data-nimg=\"1\" src=\"http:\/\/cordobadirecto.com\/wp-content\/uploads\/2024\/11\/la-explicacion-del-director-deportivo-de-williams-sobre-el-mal-rendimiento-de-colapinto-en-qatar-1.jpg\"><span class=\"epigraphe\">Colapinto largar\u00e1 desde atr\u00e1s en la sprint del s\u00e1bado.<\/span><\/div>\n<p><h2><strong>\u00bfC\u00f3mo sigue el fin de semana de Colapinto en la F1 de Qatar?<\/strong><\/h2>\n<\/p>\n<div class=\"custom-text \" readability=\"40\">\n<p>Lo primero ser\u00e1 la carrera sprint, que es m\u00e1s corta que la dominical y se largar\u00e1 a las 11 del s\u00e1bado. Una vez que pase eso, ser\u00e1 hora de poner el foco en la \u00faltima parte del Gran Premio: la clasificaci\u00f3n, a las 15, y <strong>la final, el domingo a las 13.<\/strong> Todo ser\u00e1 transmitido en vivo por <strong>Fox Sports<\/strong> y por la plataforma de streaming <strong>Disney+ Premium<\/strong>.<\/p>\n<\/div>\n<div class=\"sc-e7b891c4-0 ifHnQL image-embed\"><img alt=\"El casco de Colapinto para GP de Qatar de la F\u00f3rmula 1.\" loading=\"lazy\" width=\"720\" height=\"100\" decoding=\"async\" data-nimg=\"1\" src=\"http:\/\/cordobadirecto.com\/wp-content\/uploads\/2024\/11\/la-explicacion-del-director-deportivo-de-williams-sobre-el-mal-rendimiento-de-colapinto-en-qatar-2.jpg\"><span class=\"epigraphe\">El casco de Colapinto para GP de Qatar de la F\u00f3rmula 1.<\/span><\/div>\n<div class=\"sc-a7166897-0 eoLsBE\" readability=\"6.5\">\n<section readability=\"3\"><picture><img alt=\"Colapinto, contundente tras la qualy del Sprint en Qatar: &quot;Estoy muy lejos&quot;\" loading=\"lazy\" width=\"290\" height=\"290\" decoding=\"async\" data-nimg=\"1\" src=\"http:\/\/cordobadirecto.com\/wp-content\/uploads\/2024\/11\/la-explicacion-del-director-deportivo-de-williams-sobre-el-mal-rendimiento-de-colapinto-en-qatar-3.jpg\"><\/picture>\n<p><span>Mir\u00e1 tambi\u00e9n<\/span><\/p>\n<hr>\n<h3>Colapinto, contundente tras la qualy del Sprint en Qatar: &#8220;Estoy muy lejos&#8221;<\/h3>\n<\/p>\n<\/section>\n<\/div>\n<div class=\"sc-a7166897-0 eoLsBE\" readability=\"6\">\n<section readability=\"2\"><picture><img alt=\"F1 en Qatar: c\u00f3mo largan Colapinto y sus rivales en la carrera Sprint\" loading=\"lazy\" width=\"290\" height=\"290\" decoding=\"async\" data-nimg=\"1\" src=\"http:\/\/cordobadirecto.com\/wp-content\/uploads\/2024\/11\/la-explicacion-del-director-deportivo-de-williams-sobre-el-mal-rendimiento-de-colapinto-en-qatar-4.jpg\"><\/picture>\n<p><span>Mir\u00e1 tambi\u00e9n<\/span><\/p>\n<hr>\n<h3>F1 en Qatar: c\u00f3mo largan Colapinto y sus rivales en la carrera Sprint<\/h3>\n<\/p>\n<\/section>\n<\/div>\n<div class=\"sc-a7166897-0 eoLsBE\" readability=\"6\">\n<section readability=\"2\"><picture><img alt=\"Colapinto tuvo mal primer d\u00eda en Qatar y largar\u00e1 desde el fondo en la Sprint Race\" loading=\"lazy\" width=\"290\" height=\"290\" decoding=\"async\" data-nimg=\"1\" src=\"http:\/\/cordobadirecto.com\/wp-content\/uploads\/2024\/11\/la-explicacion-del-director-deportivo-de-williams-sobre-el-mal-rendimiento-de-colapinto-en-qatar-5.jpg\"><\/picture>\n<p><span>Mir\u00e1 tambi\u00e9n<\/span><\/p>\n<hr>\n<h3>Colapinto tuvo mal primer d\u00eda en Qatar y largar\u00e1 desde el fondo en la Sprint Race<\/h3>\n<\/p>\n<\/section>\n<\/div>\n<div class=\"sc-a7166897-0 eoLsBE\" readability=\"7.5\">\n<section readability=\"5\"><picture><img alt=\"El manager de Colapinto, sobre el futuro en la F1: &quot;Antes de Las Vegas todo se ve\u00eda bien, pero...&quot;\" loading=\"lazy\" width=\"290\" height=\"290\" decoding=\"async\" data-nimg=\"1\" src=\"http:\/\/cordobadirecto.com\/wp-content\/uploads\/2024\/11\/la-explicacion-del-director-deportivo-de-williams-sobre-el-mal-rendimiento-de-colapinto-en-qatar-6.jpg\"><\/picture>\n<p><span>Mir\u00e1 tambi\u00e9n<\/span><\/p>\n<hr>\n<h3>El manager de Colapinto, sobre el futuro en la F1: &#8220;Antes de Las Vegas todo se ve\u00eda bien, pero&#8230;&#8221;<\/h3>\n<\/p>\n<\/section>\n<\/div>\n<\/div>\n","protected":false},"excerpt":{"rendered":"<p>29\/11\/2024 18:28hs. El Gran Premio de Qatar de la F\u00f3rmula 1 comenz\u00f3 con un viernes cargado de actividad, donde se disputaron tanto la primera pr\u00e1ctica libre (FP1) como la clasificaci\u00f3n para la carrera sprint. All\u00ed, en el Circuito Internacional de Lusail, Franco Colapinto tuvo una jornada complicada, con rendimientos bajos en ambas sesiones: finaliz\u00f3 en [&hellip;]<\/p>\n","protected":false},"author":1,"featured_media":158941,"comment_status":"closed","ping_status":"closed","sticky":false,"template":"","format":"standard","meta":[],"categories":[21],"tags":[],"_links":{"self":[{"href":"http:\/\/cordobadirecto.com\/index.php\/wp-json\/wp\/v2\/posts\/158940"}],"collection":[{"href":"http:\/\/cordobadirecto.com\/index.php\/wp-json\/wp\/v2\/posts"}],"about":[{"href":"http:\/\/cordobadirecto.com\/index.php\/wp-json\/wp\/v2\/types\/post"}],"author":[{"embeddable":true,"href":"http:\/\/cordobadirecto.com\/index.php\/wp-json\/wp\/v2\/users\/1"}],"replies":[{"embeddable":true,"href":"http:\/\/cordobadirecto.com\/index.php\/wp-json\/wp\/v2\/comments?post=158940"}],"version-history":[{"count":0,"href":"http:\/\/cordobadirecto.com\/index.php\/wp-json\/wp\/v2\/posts\/158940\/revisions"}],"wp:featuredmedia":[{"embeddable":true,"href":"http:\/\/cordobadirecto.com\/index.php\/wp-json\/wp\/v2\/media\/158941"}],"wp:attachment":[{"href":"http:\/\/cordobadirecto.com\/index.php\/wp-json\/wp\/v2\/media?parent=158940"}],"wp:term":[{"taxonomy":"category","embeddable":true,"href":"http:\/\/cordobadirecto.com\/index.php\/wp-json\/wp\/v2\/categories?post=158940"},{"taxonomy":"post_tag","embeddable":true,"href":"http:\/\/cordobadirecto.com\/index.php\/wp-json\/wp\/v2\/tags?post=158940"}],"curies":[{"name":"wp","href":"https:\/\/api.w.org\/{rel}","templated":true}]}}