{"id":158942,"date":"2024-11-30T00:51:47","date_gmt":"2024-11-30T00:51:47","guid":{"rendered":"https:\/\/www.ole.com.ar\/ascenso\/ascenso-primera-nacional-temperley-jugadores-tecnico_0_Isidtbd7yf.html"},"modified":"2024-11-30T00:51:47","modified_gmt":"2024-11-30T00:51:47","slug":"temperley-de-la-eleccion-del-presidente-a-las-bajas-y-la-busqueda-de-un-nuevo-tecnico","status":"publish","type":"post","link":"http:\/\/cordobadirecto.com\/index.php\/2024\/11\/30\/temperley-de-la-eleccion-del-presidente-a-las-bajas-y-la-busqueda-de-un-nuevo-tecnico\/","title":{"rendered":"Temperley: de la elecci\u00f3n del presidente a las bajas y la b\u00fasqueda de un nuevo t\u00e9cnico"},"content":{"rendered":"<p><time class=\"createDate\" datetime=\"2024-11-28T17:44:28-03:00\">28\/11\/2024 17:44hs.<\/time><\/p>\n<div id=\"storyBody\">\n<div class=\"custom-text \" readability=\"34.901694915254\">\n<p>Pese a que a\u00fan no finaliz\u00f3 el a\u00f1o,<strong> <a href=\"https:\/\/www.ole.com.ar\/tema\/temperley.html\" title=\"temperley\" alt=\"temperley\" class=\"slug\">Temperley<\/a> atraviesa momentos de cambios<\/strong>. No solo por el hecho de que el domingo pasado se realizaron las elecciones presidenciales (gan\u00f3 Alberto Lecchi en una jornada hist\u00f3rica con dos mil socios), sino por una reestructuraci\u00f3n en el plantel profesional.<\/p>\n<\/div>\n<div class=\"custom-text \" readability=\"37.661764705882\">\n<p>De movida, tendr\u00e1 que buscar un nuevo det\u00e9. <strong>Tras no poder clasificar al Reducido, <a href=\"https:\/\/www.ole.com.ar\/tema\/walter-perazzo.html\" title=\"Walter Perazzo\" alt=\"Walter Perazzo\" class=\"slug\">Walter Perazzo<\/a> dej\u00f3 su cargo y ser\u00e1 reemplazado<\/strong> -de forma interina- <strong>por Cristian Qui\u00f1onez<\/strong> y el preparador f\u00edsico Mat\u00edas Mazzini. El club lo confirm\u00f3 en sus redes sociales, anunciando que el plantel vuelve a los entrenamientos el pr\u00f3ximo lunes. Perazzo dirigi\u00f3 27 partidos: ocho ganados, 13 empatados y seis perdidos. <\/p>\n<\/div>\n<div class=\"sc-e7b891c4-0 ifHnQL image-embed\"><img alt=\"Perazzo dej\u00f3 de ser el t\u00e9cnico de Temperley (Foto:@TemperleyOK).\" loading=\"lazy\" width=\"720\" height=\"100\" decoding=\"async\" data-nimg=\"1\" src=\"http:\/\/cordobadirecto.com\/wp-content\/uploads\/2024\/11\/temperley-de-la-eleccion-del-presidente-a-las-bajas-y-la-busqueda-de-un-nuevo-tecnico.jpg\"><span class=\"epigraphe\">Perazzo dej\u00f3 de ser el t\u00e9cnico de Temperley (Foto:@TemperleyOK).<\/span><\/div>\n<div class=\"custom-text \" readability=\"40\">\n<p>A su vez, varios jugadores que fueron importantes durante el \u00faltimo a\u00f1o ya confirmaron su salida: <strong>Jorge Scolari, Juan Pablo Segovia, Juan Imbert, Francisco Ilarregui, Emanuel Ib\u00e1\u00f1ez y Nicol\u00e1s Da Campo<\/strong>. Algunos con m\u00e1s participaci\u00f3n que otros, pero todos sumaron muchos minutos en el 2024.<\/p>\n<\/div>\n<p><h2><strong>El a\u00f1o de Temperley<\/strong><\/h2>\n<\/p>\n<div class=\"custom-text \" readability=\"35.006734006734\">\n<p>El Gasolero vivi\u00f3 <strong>dos realidades distintas en las competencias que disput\u00f3<\/strong>: por un lado, la irregularidad en la <a href=\"https:\/\/www.ole.com.ar\/tema\/primera-nacional.html\" title=\"Primera Nacional\" alt=\"Primera Nacional\" class=\"slug\">Primera Nacional<\/a> que lo llev\u00f3 a quedar lejos de la zona de clasificaci\u00f3n al Reducido. Por el otro, la gran performance en Copa Argentina, eliminando a clubes de la Liga Profesional.<\/p>\n<\/div>\n<div class=\"custom-text \" readability=\"39\">\n<p>Claro, porque en el torneo, Temperley no dio muestras de seguridad. Pese a ser el segundo equipo con menos derrotas de la Zona B, empat\u00f3 la mitad de los partidos que jug\u00f3 y <strong>nunca pudo mantener una constancia que le permita prenderse en los puestos altos<\/strong>: qued\u00f3 a seis de Gimnasia y Tiro, el \u00faltimo clasificado.<\/p>\n<\/div>\n<div class=\"custom-text \" readability=\"41\">\n<p>Pero en la Copa, al menos con lo que se preve\u00eda en un principio, la t\u00f3nica fue distinta. Primero, elimin\u00f3 a Sarmiento por penales; despu\u00e9s, <strong>meti\u00f3 el batacazo por la misma v\u00eda ante el River de Demichelis<\/strong>; y por \u00faltimo, tach\u00f3 a Mitre (SdE), tambi\u00e9n por penales. Qued\u00f3 afuera con Central C\u00f3rdoba (SdE) en cuartos de final: el Ferroviario se lo dio vuelta y pas\u00f3 a semis.<\/p>\n<\/div>\n<div class=\"sc-e7b891c4-0 ifHnQL image-embed\"><img alt=\"Temperley hizo una gran Copa Argentina (Foto: Pablo Rios).\" loading=\"lazy\" width=\"720\" height=\"100\" decoding=\"async\" data-nimg=\"1\" src=\"http:\/\/cordobadirecto.com\/wp-content\/uploads\/2024\/11\/temperley-de-la-eleccion-del-presidente-a-las-bajas-y-la-busqueda-de-un-nuevo-tecnico-1.jpg\"><span class=\"epigraphe\">Temperley hizo una gran Copa Argentina (Foto: Pablo Rios).<\/span><\/div>\n<div class=\"sc-a7166897-0 eoLsBE\" readability=\"6\">\n<section readability=\"2\"><picture><img alt=\"Los dos equipos del Ascenso que disputar\u00e1n un Trofeo de Campeones\" loading=\"lazy\" width=\"290\" height=\"290\" decoding=\"async\" data-nimg=\"1\" src=\"http:\/\/cordobadirecto.com\/wp-content\/uploads\/2024\/11\/temperley-de-la-eleccion-del-presidente-a-las-bajas-y-la-busqueda-de-un-nuevo-tecnico-2.jpg\"><\/picture>\n<p><span>Mir\u00e1 tambi\u00e9n<\/span><\/p>\n<hr>\n<h3>Los dos equipos del Ascenso que disputar\u00e1n un Trofeo de Campeones<\/h3>\n<\/p>\n<\/section>\n<\/div>\n<div class=\"sc-a7166897-0 eoLsBE\" readability=\"6\">\n<section readability=\"2\"><picture><img alt=\"Ascendi\u00f3 a Riestra a Primera y confirm\u00f3 su continuidad en el Nacional\" loading=\"lazy\" width=\"290\" height=\"290\" decoding=\"async\" data-nimg=\"1\" src=\"http:\/\/cordobadirecto.com\/wp-content\/uploads\/2024\/11\/temperley-de-la-eleccion-del-presidente-a-las-bajas-y-la-busqueda-de-un-nuevo-tecnico-3.jpg\"><\/picture>\n<p><span>Mir\u00e1 tambi\u00e9n<\/span><\/p>\n<hr>\n<h3>Ascendi\u00f3 a Riestra a Primera y confirm\u00f3 su continuidad en el Nacional<\/h3>\n<\/p>\n<\/section>\n<\/div>\n<div class=\"sc-a7166897-0 eoLsBE\" readability=\"6.5\">\n<section readability=\"3\"><picture><img alt=\"Casi 24 horas de viaje y dos pasos fronterizos: la odisea que se vive en el Regional Amateur\" loading=\"lazy\" width=\"290\" height=\"290\" decoding=\"async\" data-nimg=\"1\" src=\"http:\/\/cordobadirecto.com\/wp-content\/uploads\/2024\/11\/temperley-de-la-eleccion-del-presidente-a-las-bajas-y-la-busqueda-de-un-nuevo-tecnico-4.jpg\"><\/picture>\n<p><span>Mir\u00e1 tambi\u00e9n<\/span><\/p>\n<hr>\n<h3>Casi 24 horas de viaje y dos pasos fronterizos: la odisea que se vive en el Regional Amateur<\/h3>\n<\/p>\n<\/section>\n<\/div>\n<div class=\"sc-a7166897-0 eoLsBE\" readability=\"6\">\n<section readability=\"2\"><picture><img alt=\"Bombazo en el Nacional: Forestello dej\u00f3 de ser el DT de Gimnasia y Tiro de Salta\" loading=\"lazy\" width=\"290\" height=\"290\" decoding=\"async\" data-nimg=\"1\" src=\"http:\/\/cordobadirecto.com\/wp-content\/uploads\/2024\/11\/temperley-de-la-eleccion-del-presidente-a-las-bajas-y-la-busqueda-de-un-nuevo-tecnico-5.jpg\"><\/picture>\n<p><span>Mir\u00e1 tambi\u00e9n<\/span><\/p>\n<hr>\n<h3>Bombazo en el Nacional: Forestello dej\u00f3 de ser el DT de Gimnasia y Tiro de Salta<\/h3>\n<\/p>\n<\/section>\n<\/div>\n<\/div>\n","protected":false},"excerpt":{"rendered":"<p>28\/11\/2024 17:44hs. Pese a que a\u00fan no finaliz\u00f3 el a\u00f1o, Temperley atraviesa momentos de cambios. No solo por el hecho de que el domingo pasado se realizaron las elecciones presidenciales (gan\u00f3 Alberto Lecchi en una jornada hist\u00f3rica con dos mil socios), sino por una reestructuraci\u00f3n en el plantel profesional. De movida, tendr\u00e1 que buscar un [&hellip;]<\/p>\n","protected":false},"author":1,"featured_media":158943,"comment_status":"closed","ping_status":"closed","sticky":false,"template":"","format":"standard","meta":[],"categories":[21],"tags":[],"_links":{"self":[{"href":"http:\/\/cordobadirecto.com\/index.php\/wp-json\/wp\/v2\/posts\/158942"}],"collection":[{"href":"http:\/\/cordobadirecto.com\/index.php\/wp-json\/wp\/v2\/posts"}],"about":[{"href":"http:\/\/cordobadirecto.com\/index.php\/wp-json\/wp\/v2\/types\/post"}],"author":[{"embeddable":true,"href":"http:\/\/cordobadirecto.com\/index.php\/wp-json\/wp\/v2\/users\/1"}],"replies":[{"embeddable":true,"href":"http:\/\/cordobadirecto.com\/index.php\/wp-json\/wp\/v2\/comments?post=158942"}],"version-history":[{"count":0,"href":"http:\/\/cordobadirecto.com\/index.php\/wp-json\/wp\/v2\/posts\/158942\/revisions"}],"wp:featuredmedia":[{"embeddable":true,"href":"http:\/\/cordobadirecto.com\/index.php\/wp-json\/wp\/v2\/media\/158943"}],"wp:attachment":[{"href":"http:\/\/cordobadirecto.com\/index.php\/wp-json\/wp\/v2\/media?parent=158942"}],"wp:term":[{"taxonomy":"category","embeddable":true,"href":"http:\/\/cordobadirecto.com\/index.php\/wp-json\/wp\/v2\/categories?post=158942"},{"taxonomy":"post_tag","embeddable":true,"href":"http:\/\/cordobadirecto.com\/index.php\/wp-json\/wp\/v2\/tags?post=158942"}],"curies":[{"name":"wp","href":"https:\/\/api.w.org\/{rel}","templated":true}]}}