{"id":158984,"date":"2024-11-30T22:30:37","date_gmt":"2024-11-30T22:30:37","guid":{"rendered":"https:\/\/www.ole.com.ar\/autos\/salio-clasificacion-tc-turismo-carretera-plata-canapino-pole-position_0_CChUhxNvOp.html"},"modified":"2024-11-30T22:30:37","modified_gmt":"2024-11-30T22:30:37","slug":"tc-en-la-plata-en-medio-del-werner-vs-santero-canapino-metio-la-trompa","status":"publish","type":"post","link":"http:\/\/cordobadirecto.com\/index.php\/2024\/11\/30\/tc-en-la-plata-en-medio-del-werner-vs-santero-canapino-metio-la-trompa\/","title":{"rendered":"TC en La Plata: en medio del Werner vs. Santero, Canapino meti\u00f3 la trompa"},"content":{"rendered":"<p><time class=\"createDate\" datetime=\"2024-11-30T19:30:37-03:00\">30\/11\/2024 19:30hs.<\/time><\/p>\n<div id=\"storyBody\">\n<div class=\"custom-text \" readability=\"42\">\n<p>Al llegar al aut\u00f3dromo Roberto Mouras de La Plata, hab\u00eda dos o tres nombres que sonaban m\u00e1s que los del resto. <strong>Mariano Werner, Juli\u00e1n Santero, Santiago Mangoni&#8230; <\/strong>los flashes apuntaban a quienes se disputar\u00e1n la Copa de Oro, que este domingo conocer\u00e1 a su gran campe\u00f3n, y en medio de todo eso hubo un viejo conocido que meti\u00f3 la trompa. <strong>Agust\u00edn Canapino<\/strong>, que sabe una cosa o dos de pelear campeonatos (tiene cuatro, y este a\u00f1o se sum\u00f3 a mitad de temporada por su incursi\u00f3n en la IndyCar) y conquist\u00f3 <strong>la \u00faltima pole position del a\u00f1o.<\/strong><\/p>\n<\/div>\n<div class=\"custom-text \" readability=\"40\">\n<p>Hay que aclarar que no hizo el mejor tiempo, debido a que Juan Mart\u00edn Trucco (Dodge) se hab\u00eda quedado con el #1 pero le fue despojado por <strong>una anomal\u00eda en uno de los elementos aerodin\u00e1micos <\/strong>(De la Iglesia, tambi\u00e9n a bordo de un Challenger, hab\u00eda sido 3\u00b0 y sufri\u00f3 el mismo destino). De este modo, con una vuelta top de 1m23s974, <strong>un Tit\u00e1n que volvi\u00f3 para quedarse largar\u00e1 en lo m\u00e1s alto de su serie.<\/strong><\/p>\n<\/div>\n<div class=\"sc-e7b891c4-0 ifHnQL image-embed\"><img alt=\"Agust\u00edn Canapino hizo la pole position en La Plata. (Prensa ACTC Turismo Carretera)\" loading=\"lazy\" width=\"720\" height=\"100\" decoding=\"async\" data-nimg=\"1\" src=\"http:\/\/cordobadirecto.com\/wp-content\/uploads\/2024\/12\/tc-en-la-plata-en-medio-del-werner-vs-santero-canapino-metio-la-trompa.jpg\"><span class=\"epigraphe\">Agust\u00edn Canapino hizo la pole position en La Plata. (Prensa ACTC Turismo Carretera)<\/span><\/div>\n<div class=\"custom-text \" readability=\"43\">\n<p><strong>\u00bfY qu\u00e9 fue de los candidatos al t\u00edtulo?<\/strong> Werner, tricampe\u00f3n que va por el tetra (lidera con 167,5 puntos), consigui\u00f3 un 12\u00b0 puesto por el que partir\u00e1 en la segunda fila de la tercera bater\u00eda.<strong> Su perseguidor m\u00e1s cercano, Santero (155), tiene razones para sonre\u00edr<\/strong>: fue 3\u00b0, liderar\u00e1 la \u00faltima serie -si, compartir\u00e1n grupo- y sabe que el ganador sumar\u00e1 7,5 unidades. Una buena oportunidad para empezar a descontar&#8230;<\/p>\n<\/div>\n<p><h2><strong>La definici\u00f3n del TC en La Plata: horario y d\u00f3nde ver por TV<\/strong><\/h2>\n<\/p>\n<div class=\"custom-text \" readability=\"41\">\n<p>Este domingo se disputar\u00e1n las tres series y la final del TC. Las bater\u00edas se pondr\u00e1n en marcha a las <strong>10.05, 10.30 y 10.55<\/strong>, otorgando 7,5 puntos para el ganador de cada una. Por su parte, la carrera que decidir\u00e1 al campe\u00f3n <strong>se largar\u00e1 a las 13.50<\/strong>, coincidiendo con la de la F\u00f3rmula 1 por un rato -Colapinto correr\u00e1 a las 13 en Qatar-, y el que se la quede sumar\u00e1 60 porotos. <strong>Todo ser\u00e1 televisado por TV P\u00fablica.<\/strong><\/p>\n<\/div>\n<div class=\"sc-e7b891c4-0 ifHnQL image-embed\"><img alt=\"Werner gan\u00f3 las \u00faltimas dos fechas y llega dulce. (Prensa ACTC)\" loading=\"lazy\" width=\"720\" height=\"100\" decoding=\"async\" data-nimg=\"1\" src=\"http:\/\/cordobadirecto.com\/wp-content\/uploads\/2024\/12\/tc-en-la-plata-en-medio-del-werner-vs-santero-canapino-metio-la-trompa-1.jpg\"><span class=\"epigraphe\">Werner gan\u00f3 las \u00faltimas dos fechas y llega dulce. (Prensa ACTC)<\/span><\/div>\n<div class=\"sc-a7166897-0 eoLsBE\" readability=\"6\">\n<section readability=\"2\"><picture><img alt=\"C\u00f3mo les fue a Colapinto y sus rivales por un asiento en Red Bull y RB\" loading=\"lazy\" width=\"290\" height=\"290\" decoding=\"async\" data-nimg=\"1\" src=\"http:\/\/cordobadirecto.com\/wp-content\/uploads\/2024\/12\/tc-en-la-plata-en-medio-del-werner-vs-santero-canapino-metio-la-trompa-2.jpg\"><\/picture>\n<p><span>Mir\u00e1 tambi\u00e9n<\/span><\/p>\n<hr>\n<h3>C\u00f3mo les fue a Colapinto y sus rivales por un asiento en Red Bull y RB<\/h3>\n<\/p>\n<\/section>\n<\/div>\n<div class=\"sc-a7166897-0 eoLsBE\" readability=\"6\">\n<section readability=\"2\"><picture><img alt=\"El palo de Colapinto a Williams por el auto: &quot;Se sinti\u00f3 feo de manejar&quot;\" loading=\"lazy\" width=\"290\" height=\"290\" decoding=\"async\" data-nimg=\"1\" src=\"http:\/\/cordobadirecto.com\/wp-content\/uploads\/2024\/12\/tc-en-la-plata-en-medio-del-werner-vs-santero-canapino-metio-la-trompa-3.jpg\"><\/picture>\n<p><span>Mir\u00e1 tambi\u00e9n<\/span><\/p>\n<hr>\n<h3>El palo de Colapinto a Williams por el auto: &#8220;Se sinti\u00f3 feo de manejar&#8221;<\/h3>\n<\/p>\n<\/section>\n<\/div>\n<div class=\"sc-a7166897-0 eoLsBE\" readability=\"6.5\">\n<section readability=\"3\"><picture><img alt=\"Franco Colapinto: una dif\u00edcil clasificaci\u00f3n en el GP de Qatar de la F1 y el objetivo de remontar el domingo\" loading=\"lazy\" width=\"290\" height=\"290\" decoding=\"async\" data-nimg=\"1\" src=\"http:\/\/cordobadirecto.com\/wp-content\/uploads\/2024\/12\/tc-en-la-plata-en-medio-del-werner-vs-santero-canapino-metio-la-trompa-4.jpg\"><\/picture>\n<p><span>Mir\u00e1 tambi\u00e9n<\/span><\/p>\n<hr>\n<h3>Franco Colapinto: una dif\u00edcil clasificaci\u00f3n en el GP de Qatar de la F1 y el objetivo de remontar el domingo<\/h3>\n<\/p>\n<\/section>\n<\/div>\n<div class=\"sc-a7166897-0 eoLsBE\" readability=\"6\">\n<section readability=\"2\"><picture><img alt=\"F1 en Qatar: c\u00f3mo largan Colapinto y sus rivales en la carrera\" loading=\"lazy\" width=\"290\" height=\"290\" decoding=\"async\" data-nimg=\"1\" src=\"http:\/\/cordobadirecto.com\/wp-content\/uploads\/2024\/12\/tc-en-la-plata-en-medio-del-werner-vs-santero-canapino-metio-la-trompa-5.jpg\"><\/picture>\n<p><span>Mir\u00e1 tambi\u00e9n<\/span><\/p>\n<hr>\n<h3>F1 en Qatar: c\u00f3mo largan Colapinto y sus rivales en la carrera<\/h3>\n<\/p>\n<\/section>\n<\/div>\n<div class=\"sc-a7166897-0 eoLsBE\" readability=\"6.5\">\n<section readability=\"3\"><picture><img alt=\"Colapinto, post Sprint en Qatar: &quot;El auto anda mucho mejor&quot;\" loading=\"lazy\" width=\"290\" height=\"290\" decoding=\"async\" data-nimg=\"1\" src=\"http:\/\/cordobadirecto.com\/wp-content\/uploads\/2024\/12\/tc-en-la-plata-en-medio-del-werner-vs-santero-canapino-metio-la-trompa-6.jpg\"><\/picture>\n<p><span>Mir\u00e1 tambi\u00e9n<\/span><\/p>\n<hr>\n<h3>Colapinto, post Sprint en Qatar: &#8220;El auto anda mucho mejor&#8221;<\/h3>\n<\/p>\n<\/section>\n<\/div>\n<\/div>\n","protected":false},"excerpt":{"rendered":"<p>30\/11\/2024 19:30hs. Al llegar al aut\u00f3dromo Roberto Mouras de La Plata, hab\u00eda dos o tres nombres que sonaban m\u00e1s que los del resto. Mariano Werner, Juli\u00e1n Santero, Santiago Mangoni&#8230; los flashes apuntaban a quienes se disputar\u00e1n la Copa de Oro, que este domingo conocer\u00e1 a su gran campe\u00f3n, y en medio de todo eso hubo [&hellip;]<\/p>\n","protected":false},"author":1,"featured_media":158985,"comment_status":"closed","ping_status":"closed","sticky":false,"template":"","format":"standard","meta":[],"categories":[21],"tags":[],"_links":{"self":[{"href":"http:\/\/cordobadirecto.com\/index.php\/wp-json\/wp\/v2\/posts\/158984"}],"collection":[{"href":"http:\/\/cordobadirecto.com\/index.php\/wp-json\/wp\/v2\/posts"}],"about":[{"href":"http:\/\/cordobadirecto.com\/index.php\/wp-json\/wp\/v2\/types\/post"}],"author":[{"embeddable":true,"href":"http:\/\/cordobadirecto.com\/index.php\/wp-json\/wp\/v2\/users\/1"}],"replies":[{"embeddable":true,"href":"http:\/\/cordobadirecto.com\/index.php\/wp-json\/wp\/v2\/comments?post=158984"}],"version-history":[{"count":0,"href":"http:\/\/cordobadirecto.com\/index.php\/wp-json\/wp\/v2\/posts\/158984\/revisions"}],"wp:featuredmedia":[{"embeddable":true,"href":"http:\/\/cordobadirecto.com\/index.php\/wp-json\/wp\/v2\/media\/158985"}],"wp:attachment":[{"href":"http:\/\/cordobadirecto.com\/index.php\/wp-json\/wp\/v2\/media?parent=158984"}],"wp:term":[{"taxonomy":"category","embeddable":true,"href":"http:\/\/cordobadirecto.com\/index.php\/wp-json\/wp\/v2\/categories?post=158984"},{"taxonomy":"post_tag","embeddable":true,"href":"http:\/\/cordobadirecto.com\/index.php\/wp-json\/wp\/v2\/tags?post=158984"}],"curies":[{"name":"wp","href":"https:\/\/api.w.org\/{rel}","templated":true}]}}